{"id":9723,"date":"2021-10-12T15:03:09","date_gmt":"2021-10-12T13:03:09","guid":{"rendered":"http:\/\/universiteactu.com\/?p=9723"},"modified":"2021-10-12T15:11:19","modified_gmt":"2021-10-12T13:11:19","slug":"memorandum-des-architectes-amenagement-du-territoire-et-de-lurbanisation-le-president-de-lordre-national-des-architectes-de-guinee-en-parle","status":"publish","type":"post","link":"https:\/\/universiteactu.com\/?p=9723","title":{"rendered":"M\u00e9morandum des Architectes; Am\u00e9nagement du territoire et de l\u2019urbanisation: le Pr\u00e9sident de l\u2019Ordre National des Architectes de Guin\u00e9e en parle !"},"content":{"rendered":"\n<p class=\"has-drop-cap\">Dans une interview accord\u00e9e \u00e0 notre r\u00e9daction, le Pr\u00e9sident de l\u2019ordre<br>national des architectes de Guin\u00e9e salue les consultations nationales<br>organis\u00e9es par les nouvelles autorit\u00e9s du pays. Selon Boubacar BAH le<br>m\u00e9morandum des architectes de Guin\u00e9e transmis au CNRD se r\u00e9sume \u00e0 deux volets. Par ailleurs l\u2019architecte d\u00e9nonce certaines pratiques dans le cadre de l\u2019am\u00e9nagement du territoire et de l\u2019urbanisation. Lisez !<\/p>\n\n\n\n<figure class=\"wp-block-image size-large\"><img decoding=\"async\" loading=\"lazy\" width=\"1024\" height=\"768\" src=\"http:\/\/universiteactu.com\/wp-content\/uploads\/2021\/10\/20211006_124549-1024x768.jpg\" alt=\"\" class=\"wp-image-9705\" srcset=\"https:\/\/universiteactu.com\/wp-content\/uploads\/2021\/10\/20211006_124549-1024x768.jpg 1024w, https:\/\/universiteactu.com\/wp-content\/uploads\/2021\/10\/20211006_124549-300x225.jpg 300w, https:\/\/universiteactu.com\/wp-content\/uploads\/2021\/10\/20211006_124549-768x576.jpg 768w, https:\/\/universiteactu.com\/wp-content\/uploads\/2021\/10\/20211006_124549-1536x1152.jpg 1536w, https:\/\/universiteactu.com\/wp-content\/uploads\/2021\/10\/20211006_124549-2048x1536.jpg 2048w, https:\/\/universiteactu.com\/wp-content\/uploads\/2021\/10\/20211006_124549-560x420.jpg 560w, https:\/\/universiteactu.com\/wp-content\/uploads\/2021\/10\/20211006_124549-80x60.jpg 80w, https:\/\/universiteactu.com\/wp-content\/uploads\/2021\/10\/20211006_124549-100x75.jpg 100w, https:\/\/universiteactu.com\/wp-content\/uploads\/2021\/10\/20211006_124549-180x135.jpg 180w, https:\/\/universiteactu.com\/wp-content\/uploads\/2021\/10\/20211006_124549-238x178.jpg 238w, https:\/\/universiteactu.com\/wp-content\/uploads\/2021\/10\/20211006_124549-640x480.jpg 640w, https:\/\/universiteactu.com\/wp-content\/uploads\/2021\/10\/20211006_124549-681x511.jpg 681w\" sizes=\"(max-width: 1024px) 100vw, 1024px\" \/><\/figure>\n\n\n\n<p class=\"has-drop-cap\"><strong>Du m\u00e9morandum des architectes\u2026<\/strong><\/p>\n\n\n\n<p><em><strong>\u00ab Son excellence colonel Mamadi Doumbouya, pr\u00e9sident de la transition nous a re\u00e7u lors des consultations nationales, pour nous, c\u2019est un grand privil\u00e8ge. Nous avons exprim\u00e9 notre vision de transition. Ce m\u00e9morandum a deux volets. Le premier concerne la p\u00e9riode de transition, les organes qu\u2019il faut mettre en place pour la transition. Au niveau de ce volet nous avons dit qu\u2019il fallait un CNT qui va jouer le r\u00f4le de l\u2019Assembl\u00e9e nationale provisoire. Dans ce conseil, toutes les couches doivent \u00eatre repr\u00e9sent\u00e9es. Nous avons exprim\u00e9s notre vision du profil du Premier ministre. <\/strong><\/em><\/p>\n\n\n\n<p><em><strong>Nous, nous avons estim\u00e9 qu\u2019il faut un cadre sup\u00e9rieur qui a une exp\u00e9rience av\u00e9r\u00e9e qui conna\u00eet tr\u00e8s bien notre pays ; la sociologie, la culture, les coutumes. Vous savez on ne peut diriger un pays sans connaitre l\u2019histoire ou bien sa sociologie. Il faut connaitre les gens que tu diriges, avec une probit\u00e9 morale irr\u00e9prochable et une capacit\u00e9 intellectuelle av\u00e9r\u00e9e. On a donc donn\u00e9 aussi le profil des futurs ministres. L\u00e0 aussi des cadres qui ne souffrent d\u2019aucun reproche et qui ne soient pas impliqu\u00e9s dans des malversations, qui soient int\u00e8gres et comp\u00e9tents aussi.<\/strong><\/em> <\/p>\n\n\n\n<p><em><strong>Nous avons estim\u00e9 aussi que le CNRD joue un r\u00f4le important, puisqu\u2019il est charg\u00e9 de r\u00e9diger une nouvelle constitution. Pour cela, nous avons dit qu\u2019il faut doter la Guin\u00e9e d\u2019une constitution qui soit d\u00e9mocratique tr\u00e8s fiable qui r\u00e9pondent \u00e0 l\u2019aspiration des citoyens Guin\u00e9ens qui tient compte de la sociologie, de la culture, de l\u2019histoire de notre pays, mais aussi qui est ouvert \u00e0 la modernit\u00e9 et aussi qui s\u00e9curise notre pays et ses citoyens. Et que cette constitution puisse r\u00e9sister aux \u00e9preuves du temps, pour ne pas qu\u2019elle ne soit toujours r\u00e9vis\u00e9e pour l\u2019adapter \u00e0 la r\u00e9alit\u00e9.<\/strong><\/em> <em><strong>Le deuxi\u00e8me grand volet concernait le cadre sp\u00e9cifique de<br>l\u2019am\u00e9nagement du territoire. Vous voyez aujourd\u2019hui le d\u00e9sordre que<br>nous vivons dans toutes nos villes. <\/strong><\/em><\/p>\n\n\n\n<p><em><strong>Le cas le plus illustratifs de ce d\u00e9sordre, c\u2019est notre capital. Nous avons une ville \u00e9tendue qui a \u00e0 peu pr\u00e8s 3 millions d\u2019habitants, c\u2019est \u00e9norme. C\u2019est presque le tiers de la population guin\u00e9enne qui se trouve \u00e0 Conakry. Cela engendre des habitats pr\u00e9caires. Etant donn\u00e9 aussi que l\u2019Etat n\u2019est pas bien organis\u00e9, la ville n\u2019a pas \u00e9t\u00e9 planifi\u00e9e et puis \u00e7a ne s\u2019adapte pas aux nouvelles r\u00e9alit\u00e9s. Donc nous avons des probl\u00e8mes de mobilit\u00e9s, d\u2019inondations, d\u2019occupation anarchique des bordures de mer. Aujourd\u2019hui Conakry est l\u2019une des rares villes si ce n\u2019est m\u00eame la seule ville qui ne dispose pas de corniche par ce que celle qui existait est obstru\u00e9e par les constructions anarchiques de b\u00e2timents occup\u00e9s par des particuliers, c\u2019est une situation extr\u00eamement grave.<\/strong><\/em><\/p>\n\n\n\n<p><em><strong>Il y a ce probl\u00e8me de mobilit\u00e9 qui est aussi extr\u00eamement grave. Kaloum<br>le centre-ville c\u2019est l\u2019extr\u00e9mit\u00e9, si le matin tout le monde doit<\/strong><\/em> <em><strong>descendre \u00e0 Kaloum, c\u2019est extr\u00eamement compliqu\u00e9, cela engendre des embouteillages, la pollution. Vous avez vu l\u2019occupation anarchique des<br>carrefours o\u00f9 des march\u00e9s sont transport\u00e9s qui ne r\u00e9pondent \u00e0<\/strong><\/em> <em><strong>aucune norme des circulations dans les rues de Conakry. Donc tout \u00e7a, ce sont des \u00e9normes probl\u00e8mes qu\u2019il va falloir r\u00e9gler vite, si non la capitale est bloqu\u00e9e \u00e0 tous les niveaux avec d\u2019inondations des embouteillages. Quand on passe toute la journ\u00e9e sur la route on ne peut pas travailler, et cela entraine le retard. S\u2019il n\u2019y a pas de travail, il ne peut y avoir de d\u00e9veloppement \u00bb.<\/strong><\/em><\/p>\n\n\n\n<p class=\"has-drop-cap\"><strong>Des constructions anarchiques\u2026<\/strong><\/p>\n\n\n\n<figure class=\"wp-block-image size-large\"><img decoding=\"async\" loading=\"lazy\" width=\"1024\" height=\"768\" src=\"http:\/\/universiteactu.com\/wp-content\/uploads\/2021\/10\/20211006_124636-1024x768.jpg\" alt=\"\" class=\"wp-image-9707\" srcset=\"https:\/\/universiteactu.com\/wp-content\/uploads\/2021\/10\/20211006_124636-1024x768.jpg 1024w, https:\/\/universiteactu.com\/wp-content\/uploads\/2021\/10\/20211006_124636-300x225.jpg 300w, https:\/\/universiteactu.com\/wp-content\/uploads\/2021\/10\/20211006_124636-768x576.jpg 768w, https:\/\/universiteactu.com\/wp-content\/uploads\/2021\/10\/20211006_124636-1536x1152.jpg 1536w, https:\/\/universiteactu.com\/wp-content\/uploads\/2021\/10\/20211006_124636-2048x1536.jpg 2048w, https:\/\/universiteactu.com\/wp-content\/uploads\/2021\/10\/20211006_124636-560x420.jpg 560w, https:\/\/universiteactu.com\/wp-content\/uploads\/2021\/10\/20211006_124636-80x60.jpg 80w, https:\/\/universiteactu.com\/wp-content\/uploads\/2021\/10\/20211006_124636-100x75.jpg 100w, https:\/\/universiteactu.com\/wp-content\/uploads\/2021\/10\/20211006_124636-180x135.jpg 180w, https:\/\/universiteactu.com\/wp-content\/uploads\/2021\/10\/20211006_124636-238x178.jpg 238w, https:\/\/universiteactu.com\/wp-content\/uploads\/2021\/10\/20211006_124636-640x480.jpg 640w, https:\/\/universiteactu.com\/wp-content\/uploads\/2021\/10\/20211006_124636-681x511.jpg 681w\" sizes=\"(max-width: 1024px) 100vw, 1024px\" \/><\/figure>\n\n\n\n<p><em><strong>\u00ab Une ville doit \u00eatre planifi\u00e9e. Dans cette planification, il faut<br>d\u00e9finir les zones. Les zones qui doivent abriter les centres<br>administratifs, les zones qui doivent abriter les centres culturels,<br>les centres industriels, les habitations collectives, les habitations<br>individuelles, les espaces verts, tout \u00e7a doit \u00eatre d\u00e9finis. Ensuite,<br>on passe au projet d\u2019urbanisation, en tenant compte de la planification. Dans l\u2019urbanisme, dans chaque zone on d\u00e9finit la cat\u00e9gorie de b\u00e2timent que nous voulons, ici c\u2019est un lieu pour le sport, l\u00e0 c\u2019est pour la culture, l\u00e0 c\u2019est pour un h\u00f4pital, cet endroit c\u2019est pour l\u2019espace vert.\u2026<\/strong><\/em><\/p>\n\n\n\n<p><em><strong>Il faut qu\u2019on d\u00e9finisse un temps moyen de circulation, par exemple<br>quand je dois aller \u00e0 mon lieu de travail, que le temps ne d\u00e9passe pas<br>20 minutes.<\/strong><\/em><\/p>\n\n\n\n<p><em><strong>Mais tout \u00e7a, c\u2019est le travail de l\u2019Etat \u00e0 travers son minist\u00e8re de<br>l\u2019Am\u00e9nagement du territoire et de l\u2019Urbanisme qui doit diligenter et<br>coordonner tout \u00bb.<\/strong><\/em><\/p>\n\n\n\n<p class=\"has-drop-cap\"><strong>Bana SIDIBE, l\u2019un des meilleurs ministres du d\u00e9partement de<br>l\u2019Am\u00e9nagement du territoire<\/strong>.<\/p>\n\n\n\n<p><em><strong>\u00ab Lui (Bana Sidib\u00e9, ancien ministre de l\u2019Am\u00e9nagement du territoire)<br>quand m\u00eame quand il est venu, ils ont \u00e9labor\u00e9 le premier sch\u00e9ma<br>directeur de Conakry, qui a abouti \u00e0 l\u2019ouverture des autoroutes<br>Le prince par exemple, les diff\u00e9rentes transversales, c\u2019\u00e9tait salutaire, cela a contribu\u00e9 \u00e0 la facilit\u00e9 de la mobilit\u00e9 \u00e0 Conakry.<\/strong><\/em><\/p>\n\n\n\n<p><em><strong>Ensuite il \u00e9tait technocrate et architecte et \u00e7a produit un r\u00e9sultat.<br>Apr\u00e8s lui il y a eu des politiques, qui n\u2019ont pas appliqu\u00e9 ce sch\u00e9ma \u00e0<br>100%, c\u2019est en partie que ce sch\u00e9ma a \u00e9t\u00e9 appliqu\u00e9e. Les occupations<br>anarchiques ont commenc\u00e9 avec certains ministres qui ne sont pas du<br>secteur, qui sont politiques, ils se sont occup\u00e9s de lotissement, ils<br>ont an\u00e9antis la plupart ce sch\u00e9ma directeur et cela nous a conduit<br>dans cette anarchie que nous sommes en train de vivre aujourd\u2019hui \u00bb.<\/strong><\/em><\/p>\n\n\n\n<p class=\"has-drop-cap\"><strong>Un message aux gouvernants et gouvern\u00e9s<\/strong><\/p>\n\n\n\n<p><em><strong>\u00ab A l\u2019endroit de la population guin\u00e9enne, il faut qu\u2019elle sache quand<br>il y a des gouvernant c\u2019est pour gouverner les populations pour<br>am\u00e9liorer leur cadre de vie, pour am\u00e9liorer leur \u00e9ducation, leur<br>s\u00e9curit\u00e9, assurer l\u2019\u00e9ducation des enfants et la sant\u00e9 des populations.<br>C\u2019est pourquoi elle doit \u00eatre vigilante par rapport \u00e0 \u00e7a. Si la<br>population ne travaille pas, on ne peut pas avoir de d\u00e9veloppement. C\u2019est la population qui apporte le d\u00e9veloppement.<\/strong><\/em><\/p>\n\n\n\n<p><em><strong>Aux gouvernants, ils doivent savoir qu\u2019ils sont l\u00e0 pour gouverner leur<br>population, faciliter sa vie, am\u00e9liorer son cadre vie \u00bb.<\/strong><\/em><br><br>Propos recueillis par <strong>SOW Telico<\/strong><\/p>\n\n\n\n<p>Tel:<strong> 622 98 10 01<\/strong><\/p>\n","protected":false},"excerpt":{"rendered":"<p>Dans une interview accord\u00e9e \u00e0 notre r\u00e9daction, le Pr\u00e9sident de l\u2019ordrenational des architectes de Guin\u00e9e salue les consultations nationalesorganis\u00e9es par les nouvelles autorit\u00e9s du pays. Selon Boubacar BAH lem\u00e9morandum des architectes de Guin\u00e9e transmis au CNRD se r\u00e9sume \u00e0 deux volets. Par ailleurs l\u2019architecte d\u00e9nonce certaines pratiques dans le cadre de l\u2019am\u00e9nagement du territoire et [&hellip;]<\/p>\n","protected":false},"author":4,"featured_media":9706,"comment_status":"open","ping_status":"open","sticky":false,"template":"","format":"standard","meta":[],"categories":[12,2,15,14,16],"tags":[],"_links":{"self":[{"href":"https:\/\/universiteactu.com\/index.php?rest_route=\/wp\/v2\/posts\/9723"}],"collection":[{"href":"https:\/\/universiteactu.com\/index.php?rest_route=\/wp\/v2\/posts"}],"about":[{"href":"https:\/\/universiteactu.com\/index.php?rest_route=\/wp\/v2\/types\/post"}],"author":[{"embeddable":true,"href":"https:\/\/universiteactu.com\/index.php?rest_route=\/wp\/v2\/users\/4"}],"replies":[{"embeddable":true,"href":"https:\/\/universiteactu.com\/index.php?rest_route=%2Fwp%2Fv2%2Fcomments&post=9723"}],"version-history":[{"count":3,"href":"https:\/\/universiteactu.com\/index.php?rest_route=\/wp\/v2\/posts\/9723\/revisions"}],"predecessor-version":[{"id":9727,"href":"https:\/\/universiteactu.com\/index.php?rest_route=\/wp\/v2\/posts\/9723\/revisions\/9727"}],"wp:featuredmedia":[{"embeddable":true,"href":"https:\/\/universiteactu.com\/index.php?rest_route=\/wp\/v2\/media\/9706"}],"wp:attachment":[{"href":"https:\/\/universiteactu.com\/index.php?rest_route=%2Fwp%2Fv2%2Fmedia&parent=9723"}],"wp:term":[{"taxonomy":"category","embeddable":true,"href":"https:\/\/universiteactu.com\/index.php?rest_route=%2Fwp%2Fv2%2Fcategories&post=9723"},{"taxonomy":"post_tag","embeddable":true,"href":"https:\/\/universiteactu.com\/index.php?rest_route=%2Fwp%2Fv2%2Ftags&post=9723"}],"curies":[{"name":"wp","href":"https:\/\/api.w.org\/{rel}","templated":true}]}}