{"id":9338,"date":"2021-08-26T11:00:14","date_gmt":"2021-08-26T09:00:14","guid":{"rendered":"http:\/\/universiteactu.com\/?p=9338"},"modified":"2021-08-26T11:00:16","modified_gmt":"2021-08-26T09:00:16","slug":"mamou-diaredy-une-candidate-de-cee-foudroyee-et-meurt","status":"publish","type":"post","link":"https:\/\/universiteactu.com\/?p=9338","title":{"rendered":"Mamou\/Diaredy: Une Candidate de CEE foudroy\u00e9e et meurt"},"content":{"rendered":"\n<p class=\"has-drop-cap\">Mariama TALL \u00e2g\u00e9e de 13 ans, \u00c9l\u00e8ve de la 6 \u00e8me Ann\u00e9e \u00e0 l&rsquo;\u00c9cole Primaire de Kouffa dans le district de Diaredy, sous-Pr\u00e9fecture de Teguereya localit\u00e9 situ\u00e9e \u00e0 135 kilom\u00e8tres du chef-lieu de la Pr\u00e9fecture de Mamou a rendu l&rsquo;\u00e2me ce mardi, 24 ao\u00fbt 2021.<\/p>\n\n\n\n<p>Joint au t\u00e9l\u00e9phone par nos confr\u00e8res de l&rsquo;AGP dans la Sous-Pr\u00e9fecture de Teguereya a indiqu\u00e9 que Mariama TALL \u00e9tait sortie sous la pluie pour chercher sa jeune s\u0153ur qui \u00e9tait dehors. <em><strong>\u00ab Elle est morte foudroy\u00e9e. Et cela suite \u00e0 une forte pluie. Du coup les autorit\u00e9s ont \u00e9t\u00e9 inform\u00e9es\u00bb,<\/strong><\/em> a expliqu\u00e9.<\/p>\n\n\n\n<p>Mariama TALL sera inhum\u00e9e ce mercredi 25 ao\u00fbt 2021 au cimeti\u00e8re de Kouffa.<\/p>\n","protected":false},"excerpt":{"rendered":"<p>Mariama TALL \u00e2g\u00e9e de 13 ans, \u00c9l\u00e8ve de la 6 \u00e8me Ann\u00e9e \u00e0 l&rsquo;\u00c9cole Primaire de Kouffa dans le district de Diaredy, sous-Pr\u00e9fecture de Teguereya localit\u00e9 situ\u00e9e \u00e0 135 kilom\u00e8tres du chef-lieu de la Pr\u00e9fecture de Mamou a rendu l&rsquo;\u00e2me ce mardi, 24 ao\u00fbt 2021. Joint au t\u00e9l\u00e9phone par nos confr\u00e8res de l&rsquo;AGP dans la [&hellip;]<\/p>\n","protected":false},"author":4,"featured_media":9339,"comment_status":"open","ping_status":"open","sticky":false,"template":"","format":"standard","meta":[],"categories":[23,2,24,21,22],"tags":[],"_links":{"self":[{"href":"https:\/\/universiteactu.com\/index.php?rest_route=\/wp\/v2\/posts\/9338"}],"collection":[{"href":"https:\/\/universiteactu.com\/index.php?rest_route=\/wp\/v2\/posts"}],"about":[{"href":"https:\/\/universiteactu.com\/index.php?rest_route=\/wp\/v2\/types\/post"}],"author":[{"embeddable":true,"href":"https:\/\/universiteactu.com\/index.php?rest_route=\/wp\/v2\/users\/4"}],"replies":[{"embeddable":true,"href":"https:\/\/universiteactu.com\/index.php?rest_route=%2Fwp%2Fv2%2Fcomments&post=9338"}],"version-history":[{"count":1,"href":"https:\/\/universiteactu.com\/index.php?rest_route=\/wp\/v2\/posts\/9338\/revisions"}],"predecessor-version":[{"id":9340,"href":"https:\/\/universiteactu.com\/index.php?rest_route=\/wp\/v2\/posts\/9338\/revisions\/9340"}],"wp:featuredmedia":[{"embeddable":true,"href":"https:\/\/universiteactu.com\/index.php?rest_route=\/wp\/v2\/media\/9339"}],"wp:attachment":[{"href":"https:\/\/universiteactu.com\/index.php?rest_route=%2Fwp%2Fv2%2Fmedia&parent=9338"}],"wp:term":[{"taxonomy":"category","embeddable":true,"href":"https:\/\/universiteactu.com\/index.php?rest_route=%2Fwp%2Fv2%2Fcategories&post=9338"},{"taxonomy":"post_tag","embeddable":true,"href":"https:\/\/universiteactu.com\/index.php?rest_route=%2Fwp%2Fv2%2Ftags&post=9338"}],"curies":[{"name":"wp","href":"https:\/\/api.w.org\/{rel}","templated":true}]}}