{"id":8502,"date":"2021-07-06T13:22:19","date_gmt":"2021-07-06T11:22:19","guid":{"rendered":"http:\/\/universiteactu.com\/?p=8502"},"modified":"2021-07-06T13:27:23","modified_gmt":"2021-07-06T11:27:23","slug":"jeune-fille-violee-par-son-enseignant-a-labe-lauteur-defere-au-tpi","status":"publish","type":"post","link":"https:\/\/universiteactu.com\/?p=8502","title":{"rendered":"Jeune fille viol\u00e9e par son Enseignant \u00e0 Lab\u00e9: l\u2019auteur d\u00e9f\u00e9r\u00e9 au TPI"},"content":{"rendered":"\n<p class=\"has-drop-cap\">L\u2019Enseignant accus\u00e9 d\u2019avoir viol\u00e9 une fillette de 13 ans dans la commune rurale de Kalan, pr\u00e9fecture de Lab\u00e9, a \u00e9t\u00e9 finalement inculp\u00e9 et plac\u00e9 sous mandat de d\u00e9p\u00f4t. Ce, depuis la semaine derni\u00e8re. L\u2019information a \u00e9t\u00e9 confirm\u00e9e par le procureur pr\u00e8s le Tribunal de Premi\u00e8re de Lab\u00e9, rapporte nos confr\u00e8res de Laguinee.info.<\/p>\n\n\n\n<p><em><strong>\u00ab Le dossier a \u00e9t\u00e9 d\u00e9f\u00e9r\u00e9 \u00e0 notre parquet enfin de semaine et compte tenu du caract\u00e8re criminel de l\u2019affaire, le dossier a \u00e9t\u00e9 orient\u00e9 en information. Le juge d\u2019instruction l\u2019a inculp\u00e9 et l\u2019a a plac\u00e9 sous mandat de d\u00e9p\u00f4t. A l\u2019heure actuelle, les enqu\u00eates se poursuivent et il est inculp\u00e9 pour des faits de viol sur mineure. le droit sera dit au moment opportun. Je vais rassurer les populations de Kalan ainsi que celles de la r\u00e9gion administrative de Lab\u00e9, que le pr\u00e9sum\u00e9 sera jug\u00e9 et condamn\u00e9 \u00e0 la hauteur de sa forfaiture \u00bb, <\/strong><\/em>a dit Patrice Komah KOIVOGUI, procureur du tribunal de premi\u00e8re instance de Lab\u00e9.<\/p>\n","protected":false},"excerpt":{"rendered":"<p>L\u2019Enseignant accus\u00e9 d\u2019avoir viol\u00e9 une fillette de 13 ans dans la commune rurale de Kalan, pr\u00e9fecture de Lab\u00e9, a \u00e9t\u00e9 finalement inculp\u00e9 et plac\u00e9 sous mandat de d\u00e9p\u00f4t. Ce, depuis la semaine derni\u00e8re. L\u2019information a \u00e9t\u00e9 confirm\u00e9e par le procureur pr\u00e8s le Tribunal de Premi\u00e8re de Lab\u00e9, rapporte nos confr\u00e8res de Laguinee.info. \u00ab Le dossier [&hellip;]<\/p>\n","protected":false},"author":4,"featured_media":8503,"comment_status":"open","ping_status":"open","sticky":false,"template":"","format":"standard","meta":[],"categories":[23,2,24,21,22],"tags":[],"_links":{"self":[{"href":"https:\/\/universiteactu.com\/index.php?rest_route=\/wp\/v2\/posts\/8502"}],"collection":[{"href":"https:\/\/universiteactu.com\/index.php?rest_route=\/wp\/v2\/posts"}],"about":[{"href":"https:\/\/universiteactu.com\/index.php?rest_route=\/wp\/v2\/types\/post"}],"author":[{"embeddable":true,"href":"https:\/\/universiteactu.com\/index.php?rest_route=\/wp\/v2\/users\/4"}],"replies":[{"embeddable":true,"href":"https:\/\/universiteactu.com\/index.php?rest_route=%2Fwp%2Fv2%2Fcomments&post=8502"}],"version-history":[{"count":1,"href":"https:\/\/universiteactu.com\/index.php?rest_route=\/wp\/v2\/posts\/8502\/revisions"}],"predecessor-version":[{"id":8504,"href":"https:\/\/universiteactu.com\/index.php?rest_route=\/wp\/v2\/posts\/8502\/revisions\/8504"}],"wp:featuredmedia":[{"embeddable":true,"href":"https:\/\/universiteactu.com\/index.php?rest_route=\/wp\/v2\/media\/8503"}],"wp:attachment":[{"href":"https:\/\/universiteactu.com\/index.php?rest_route=%2Fwp%2Fv2%2Fmedia&parent=8502"}],"wp:term":[{"taxonomy":"category","embeddable":true,"href":"https:\/\/universiteactu.com\/index.php?rest_route=%2Fwp%2Fv2%2Fcategories&post=8502"},{"taxonomy":"post_tag","embeddable":true,"href":"https:\/\/universiteactu.com\/index.php?rest_route=%2Fwp%2Fv2%2Ftags&post=8502"}],"curies":[{"name":"wp","href":"https:\/\/api.w.org\/{rel}","templated":true}]}}