{"id":8474,"date":"2021-07-03T19:03:55","date_gmt":"2021-07-03T17:03:55","guid":{"rendered":"http:\/\/universiteactu.com\/?p=8474"},"modified":"2021-07-03T19:03:57","modified_gmt":"2021-07-03T17:03:57","slug":"kindia-enseignement-superieure-le-ministre-detat-aboubacar-sylla-visite-luniversite-et-les-trois-centres-de-recherche","status":"publish","type":"post","link":"https:\/\/universiteactu.com\/?p=8474","title":{"rendered":"Kindia\/Enseignement Sup\u00e9rieure: Le Ministre d&rsquo;Etat, Aboubacar SYLLA visite l&rsquo;Universit\u00e9  et les trois Centres de Recherche"},"content":{"rendered":"\n<p class=\"has-drop-cap\">Cette pr\u00e9sence s&rsquo;inscrit dans le cadre de la Visite des Institutions relevant de son d\u00e9partement, notamment l&rsquo;Universit\u00e9 de Kindia, l&rsquo;IRBAG de Pastoria, le CREDEB et l&rsquo;ITAG de Friguiagb\u00e9.<\/p>\n\n\n\n<figure class=\"wp-block-image size-large\"><img decoding=\"async\" loading=\"lazy\" width=\"552\" height=\"368\" src=\"http:\/\/universiteactu.com\/wp-content\/uploads\/2021\/07\/FB_IMG_1625329161695.jpg\" alt=\"\" class=\"wp-image-8461\" srcset=\"https:\/\/universiteactu.com\/wp-content\/uploads\/2021\/07\/FB_IMG_1625329161695.jpg 552w, https:\/\/universiteactu.com\/wp-content\/uploads\/2021\/07\/FB_IMG_1625329161695-300x200.jpg 300w\" sizes=\"(max-width: 552px) 100vw, 552px\" \/><\/figure>\n\n\n\n<figure class=\"wp-block-image size-large\"><img decoding=\"async\" loading=\"lazy\" width=\"552\" height=\"368\" src=\"http:\/\/universiteactu.com\/wp-content\/uploads\/2021\/07\/FB_IMG_1625329170837.jpg\" alt=\"\" class=\"wp-image-8463\" srcset=\"https:\/\/universiteactu.com\/wp-content\/uploads\/2021\/07\/FB_IMG_1625329170837.jpg 552w, https:\/\/universiteactu.com\/wp-content\/uploads\/2021\/07\/FB_IMG_1625329170837-300x200.jpg 300w\" sizes=\"(max-width: 552px) 100vw, 552px\" \/><\/figure>\n\n\n\n<p>Accompagn\u00e9 d&rsquo;une forte d\u00e9l\u00e9gation de son d\u00e9partement et des autorit\u00e9s de la r\u00e9gion administrative de Kindia, le ministre se rendra dans la famille de deux \u00c9tudiants disparus le 1er juillet 2021 des suites d&rsquo;un accident de circulation avant de commencer la visite.<\/p>\n\n\n\n<figure class=\"wp-block-image size-large\"><img decoding=\"async\" loading=\"lazy\" width=\"552\" height=\"414\" src=\"http:\/\/universiteactu.com\/wp-content\/uploads\/2021\/07\/FB_IMG_1625329100030.jpg\" alt=\"\" class=\"wp-image-8459\" srcset=\"https:\/\/universiteactu.com\/wp-content\/uploads\/2021\/07\/FB_IMG_1625329100030.jpg 552w, https:\/\/universiteactu.com\/wp-content\/uploads\/2021\/07\/FB_IMG_1625329100030-300x225.jpg 300w, https:\/\/universiteactu.com\/wp-content\/uploads\/2021\/07\/FB_IMG_1625329100030-80x60.jpg 80w, https:\/\/universiteactu.com\/wp-content\/uploads\/2021\/07\/FB_IMG_1625329100030-100x75.jpg 100w, https:\/\/universiteactu.com\/wp-content\/uploads\/2021\/07\/FB_IMG_1625329100030-180x135.jpg 180w, https:\/\/universiteactu.com\/wp-content\/uploads\/2021\/07\/FB_IMG_1625329100030-238x178.jpg 238w\" sizes=\"(max-width: 552px) 100vw, 552px\" \/><\/figure>\n\n\n\n<figure class=\"wp-block-image size-large\"><img decoding=\"async\" loading=\"lazy\" width=\"552\" height=\"414\" src=\"http:\/\/universiteactu.com\/wp-content\/uploads\/2021\/07\/FB_IMG_1625329109106.jpg\" alt=\"\" class=\"wp-image-8460\" srcset=\"https:\/\/universiteactu.com\/wp-content\/uploads\/2021\/07\/FB_IMG_1625329109106.jpg 552w, https:\/\/universiteactu.com\/wp-content\/uploads\/2021\/07\/FB_IMG_1625329109106-300x225.jpg 300w, https:\/\/universiteactu.com\/wp-content\/uploads\/2021\/07\/FB_IMG_1625329109106-80x60.jpg 80w, https:\/\/universiteactu.com\/wp-content\/uploads\/2021\/07\/FB_IMG_1625329109106-100x75.jpg 100w, https:\/\/universiteactu.com\/wp-content\/uploads\/2021\/07\/FB_IMG_1625329109106-180x135.jpg 180w, https:\/\/universiteactu.com\/wp-content\/uploads\/2021\/07\/FB_IMG_1625329109106-238x178.jpg 238w\" sizes=\"(max-width: 552px) 100vw, 552px\" \/><\/figure>\n\n\n\n<figure class=\"wp-block-image size-large\"><img decoding=\"async\" src=\"http:\/\/universiteactu.com\/wp-content\/uploads\/2021\/07\/FB_IMG_1625329166114.jpg\" alt=\"\" class=\"wp-image-8462\" \/><\/figure>\n\n\n\n<p>Universiteactu.com<\/p>\n","protected":false},"excerpt":{"rendered":"<p>Cette pr\u00e9sence s&rsquo;inscrit dans le cadre de la Visite des Institutions relevant de son d\u00e9partement, notamment l&rsquo;Universit\u00e9 de Kindia, l&rsquo;IRBAG de Pastoria, le CREDEB et l&rsquo;ITAG de Friguiagb\u00e9. Accompagn\u00e9 d&rsquo;une forte d\u00e9l\u00e9gation de son d\u00e9partement et des autorit\u00e9s de la r\u00e9gion administrative de Kindia, le ministre se rendra dans la famille de deux \u00c9tudiants disparus [&hellip;]<\/p>\n","protected":false},"author":4,"featured_media":8458,"comment_status":"open","ping_status":"open","sticky":false,"template":"","format":"standard","meta":[],"categories":[9,2,13,7,6,8],"tags":[],"_links":{"self":[{"href":"https:\/\/universiteactu.com\/index.php?rest_route=\/wp\/v2\/posts\/8474"}],"collection":[{"href":"https:\/\/universiteactu.com\/index.php?rest_route=\/wp\/v2\/posts"}],"about":[{"href":"https:\/\/universiteactu.com\/index.php?rest_route=\/wp\/v2\/types\/post"}],"author":[{"embeddable":true,"href":"https:\/\/universiteactu.com\/index.php?rest_route=\/wp\/v2\/users\/4"}],"replies":[{"embeddable":true,"href":"https:\/\/universiteactu.com\/index.php?rest_route=%2Fwp%2Fv2%2Fcomments&post=8474"}],"version-history":[{"count":1,"href":"https:\/\/universiteactu.com\/index.php?rest_route=\/wp\/v2\/posts\/8474\/revisions"}],"predecessor-version":[{"id":8475,"href":"https:\/\/universiteactu.com\/index.php?rest_route=\/wp\/v2\/posts\/8474\/revisions\/8475"}],"wp:featuredmedia":[{"embeddable":true,"href":"https:\/\/universiteactu.com\/index.php?rest_route=\/wp\/v2\/media\/8458"}],"wp:attachment":[{"href":"https:\/\/universiteactu.com\/index.php?rest_route=%2Fwp%2Fv2%2Fmedia&parent=8474"}],"wp:term":[{"taxonomy":"category","embeddable":true,"href":"https:\/\/universiteactu.com\/index.php?rest_route=%2Fwp%2Fv2%2Fcategories&post=8474"},{"taxonomy":"post_tag","embeddable":true,"href":"https:\/\/universiteactu.com\/index.php?rest_route=%2Fwp%2Fv2%2Ftags&post=8474"}],"curies":[{"name":"wp","href":"https:\/\/api.w.org\/{rel}","templated":true}]}}