{"id":8140,"date":"2021-06-16T16:41:34","date_gmt":"2021-06-16T14:41:34","guid":{"rendered":"http:\/\/universiteactu.com\/?p=8140"},"modified":"2021-06-16T16:41:36","modified_gmt":"2021-06-16T14:41:36","slug":"guinee-education-les-cadres-de-linrap-rencontre-une-delegation-du-bureau-international-de-leducation-b-i-e","status":"publish","type":"post","link":"https:\/\/universiteactu.com\/?p=8140","title":{"rendered":"Guin\u00e9e\/\u00c9ducation: Les Cadres de l&rsquo;INRAP rencontre une d\u00e9l\u00e9gation du Bureau International de l&rsquo;Education (B.I.E)"},"content":{"rendered":"\n<p class=\"has-drop-cap\">Comme annonc\u00e9 le lundi 14 juin, l&rsquo;\u00e9quipe technique de l&rsquo;Institut National de Recherche et d&rsquo;Action P\u00e9dagogique (INRAP) a re\u00e7u dans la grande salle de conf\u00e9rence les experts du Bureau International de l&rsquo;Education qui est une branche de l&rsquo;UNESCO.\u00a0<\/p>\n\n\n\n<p><br>Apr\u00e8s le message de bienvenue \u00e0 la d\u00e9l\u00e9gation, Monsieur Siriky DIABY, Directeur G\u00e9n\u00e9ral de l&rsquo;Institut National de Recherche et d&rsquo;Action P\u00e9dagogique (INRAP) avant d&rsquo;annoncer le d\u00e9marrage des travaux des deux parties a expliqu\u00e9 les attributions de son Institution.<\/p>\n\n\n\n<p>\u00c0 l&rsquo;issue donc de la rencontre des deux parties, il est convenu ce qui suit :<\/p>\n\n\n\n<p>\u25a0 L&rsquo;\u00e9quipement et le renforcement de capacit\u00e9s des cadres de l&rsquo;INRAP d&rsquo;une part et de l&rsquo;autre,<\/p>\n\n\n\n<p>\u25a0 L&rsquo;\u00e9laboration de curriculum pour le pr\u00e9scolaire et l&rsquo;\u00e9l\u00e9mentaire ,<\/p>\n\n\n\n<p>\u25a0 Apr\u00e8s le renforcement de capacit\u00e9s, la r\u00e9\u00e9criture des programmes du Secondaire en rapport avec les Technologies innovantes sera assur\u00e9e par les cadres de l&rsquo;INRAP.<\/p>\n\n\n\n<p><em><strong>NB: <\/strong><\/em>Ce travail entrepris par l&rsquo;INRAP n&rsquo;est pas li\u00e9 aux \u00e9tats g\u00e9n\u00e9raux de l&rsquo;\u00c9ducation Nationale annonc\u00e9s en Conseil des Ministres. C&rsquo;est une politique \u00c9ducative propre au Minist\u00e8re de tutelle.\u00a0<\/p>\n\n\n\n<p>CC\/INRAP.<\/p>\n","protected":false},"excerpt":{"rendered":"<p>Comme annonc\u00e9 le lundi 14 juin, l&rsquo;\u00e9quipe technique de l&rsquo;Institut National de Recherche et d&rsquo;Action P\u00e9dagogique (INRAP) a re\u00e7u dans la grande salle de conf\u00e9rence les experts du Bureau International de l&rsquo;Education qui est une branche de l&rsquo;UNESCO.\u00a0 Apr\u00e8s le message de bienvenue \u00e0 la d\u00e9l\u00e9gation, Monsieur Siriky DIABY, Directeur G\u00e9n\u00e9ral de l&rsquo;Institut National de [&hellip;]<\/p>\n","protected":false},"author":4,"featured_media":8141,"comment_status":"open","ping_status":"open","sticky":false,"template":"","format":"standard","meta":[],"categories":[23,2,24,21,22],"tags":[],"_links":{"self":[{"href":"https:\/\/universiteactu.com\/index.php?rest_route=\/wp\/v2\/posts\/8140"}],"collection":[{"href":"https:\/\/universiteactu.com\/index.php?rest_route=\/wp\/v2\/posts"}],"about":[{"href":"https:\/\/universiteactu.com\/index.php?rest_route=\/wp\/v2\/types\/post"}],"author":[{"embeddable":true,"href":"https:\/\/universiteactu.com\/index.php?rest_route=\/wp\/v2\/users\/4"}],"replies":[{"embeddable":true,"href":"https:\/\/universiteactu.com\/index.php?rest_route=%2Fwp%2Fv2%2Fcomments&post=8140"}],"version-history":[{"count":1,"href":"https:\/\/universiteactu.com\/index.php?rest_route=\/wp\/v2\/posts\/8140\/revisions"}],"predecessor-version":[{"id":8142,"href":"https:\/\/universiteactu.com\/index.php?rest_route=\/wp\/v2\/posts\/8140\/revisions\/8142"}],"wp:featuredmedia":[{"embeddable":true,"href":"https:\/\/universiteactu.com\/index.php?rest_route=\/wp\/v2\/media\/8141"}],"wp:attachment":[{"href":"https:\/\/universiteactu.com\/index.php?rest_route=%2Fwp%2Fv2%2Fmedia&parent=8140"}],"wp:term":[{"taxonomy":"category","embeddable":true,"href":"https:\/\/universiteactu.com\/index.php?rest_route=%2Fwp%2Fv2%2Fcategories&post=8140"},{"taxonomy":"post_tag","embeddable":true,"href":"https:\/\/universiteactu.com\/index.php?rest_route=%2Fwp%2Fv2%2Ftags&post=8140"}],"curies":[{"name":"wp","href":"https:\/\/api.w.org\/{rel}","templated":true}]}}