{"id":7729,"date":"2021-05-11T12:45:16","date_gmt":"2021-05-11T10:45:16","guid":{"rendered":"http:\/\/universiteactu.com\/?p=7729"},"modified":"2021-05-11T12:45:17","modified_gmt":"2021-05-11T10:45:17","slug":"enseignement-superieure-formation-des-formateurs-les-enseignants-abandonnes-a-leur-triste-sort","status":"publish","type":"post","link":"https:\/\/universiteactu.com\/?p=7729","title":{"rendered":"Enseignement Sup\u00e9rieure\/Formation des formateurs: Les Enseignants  abandonn\u00e9s \u00e0 leur triste sort"},"content":{"rendered":"\n<p class=\"has-drop-cap\"><strong>Initi\u00e9 en 2017 par l\u2019ex ministre de l\u2019Enseignement sup\u00e9rieur et de la recherche scientifique, Abdoulaye Y\u00e9ro BALDE dans le but de renforcer la capacit\u00e9 p\u00e9dagogique des enseignants-chercheurs guin\u00e9ens en les envoyant suivre des formations \u00e0 l\u2019\u00e9tranger, ces enseignants chercheurs boursiers de l\u2019\u00c9tat sont de nos jours, oblig\u00e9s d\u2019arr\u00eater les cours par faute de subvention.<\/strong><\/p>\n\n\n\n<p>Ils se plaignent du gel de leurs subventions qui leur permettraient de poursuivre leurs \u00e9tudes de perfectionnement \u00e0 l\u2019\u00e9tranger.<\/p>\n\n\n\n<p>\u00c9voluant pour la plupart au S\u00e9n\u00e9gal, au Burkina Faso et en France, ces enseignants disent avoir entam\u00e9 plusieurs d\u00e9marches pour l\u2019obtention de leurs subventions depuis le mois d\u2019octobre dernier.<\/p>\n\n\n\n<p><ins>Contact\u00e9s sur cette actualit\u00e9, certains se sont confi\u00e9s chez nos confreres de guinee360 en expliquant de fa\u00e7on approfondies, leurs m\u00e9saventures.<\/ins><\/p>\n\n\n\n<p><ins><strong>\u00abNous sommes dans l\u2019impasse depuis la reprise des cours dans les diff\u00e9rents pays de formation plus pr\u00e9cis\u00e9ment depuis septembre 2020 jusqu\u2019\u00e0 maintenant, nous ne sommes pas en possession de nos bourses. Nous tirons le diable par la queue, figurez vous-m\u00eame pour payer les frais de scolarit\u00e9, il a fallu qu\u2019on contracte des dettes ci et l\u00e0. En plus, pour le loyer, on est oblig\u00e9 de mettre de c\u00f4t\u00e9 les \u00e9tudes, pour exercer quelques activit\u00e9s g\u00e9n\u00e9ratrices de revenus. Si cette situation perdure, l\u2019atteinte des objectifs fix\u00e9s par le gouvernement et nos institutions d\u2019enseignement sup\u00e9rieur seraient difficilement atteignables. En r\u00e9sum\u00e9, depuis octobre \u00e0 maintenant, nos avons men\u00e9 plusieurs d\u00e9marches aupr\u00e8s de notre minist\u00e8re tutelle qui nous a fait savoir que le blocus ne d\u00e9pend pas d\u2019eux, qu\u2019\u00e0 leur niveau, ils ont tout pr\u00e9par\u00e9. On a aussi r\u00e9dig\u00e9 des lettres d\u2019informations \u00e0 l\u2019intention de notre ministre, du Premier ministre et du pr\u00e9sident de la R\u00e9publique, mais jusque-l\u00e0 rien\u00bb,<\/strong> t\u00e9moigne l\u2019un des b\u00e9n\u00e9ficiaires du projet d\u00e9nomm\u00e9 \u00ab formation des formateurs \u00bb.<\/ins><\/p>\n\n\n\n<p><ins>Pour cet autre formateur qui s\u00e9journe au Burkina-Faso, depuis l\u2019initiation de ce projet en 2018, plusieurs enseignants notamment jeunes, ont b\u00e9n\u00e9fici\u00e9 d\u2019une bourse qui devait \u00eatre pay\u00e9e en 2 tranches: la premi\u00e8re tranche en premi\u00e8re ann\u00e9e et l\u2019autre \u00e0 la fin de la premi\u00e8re ann\u00e9e chose qui n\u2019a pas \u00e9t\u00e9 respect\u00e9e par le d\u00e9partement de l\u2019Enseignement sup\u00e9rieur.<\/ins><\/p>\n\n\n\n<p><ins><strong>\u00ab Je suis en compagnie d\u2019un <\/strong><\/ins>C<ins><strong>oll\u00e8gue dans le cadre du master 2. Effectivement, l\u2019\u00c9tat a pay\u00e9 notre premi\u00e8re tranche de bourse au mois d\u2019octobre 2019 et nous sommes l\u00e0 depuis novembre de la m\u00eame ann\u00e9e.<br>Nous sommes en deuxi\u00e8me ann\u00e9e et on attend la deuxi\u00e8me tranche depuis ao\u00fbt 2020, voil\u00e0 bient\u00f4t 1 an, rien n\u2019est acquis pendant qu\u2019\u00e0 3 reprises, des justificatifs de notre situation ont \u00e9t\u00e9 demand\u00e9 et d\u00e9pos\u00e9s au minist\u00e8re sans suite.<br>\u00c0 chaque fois que nous approchons quelqu\u2019un ou une source l\u00e0-bas, on nous dit que tout est pr\u00eat et il ne reste plus qu\u2019une diligence au haut niveau.\u00bb<\/strong><\/ins><\/p>\n\n\n\n<p><ins>Pour en savoir davantage sur cette affaire, un reporter de Guinee360 a contact\u00e9 le Directeur G\u00e9n\u00e9ral de l\u2019Enseignement <\/ins>S<ins>up\u00e9rieur. Pr Momo B<\/ins>ANGOURA <ins>\u00a0douane sous un air ironique son minist\u00e8re sur le sort de ces formateurs.<\/ins><\/p>\n\n\n\n<p><strong><ins>\u00abCe n\u2019est pas un probl\u00e8me li\u00e9 \u00e0 Y\u00e9ro B<\/ins>ALDE<ins>. C\u2019est un probl\u00e8me de financement parce que le minist\u00e8re n\u2019a pas re\u00e7u l\u2019argent. Les lignes du budget de 2020 n\u2019ont pas \u00e9t\u00e9 ex\u00e9cut\u00e9es et cela ne d\u00e9pend pas du minist\u00e8re, l\u2019argent n\u2019a pas \u00e9t\u00e9 mis \u00e0 notre disposition donc ce n\u2019est pas un refus, mais si le budget du minist\u00e8re n\u2019a pas \u00e9t\u00e9 ex\u00e9cut\u00e9, la ligne formation des formateurs y est inclue. Qu\u2019est-ce qu\u2019on peut faire ? O\u00f9 on peut prendre cet argent ? Nous ne sommes pas le minist\u00e8re de production.\u00bb<\/ins><\/strong><ins> affirme t-il.<\/ins><\/p>\n\n\n\n<p><ins>Pour l\u2019heure, ces diff\u00e9rents formateurs continuent \u00e0 tirer le diable par la queue sans une lueur d\u2019espoir sur leur sort.<\/ins><\/p>\n","protected":false},"excerpt":{"rendered":"<p>Initi\u00e9 en 2017 par l\u2019ex ministre de l\u2019Enseignement sup\u00e9rieur et de la recherche scientifique, Abdoulaye Y\u00e9ro BALDE dans le but de renforcer la capacit\u00e9 p\u00e9dagogique des enseignants-chercheurs guin\u00e9ens en les envoyant suivre des formations \u00e0 l\u2019\u00e9tranger, ces enseignants chercheurs boursiers de l\u2019\u00c9tat sont de nos jours, oblig\u00e9s d\u2019arr\u00eater les cours par faute de subvention. Ils [&hellip;]<\/p>\n","protected":false},"author":4,"featured_media":7706,"comment_status":"open","ping_status":"open","sticky":false,"template":"","format":"standard","meta":[],"categories":[9,2,13,7,6,8],"tags":[],"_links":{"self":[{"href":"https:\/\/universiteactu.com\/index.php?rest_route=\/wp\/v2\/posts\/7729"}],"collection":[{"href":"https:\/\/universiteactu.com\/index.php?rest_route=\/wp\/v2\/posts"}],"about":[{"href":"https:\/\/universiteactu.com\/index.php?rest_route=\/wp\/v2\/types\/post"}],"author":[{"embeddable":true,"href":"https:\/\/universiteactu.com\/index.php?rest_route=\/wp\/v2\/users\/4"}],"replies":[{"embeddable":true,"href":"https:\/\/universiteactu.com\/index.php?rest_route=%2Fwp%2Fv2%2Fcomments&post=7729"}],"version-history":[{"count":1,"href":"https:\/\/universiteactu.com\/index.php?rest_route=\/wp\/v2\/posts\/7729\/revisions"}],"predecessor-version":[{"id":7730,"href":"https:\/\/universiteactu.com\/index.php?rest_route=\/wp\/v2\/posts\/7729\/revisions\/7730"}],"wp:featuredmedia":[{"embeddable":true,"href":"https:\/\/universiteactu.com\/index.php?rest_route=\/wp\/v2\/media\/7706"}],"wp:attachment":[{"href":"https:\/\/universiteactu.com\/index.php?rest_route=%2Fwp%2Fv2%2Fmedia&parent=7729"}],"wp:term":[{"taxonomy":"category","embeddable":true,"href":"https:\/\/universiteactu.com\/index.php?rest_route=%2Fwp%2Fv2%2Fcategories&post=7729"},{"taxonomy":"post_tag","embeddable":true,"href":"https:\/\/universiteactu.com\/index.php?rest_route=%2Fwp%2Fv2%2Ftags&post=7729"}],"curies":[{"name":"wp","href":"https:\/\/api.w.org\/{rel}","templated":true}]}}