{"id":7657,"date":"2021-04-22T20:14:51","date_gmt":"2021-04-22T18:14:51","guid":{"rendered":"http:\/\/universiteactu.com\/?p=7657"},"modified":"2021-04-22T20:14:54","modified_gmt":"2021-04-22T18:14:54","slug":"gouvernement-aboubacar-sylla-se-decharge-du-porte-parolat","status":"publish","type":"post","link":"https:\/\/universiteactu.com\/?p=7657","title":{"rendered":"Gouvernement: Aboubacar SYLLA se d\u00e9charge du porte-parolat"},"content":{"rendered":"\n<p class=\"has-drop-cap\">Apr\u00e8s trois ann\u00e9es d\u2019exercice, le ministre de l\u2019Enseignement Sup\u00e9rieur et de la Recherche Scientifique Aboubacar SYLLA\u00a0 se d\u00e9charge du porte-parolat pour se consacrer au secteur de l&rsquo;\u00c9ducation. L\u2019annonce a \u00e9t\u00e9 faite jeudi, lors du conseil des ministres.<\/p>\n\n\n\n<p><strong>\u201cLes conclusions de sa concertation avec le Ministre d\u2019Etat, Aboubacar SYLLA, qui apr\u00e8s trois ann\u00e9es d\u2019exercice du porte-parolat du Gouvernement, convient avec lui que cette t\u00e2che soit exerc\u00e9e par un autre Ministre, la charge de coordination du secteur \u00e9ducatif en termes de r\u00e9formes hardies venant de lui \u00eatre confi\u00e9e par Monsieur le Pr\u00e9sident de la R\u00e9publique et le Premier Ministre. Ainsi, apr\u00e8s consultation du chef de l\u2019Etat, une d\u00e9signation d\u2019un nouveau porte-parole interviendra dans les meilleurs d\u00e9lais\u201d,<\/strong> indique le gouvernement dans son compte-rendu du jeudi 22 avril.<\/p>\n","protected":false},"excerpt":{"rendered":"<p>Apr\u00e8s trois ann\u00e9es d\u2019exercice, le ministre de l\u2019Enseignement Sup\u00e9rieur et de la Recherche Scientifique Aboubacar SYLLA\u00a0 se d\u00e9charge du porte-parolat pour se consacrer au secteur de l&rsquo;\u00c9ducation. L\u2019annonce a \u00e9t\u00e9 faite jeudi, lors du conseil des ministres. \u201cLes conclusions de sa concertation avec le Ministre d\u2019Etat, Aboubacar SYLLA, qui apr\u00e8s trois ann\u00e9es d\u2019exercice du porte-parolat [&hellip;]<\/p>\n","protected":false},"author":4,"featured_media":7279,"comment_status":"open","ping_status":"open","sticky":false,"template":"","format":"standard","meta":[],"categories":[9,2,7,6,8],"tags":[],"_links":{"self":[{"href":"https:\/\/universiteactu.com\/index.php?rest_route=\/wp\/v2\/posts\/7657"}],"collection":[{"href":"https:\/\/universiteactu.com\/index.php?rest_route=\/wp\/v2\/posts"}],"about":[{"href":"https:\/\/universiteactu.com\/index.php?rest_route=\/wp\/v2\/types\/post"}],"author":[{"embeddable":true,"href":"https:\/\/universiteactu.com\/index.php?rest_route=\/wp\/v2\/users\/4"}],"replies":[{"embeddable":true,"href":"https:\/\/universiteactu.com\/index.php?rest_route=%2Fwp%2Fv2%2Fcomments&post=7657"}],"version-history":[{"count":1,"href":"https:\/\/universiteactu.com\/index.php?rest_route=\/wp\/v2\/posts\/7657\/revisions"}],"predecessor-version":[{"id":7658,"href":"https:\/\/universiteactu.com\/index.php?rest_route=\/wp\/v2\/posts\/7657\/revisions\/7658"}],"wp:featuredmedia":[{"embeddable":true,"href":"https:\/\/universiteactu.com\/index.php?rest_route=\/wp\/v2\/media\/7279"}],"wp:attachment":[{"href":"https:\/\/universiteactu.com\/index.php?rest_route=%2Fwp%2Fv2%2Fmedia&parent=7657"}],"wp:term":[{"taxonomy":"category","embeddable":true,"href":"https:\/\/universiteactu.com\/index.php?rest_route=%2Fwp%2Fv2%2Fcategories&post=7657"},{"taxonomy":"post_tag","embeddable":true,"href":"https:\/\/universiteactu.com\/index.php?rest_route=%2Fwp%2Fv2%2Ftags&post=7657"}],"curies":[{"name":"wp","href":"https:\/\/api.w.org\/{rel}","templated":true}]}}