{"id":6985,"date":"2021-02-02T09:15:05","date_gmt":"2021-02-02T08:15:05","guid":{"rendered":"http:\/\/universiteactu.com\/?p=6985"},"modified":"2021-02-02T09:19:56","modified_gmt":"2021-02-02T08:19:56","slug":"universite-generale-lansana-conte-de-sonfonia-disparition-dun-coffre-fort-contenant-plus-de-3-milliards","status":"publish","type":"post","link":"https:\/\/universiteactu.com\/?p=6985","title":{"rendered":"Universit\u00e9 G\u00e9n\u00e9rale Lansana CONTE  de Sonfonia : disparition d\u2019un coffre fort contenant plus de 3 milliards"},"content":{"rendered":"\n<p class=\"has-drop-cap\">Rien ne va plus \u00e0 l\u2019Universit\u00e9 G\u00e9n\u00e9ral Lansana CONTE de Sonfonia, les crises se multiplient, chaque jour. Sur toutes les l\u00e8vres, depuis ce lundi matin, la disparition d\u2019un coffre fort contenant une forte somme d\u2019argent. La nouvelle a \u00e9t\u00e9 annonc\u00e9e dans la matin\u00e9e de ce lundi 1er F\u00e9vrier 2020 au personnel de l\u2019Universit\u00e9. Le coffre fort de la billetterie aurait \u00e9t\u00e9 vol\u00e9 dans la nuit du dimanche par des inconnus.<\/p>\n\n\n\n<p>Selon nos sources, le Rectorat, apr\u00e8s avoir annonc\u00e9 la terrible nouvelle aux travailleurs de l&rsquo;Universit\u00e9, a invit\u00e9 chacun \u00e0 ne pas faire fuiter l\u2019information. <strong>\u00ab Le Recteur a fait appel \u00e0 la s\u00e9curit\u00e9 de l\u2019Universit\u00e9 pour faire la lumi\u00e8re sur ce soi-disant vol \u00bb<\/strong> nous a confi\u00e9 une source.<\/p>\n\n\n\n<p>Poursuivant, notre source nous a rappel\u00e9 dans quel contexte les choses se sont pass\u00e9es.<\/p>\n\n\n\n<figure class=\"wp-block-image size-large\"><img decoding=\"async\" loading=\"lazy\" width=\"768\" height=\"1024\" src=\"http:\/\/universiteactu.com\/wp-content\/uploads\/2021\/02\/IMG-20210201-WA0006-768x1024.jpg\" alt=\"\" class=\"wp-image-6988\" srcset=\"https:\/\/universiteactu.com\/wp-content\/uploads\/2021\/02\/IMG-20210201-WA0006-768x1024.jpg 768w, https:\/\/universiteactu.com\/wp-content\/uploads\/2021\/02\/IMG-20210201-WA0006-225x300.jpg 225w, https:\/\/universiteactu.com\/wp-content\/uploads\/2021\/02\/IMG-20210201-WA0006-315x420.jpg 315w, https:\/\/universiteactu.com\/wp-content\/uploads\/2021\/02\/IMG-20210201-WA0006-640x853.jpg 640w, https:\/\/universiteactu.com\/wp-content\/uploads\/2021\/02\/IMG-20210201-WA0006-681x908.jpg 681w, https:\/\/universiteactu.com\/wp-content\/uploads\/2021\/02\/IMG-20210201-WA0006.jpg 774w\" sizes=\"(max-width: 768px) 100vw, 768px\" \/><figcaption><em>La fen\u00eatre de la billetterie <\/em>apr\u00e8s le vol.<\/figcaption><\/figure>\n\n\n\n<p><strong>\u00ab Le SNAESURS a lev\u00e9 son mot d\u2019ordre de gr\u00e8ve mardi, apr\u00e8s le paiement de la subvention aux Universit\u00e9s tel que stipul\u00e9 dans leur revendication. On nous a dit que Sonfonia a re\u00e7u plus de 3 milliards (ce qui \u00e9quivaut \u00e0 3 mois de subvention). Ce montant a \u00e9t\u00e9 envoy\u00e9 \u00e0 la billetterie pour le paiement des contractuels et des fonctionnaires relevant de l\u2019universit\u00e9. La paie a eu lieu jusqu\u2019\u00e0 vendredi, le samedi \u00e0 17 heures, le Recteur a instruit aux vigiles d\u2019interdire l\u2019acc\u00e8s de l\u2019enceinte de l\u2019Universit\u00e9 \u00e0 tout le monde, m\u00eame les \u00c9tudiants qui avaient cours, les informaticiens, tout le monde, c\u2019est une premi\u00e8re. Cette interdiction a dur\u00e9 jusqu\u2019\u00e0 ce lundi. Et ce matin, on nous apprend que le coffre fort a disparu, sans que la porte ne soit cass\u00e9e, ni la fen\u00eatre, encore moins le mur. Ce coffre fort \u00e0 la taille d\u2019un r\u00e9frig\u00e9rateur, plus d\u2019un m\u00e8tre, qui peut le voler sans faire de d\u00e9g\u00e2t ? Nous pensons que le Rectorat veut nous distraire, il faut qu\u2019on nous dise o\u00f9 est pass\u00e9 cet argent \u00bb<\/strong> a t\u00e9moign\u00e9 notre interlocuteur qui \u00e9tait tr\u00e8s en col\u00e8re contre Pr Amadou Oury Kor\u00e9 BAH, le Recteur de l\u2019Universit\u00e9 de Sonfonia.<\/p>\n\n\n\n<figure class=\"wp-block-image size-large\"><img decoding=\"async\" loading=\"lazy\" width=\"768\" height=\"1024\" src=\"http:\/\/universiteactu.com\/wp-content\/uploads\/2021\/02\/IMG-20210201-WA0007-768x1024.jpg\" alt=\"\" class=\"wp-image-6989\" srcset=\"https:\/\/universiteactu.com\/wp-content\/uploads\/2021\/02\/IMG-20210201-WA0007-768x1024.jpg 768w, https:\/\/universiteactu.com\/wp-content\/uploads\/2021\/02\/IMG-20210201-WA0007-225x300.jpg 225w, https:\/\/universiteactu.com\/wp-content\/uploads\/2021\/02\/IMG-20210201-WA0007-315x420.jpg 315w, https:\/\/universiteactu.com\/wp-content\/uploads\/2021\/02\/IMG-20210201-WA0007-640x853.jpg 640w, https:\/\/universiteactu.com\/wp-content\/uploads\/2021\/02\/IMG-20210201-WA0007-681x908.jpg 681w, https:\/\/universiteactu.com\/wp-content\/uploads\/2021\/02\/IMG-20210201-WA0007.jpg 774w\" sizes=\"(max-width: 768px) 100vw, 768px\" \/><figcaption><em>La porte de la billeterie apr\u00e8s le vol<\/em>.<\/figcaption><\/figure>\n\n\n\n<p>Ce pr\u00e9tendu vol vient ainsi ternir davantage les relations entre le premier responsable de l\u2019Universit\u00e9 de Sonfonia et le corps Enseignant avec qui le courant ne passe plus. Nous apprenons que des actions d\u2019envergure pourraient \u00eatre d\u00e9clench\u00e9es dans les jours \u00e0 venir pour r\u00e9clamer le d\u00e9part de ce Recteur de plus en plus d\u00e9cri\u00e9.<\/p>\n\n\n\n<p>Nous y reviendrons.<\/p>\n\n\n\n<p>Source: guineepanorama.com<\/p>\n","protected":false},"excerpt":{"rendered":"<p>Rien ne va plus \u00e0 l\u2019Universit\u00e9 G\u00e9n\u00e9ral Lansana CONTE de Sonfonia, les crises se multiplient, chaque jour. Sur toutes les l\u00e8vres, depuis ce lundi matin, la disparition d\u2019un coffre fort contenant une forte somme d\u2019argent. La nouvelle a \u00e9t\u00e9 annonc\u00e9e dans la matin\u00e9e de ce lundi 1er F\u00e9vrier 2020 au personnel de l\u2019Universit\u00e9. Le coffre [&hellip;]<\/p>\n","protected":false},"author":4,"featured_media":554,"comment_status":"open","ping_status":"open","sticky":false,"template":"","format":"standard","meta":[],"categories":[9,2,13,7,6,8],"tags":[],"_links":{"self":[{"href":"https:\/\/universiteactu.com\/index.php?rest_route=\/wp\/v2\/posts\/6985"}],"collection":[{"href":"https:\/\/universiteactu.com\/index.php?rest_route=\/wp\/v2\/posts"}],"about":[{"href":"https:\/\/universiteactu.com\/index.php?rest_route=\/wp\/v2\/types\/post"}],"author":[{"embeddable":true,"href":"https:\/\/universiteactu.com\/index.php?rest_route=\/wp\/v2\/users\/4"}],"replies":[{"embeddable":true,"href":"https:\/\/universiteactu.com\/index.php?rest_route=%2Fwp%2Fv2%2Fcomments&post=6985"}],"version-history":[{"count":2,"href":"https:\/\/universiteactu.com\/index.php?rest_route=\/wp\/v2\/posts\/6985\/revisions"}],"predecessor-version":[{"id":6990,"href":"https:\/\/universiteactu.com\/index.php?rest_route=\/wp\/v2\/posts\/6985\/revisions\/6990"}],"wp:featuredmedia":[{"embeddable":true,"href":"https:\/\/universiteactu.com\/index.php?rest_route=\/wp\/v2\/media\/554"}],"wp:attachment":[{"href":"https:\/\/universiteactu.com\/index.php?rest_route=%2Fwp%2Fv2%2Fmedia&parent=6985"}],"wp:term":[{"taxonomy":"category","embeddable":true,"href":"https:\/\/universiteactu.com\/index.php?rest_route=%2Fwp%2Fv2%2Fcategories&post=6985"},{"taxonomy":"post_tag","embeddable":true,"href":"https:\/\/universiteactu.com\/index.php?rest_route=%2Fwp%2Fv2%2Ftags&post=6985"}],"curies":[{"name":"wp","href":"https:\/\/api.w.org\/{rel}","templated":true}]}}