{"id":6594,"date":"2020-12-14T11:05:19","date_gmt":"2020-12-14T10:05:19","guid":{"rendered":"http:\/\/universiteactu.com\/?p=6594"},"modified":"2020-12-14T11:05:21","modified_gmt":"2020-12-14T10:05:21","slug":"apres-un-incendie-un-eleve-de-la-7eme-annee-perd-tout-dans-sa-case-a-siguiri","status":"publish","type":"post","link":"https:\/\/universiteactu.com\/?p=6594","title":{"rendered":"Apr\u00e8s, un incendie Un \u00c9l\u00e8ve de la 7eme Ann\u00e9e perd tout dans sa case \u00e0 siguiri"},"content":{"rendered":"\n<p class=\"has-drop-cap\">Les faits se sont produits dans la journ\u00e9e de \u00a0jeudi 10 d\u00e9cembre 2020, dans le secteur Nelson Mandela (\u00e0 Siguiri-Koura2), dans la commune urbaine de Siguiri. La case de Aly KEITA, El\u00e8ve en classe de 7\u00e8me ann\u00e9e, a \u00e9t\u00e9 r\u00e9duit en cendre par un puissant incendie d\u2019origine encore inconnue. Il n\u2019y a eu aucune perte en vie humaine, mais les d\u00e9g\u00e2ts mat\u00e9riels sont importants.<\/p>\n\n\n\n<p>Selon les informations confi\u00e9es chez nos confr\u00e8res de Guineematin.com, l\u2019incendie s\u2019est d\u00e9clar\u00e9 aux environs de 12 heures, \u00e0 l\u2019insu d\u2019Aly KEITA qui se trouvait \u00e0 l\u2019\u00e9cole. Et, ce sont les cris des femmes qui ont alert\u00e9 son oncle qui \u00e9tait dans le quartier.<\/p>\n\n\n\n<p><strong>\u00ab Moi j\u2019\u00e9tais dans le quartier, c\u2019est l\u00e0-bas qu\u2019on m\u2019a dit qu\u2019il y a le feu chez nous. Et, je suis vite revenu pour combattre les flammes. Avec les voisins, on a appel\u00e9 les sapeurs-pompiers qui sont venus \u00e0 notre secours. Ils nous ont beaucoup aid\u00e9s pour \u00e9teindre le feu. Mais, malgr\u00e9 tous les efforts consentis, la case d\u2019Aly KEITA a \u00e9t\u00e9 r\u00e9duite en cendre. Il (Aly KEITA) a tout perdu. Un \u00e9cran plat, des cahiers, des livres et tous ses habits ont \u00e9t\u00e9 consum\u00e9s. Pour le moment, on n\u2019a aucune id\u00e9e sur la cause de cet incendie \u00bb,<\/strong> a expliqu\u00e9 Amadou Foula BALDE, oncle de la victime.<\/p>\n","protected":false},"excerpt":{"rendered":"<p>Les faits se sont produits dans la journ\u00e9e de \u00a0jeudi 10 d\u00e9cembre 2020, dans le secteur Nelson Mandela (\u00e0 Siguiri-Koura2), dans la commune urbaine de Siguiri. La case de Aly KEITA, El\u00e8ve en classe de 7\u00e8me ann\u00e9e, a \u00e9t\u00e9 r\u00e9duit en cendre par un puissant incendie d\u2019origine encore inconnue. Il n\u2019y a eu aucune perte [&hellip;]<\/p>\n","protected":false},"author":4,"featured_media":3976,"comment_status":"open","ping_status":"open","sticky":false,"template":"","format":"standard","meta":[],"categories":[23,2,24,21,22],"tags":[],"_links":{"self":[{"href":"https:\/\/universiteactu.com\/index.php?rest_route=\/wp\/v2\/posts\/6594"}],"collection":[{"href":"https:\/\/universiteactu.com\/index.php?rest_route=\/wp\/v2\/posts"}],"about":[{"href":"https:\/\/universiteactu.com\/index.php?rest_route=\/wp\/v2\/types\/post"}],"author":[{"embeddable":true,"href":"https:\/\/universiteactu.com\/index.php?rest_route=\/wp\/v2\/users\/4"}],"replies":[{"embeddable":true,"href":"https:\/\/universiteactu.com\/index.php?rest_route=%2Fwp%2Fv2%2Fcomments&post=6594"}],"version-history":[{"count":1,"href":"https:\/\/universiteactu.com\/index.php?rest_route=\/wp\/v2\/posts\/6594\/revisions"}],"predecessor-version":[{"id":6595,"href":"https:\/\/universiteactu.com\/index.php?rest_route=\/wp\/v2\/posts\/6594\/revisions\/6595"}],"wp:featuredmedia":[{"embeddable":true,"href":"https:\/\/universiteactu.com\/index.php?rest_route=\/wp\/v2\/media\/3976"}],"wp:attachment":[{"href":"https:\/\/universiteactu.com\/index.php?rest_route=%2Fwp%2Fv2%2Fmedia&parent=6594"}],"wp:term":[{"taxonomy":"category","embeddable":true,"href":"https:\/\/universiteactu.com\/index.php?rest_route=%2Fwp%2Fv2%2Fcategories&post=6594"},{"taxonomy":"post_tag","embeddable":true,"href":"https:\/\/universiteactu.com\/index.php?rest_route=%2Fwp%2Fv2%2Ftags&post=6594"}],"curies":[{"name":"wp","href":"https:\/\/api.w.org\/{rel}","templated":true}]}}