{"id":6345,"date":"2020-11-28T15:42:16","date_gmt":"2020-11-28T14:42:16","guid":{"rendered":"http:\/\/universiteactu.com\/?p=6345"},"modified":"2020-11-28T15:42:18","modified_gmt":"2020-11-28T14:42:18","slug":"mena-discours-du-ministre-pr-alpha-amadou-bano-barry-pour-le-lancement-de-campagne-de-sensibilisation-pour-le-retour-massif-des-eleves-et-le-recrutement-des-enfants-au-cp","status":"publish","type":"post","link":"https:\/\/universiteactu.com\/?p=6345","title":{"rendered":"MENA\/Discours du ministre, Pr Alpha Amadou Bano BARRY, pour le lancement de campagne de sensibilisation pour le retour massif des El\u00e8ves et le recrutement des enfants au CP"},"content":{"rendered":"\n<p><br>&#8211; Mme la repr\u00e9sentante adjointe de l&rsquo;UNICEF en Guin\u00e9e<\/p>\n\n\n\n<p>\u00a0&#8211; Mesdames et Messieurs les cadres du Syst\u00e8me Educatif<\/p>\n\n\n\n<p>\u00a0&#8211; Mesdames et Messieurs les partenaires sociaux du syst\u00e8me \u00e9ducatif<\/p>\n\n\n\n<p>\u00a0&#8211; Distingu\u00e9s Invit\u00e9s<\/p>\n\n\n\n<p>\u00a0&#8211; Mesdames et Messieurs<\/p>\n\n\n\n<p>\u00a0<br>En d\u00e9pit de la pand\u00e9mie de COVID-19 et des contraintes qu&rsquo;elle impose \u00e0 l&rsquo;humanit\u00e9,\u00a0 notre syst\u00e8me \u00e9ducatif a valid\u00e9 l&rsquo;ann\u00e9e scolaire 2019-2020 avec des d\u00e9g\u00e2ts limit\u00e9s sur les \u00e9l\u00e8ves et les enseignants en Guin\u00e9e.\u00a0Une autre ann\u00e9e scolaire d\u00e9bute avec toujours la pand\u00e9mie dans le Monde. Nous devons y faire face avec intelligence,\u00a0 solidarit\u00e9 et respect des mesures barri\u00e8res.\u00a0Gr\u00e2ce au pr\u00e9sident de la R\u00e9publique,\u00a0 de\u00a0 son Gouvernement et des partenaires du syst\u00e8me \u00e9ducatif,\u00a0 des mesures barri\u00e8res \u00e9dict\u00e9es par l&rsquo;ANSS et le conseil scientifique sont encore en place.\u00a0Nous avons en plus obtenu l&rsquo;appui du Gouvernement pour proc\u00e9der au d\u00e9pistage des enseignants qui interviennent dans les \u00e9coles avec des gros effectifs dans les communes de Conakry.\u00a0<\/p>\n\n\n\n<figure class=\"wp-block-image size-large\"><img decoding=\"async\" loading=\"lazy\" width=\"552\" height=\"414\" src=\"http:\/\/universiteactu.com\/wp-content\/uploads\/2020\/11\/FB_IMG_1606550713032.jpg\" alt=\"\" class=\"wp-image-6350\" srcset=\"https:\/\/universiteactu.com\/wp-content\/uploads\/2020\/11\/FB_IMG_1606550713032.jpg 552w, https:\/\/universiteactu.com\/wp-content\/uploads\/2020\/11\/FB_IMG_1606550713032-300x225.jpg 300w, https:\/\/universiteactu.com\/wp-content\/uploads\/2020\/11\/FB_IMG_1606550713032-80x60.jpg 80w, https:\/\/universiteactu.com\/wp-content\/uploads\/2020\/11\/FB_IMG_1606550713032-100x75.jpg 100w, https:\/\/universiteactu.com\/wp-content\/uploads\/2020\/11\/FB_IMG_1606550713032-180x135.jpg 180w, https:\/\/universiteactu.com\/wp-content\/uploads\/2020\/11\/FB_IMG_1606550713032-238x178.jpg 238w\" sizes=\"(max-width: 552px) 100vw, 552px\" \/><\/figure>\n\n\n\n<p>Sur les 3052 qui ont \u00e9t\u00e9 test\u00e9s\u00a0 \u00e0 la COVID-19 , il ya eu 11 cas positifs qui sont pris en charge par les services techniques de l&rsquo;ANSS. Nous pouvons ne pas contracter la COVID. Une maladie qui r\u00e9sulte d&rsquo;une pand\u00e9mie est \u00e9vitable si chacun de nous pose les bon gestes : porter son masque, se laver les mains r\u00e9guli\u00e8rement,\u00a0 tousser dans le coude, ne pas serrer les mains des autres et bannir les accolades \u00e0 l&rsquo;occasion du retour \u00e0 l&rsquo;\u00e9cole sont des mesures simples et efficaces pour se prot\u00e9ger et prot\u00e9ger les autres.<\/p>\n\n\n\n<figure class=\"wp-block-image size-large\"><img decoding=\"async\" loading=\"lazy\" width=\"552\" height=\"414\" src=\"http:\/\/universiteactu.com\/wp-content\/uploads\/2020\/11\/FB_IMG_1606550718393.jpg\" alt=\"\" class=\"wp-image-6348\" srcset=\"https:\/\/universiteactu.com\/wp-content\/uploads\/2020\/11\/FB_IMG_1606550718393.jpg 552w, https:\/\/universiteactu.com\/wp-content\/uploads\/2020\/11\/FB_IMG_1606550718393-300x225.jpg 300w, https:\/\/universiteactu.com\/wp-content\/uploads\/2020\/11\/FB_IMG_1606550718393-80x60.jpg 80w, https:\/\/universiteactu.com\/wp-content\/uploads\/2020\/11\/FB_IMG_1606550718393-100x75.jpg 100w, https:\/\/universiteactu.com\/wp-content\/uploads\/2020\/11\/FB_IMG_1606550718393-180x135.jpg 180w, https:\/\/universiteactu.com\/wp-content\/uploads\/2020\/11\/FB_IMG_1606550718393-238x178.jpg 238w\" sizes=\"(max-width: 552px) 100vw, 552px\" \/><\/figure>\n\n\n\n<p>Le Pr\u00e9sident de la R\u00e9publique, Pr. Alpha CONDE et son Gouvernement exhortent les parents d&rsquo;\u00e9l\u00e8ves, les enseignants et les \u00e9l\u00e8ves \u00e0 respecter les mesures sanitaires simples, mais efficaces.\u00a0La pr\u00e9sente c\u00e9r\u00e9monie lance la campagne de sensibilisation pour le retour massif\u00a0 de nos \u00e9l\u00e8ves \u00e0 l&rsquo;\u00e9cole. A vous parents d&rsquo;\u00e9l\u00e8ves ;Je vous encourage \u00e0 inscrire vos plus jeunes enfants au CP1 et \u00e0 conduire les plus anciens dans leur \u00e9cole le Mardi 1er D\u00e9cembre 2020.Mes chers parents d&rsquo;\u00e9l\u00e8ves de Guin\u00e9e ;Les tables-bancs pour vos enfants, les nouveaux et ceux qui transf\u00e8rent sont \u00e0 la charge de l&rsquo;\u00c9tat Guin\u00e9en qui a d\u00e9j\u00e0 mis \u00e0 notre disposition un budget cons\u00e9quent.\u00a0Mes chers parents d&rsquo;\u00e9l\u00e8ves de Guin\u00e9e ;La craie est d\u00e9j\u00e0 livr\u00e9e dans les structures d\u00e9concentr\u00e9es pour \u00eatre achemin\u00e9e dans les \u00e9coles.<\/p>\n\n\n\n<figure class=\"wp-block-image size-large\"><img decoding=\"async\" loading=\"lazy\" width=\"552\" height=\"414\" src=\"http:\/\/universiteactu.com\/wp-content\/uploads\/2020\/11\/FB_IMG_1606550727497.jpg\" alt=\"\" class=\"wp-image-6347\" srcset=\"https:\/\/universiteactu.com\/wp-content\/uploads\/2020\/11\/FB_IMG_1606550727497.jpg 552w, https:\/\/universiteactu.com\/wp-content\/uploads\/2020\/11\/FB_IMG_1606550727497-300x225.jpg 300w, https:\/\/universiteactu.com\/wp-content\/uploads\/2020\/11\/FB_IMG_1606550727497-80x60.jpg 80w, https:\/\/universiteactu.com\/wp-content\/uploads\/2020\/11\/FB_IMG_1606550727497-100x75.jpg 100w, https:\/\/universiteactu.com\/wp-content\/uploads\/2020\/11\/FB_IMG_1606550727497-180x135.jpg 180w, https:\/\/universiteactu.com\/wp-content\/uploads\/2020\/11\/FB_IMG_1606550727497-238x178.jpg 238w\" sizes=\"(max-width: 552px) 100vw, 552px\" \/><\/figure>\n\n\n\n<p> Les papiers pour les transferts ne sont pas payants. Mes chers parents d&rsquo;\u00e9l\u00e8ves de Guin\u00e9e; Certaines des \u00e9coles qui \u00e9taient en construction \u00e0 conakry et dans certaines localit\u00e9s du pays seront op\u00e9rationnelles d\u00e8s la semaine prochaine, d&rsquo;autres en r\u00e9novation le seront aussi. Nous attendons le budget de 2021 pour recruter de nouveaux enseignants pour les \u00e9coles d\u00e9j\u00e0 construites et celles qui en manquent. Mes chers parents d&rsquo;\u00e9l\u00e8ves de Guin\u00e9e. Tout n&rsquo;est pas fait, mais ce qui manque, l&rsquo;Etat va le faire au rythme de ses possibilit\u00e9s. Je le dis car je sais l&rsquo;engagement du Pr\u00e9sident de la R\u00e9publique et de son Premier Ministre pour faire de l&rsquo;\u00e9cole une priorit\u00e9 nationale. <\/p>\n\n\n\n<figure class=\"wp-block-image size-large\"><img decoding=\"async\" loading=\"lazy\" width=\"552\" height=\"414\" src=\"http:\/\/universiteactu.com\/wp-content\/uploads\/2020\/11\/FB_IMG_1606550693466.jpg\" alt=\"\" class=\"wp-image-6346\" srcset=\"https:\/\/universiteactu.com\/wp-content\/uploads\/2020\/11\/FB_IMG_1606550693466.jpg 552w, https:\/\/universiteactu.com\/wp-content\/uploads\/2020\/11\/FB_IMG_1606550693466-300x225.jpg 300w, https:\/\/universiteactu.com\/wp-content\/uploads\/2020\/11\/FB_IMG_1606550693466-80x60.jpg 80w, https:\/\/universiteactu.com\/wp-content\/uploads\/2020\/11\/FB_IMG_1606550693466-100x75.jpg 100w, https:\/\/universiteactu.com\/wp-content\/uploads\/2020\/11\/FB_IMG_1606550693466-180x135.jpg 180w, https:\/\/universiteactu.com\/wp-content\/uploads\/2020\/11\/FB_IMG_1606550693466-238x178.jpg 238w\" sizes=\"(max-width: 552px) 100vw, 552px\" \/><\/figure>\n\n\n\n<p>Enseignants de Guin\u00e9e, Merci; Merci pour votre accompagnement durant l&rsquo;ann\u00e9e scolaire 2019-2020.<\/p>\n\n\n\n<p>Vos attentes sont nombreuses, je le sais car j&rsquo;en suis un. Vous \u00eates notre priorit\u00e9. Tous les responsables du syst\u00e8me \u00e9ducatif du directeur d&rsquo;\u00e9cole\u00a0 \u00e0 l&rsquo;inspecteur r\u00e9gional en passant par l&rsquo;ensemble de la cha\u00eene p\u00e9dagogique et administrative doivent \u00eatre \u00e0 votre \u00e9coute. Ils sont \u00e0 leur poste pour vous, pour vous \u00e9couter, vous r\u00e9pondre honn\u00eatement et porter vos dossiers aupr\u00e8s des services centraux. Je compte sur vous pour une ann\u00e9e scolaire avec des r\u00e9formes majeures qui commencent \u00e0 se\u00a0 concr\u00e9tiser. <\/p>\n\n\n\n<figure class=\"wp-block-image size-large\"><img decoding=\"async\" loading=\"lazy\" width=\"540\" height=\"720\" src=\"http:\/\/universiteactu.com\/wp-content\/uploads\/2020\/11\/FB_IMG_1606550706805.jpg\" alt=\"\" class=\"wp-image-6351\" srcset=\"https:\/\/universiteactu.com\/wp-content\/uploads\/2020\/11\/FB_IMG_1606550706805.jpg 540w, https:\/\/universiteactu.com\/wp-content\/uploads\/2020\/11\/FB_IMG_1606550706805-225x300.jpg 225w, https:\/\/universiteactu.com\/wp-content\/uploads\/2020\/11\/FB_IMG_1606550706805-315x420.jpg 315w\" sizes=\"(max-width: 540px) 100vw, 540px\" \/><\/figure>\n\n\n\n<p>Chers partenaires sociaux; L&rsquo;\u00e9cole Guin\u00e9enne est la v\u00f4tre. Votre accompagnement est attendu et sollicit\u00e9 par notre minist\u00e8re.\u00a0Chers partenaires techniques et financiers; Inlassablement, de nuit et de jour, vous apportez vos ressources financi\u00e8res et surtout humaines pour une meilleure gestion de l&rsquo;\u00e9cole Guin\u00e9enne. Vous ne le faites pas seulement pour respecter votre mandat. Vous le faites car vous \u00eates passionn\u00e9s par l&rsquo;\u00e9cole,\u00a0 ses enfants et ses enseignants. Au nom de l&rsquo;ensemble des enseignants, des parents et de leurs enfants, merci.\u00a0Sur ce, je d\u00e9clare lanc\u00e9e la campagne de sensibilisation pour le retour massif des \u00e9l\u00e8ves \u00e0 tous les niveaux d&rsquo;enseignement et le recrutement des enfants au CP.<\/p>\n\n\n\n<p><br>Vive l&rsquo;Ecole Guin\u00e9enne<\/p>\n\n\n\n<p>\u00a0Vive le Professeur Alpha CONDE<\/p>\n\n\n\n<p>Je vous remercie<\/p>\n","protected":false},"excerpt":{"rendered":"<p>&#8211; Mme la repr\u00e9sentante adjointe de l&rsquo;UNICEF en Guin\u00e9e \u00a0&#8211; Mesdames et Messieurs les cadres du Syst\u00e8me Educatif \u00a0&#8211; Mesdames et Messieurs les partenaires sociaux du syst\u00e8me \u00e9ducatif \u00a0&#8211; Distingu\u00e9s Invit\u00e9s \u00a0&#8211; Mesdames et Messieurs \u00a0En d\u00e9pit de la pand\u00e9mie de COVID-19 et des contraintes qu&rsquo;elle impose \u00e0 l&rsquo;humanit\u00e9,\u00a0 notre syst\u00e8me \u00e9ducatif a valid\u00e9 l&rsquo;ann\u00e9e [&hellip;]<\/p>\n","protected":false},"author":4,"featured_media":6349,"comment_status":"open","ping_status":"open","sticky":false,"template":"","format":"standard","meta":[],"categories":[23,2,24,21,22],"tags":[],"_links":{"self":[{"href":"https:\/\/universiteactu.com\/index.php?rest_route=\/wp\/v2\/posts\/6345"}],"collection":[{"href":"https:\/\/universiteactu.com\/index.php?rest_route=\/wp\/v2\/posts"}],"about":[{"href":"https:\/\/universiteactu.com\/index.php?rest_route=\/wp\/v2\/types\/post"}],"author":[{"embeddable":true,"href":"https:\/\/universiteactu.com\/index.php?rest_route=\/wp\/v2\/users\/4"}],"replies":[{"embeddable":true,"href":"https:\/\/universiteactu.com\/index.php?rest_route=%2Fwp%2Fv2%2Fcomments&post=6345"}],"version-history":[{"count":1,"href":"https:\/\/universiteactu.com\/index.php?rest_route=\/wp\/v2\/posts\/6345\/revisions"}],"predecessor-version":[{"id":6352,"href":"https:\/\/universiteactu.com\/index.php?rest_route=\/wp\/v2\/posts\/6345\/revisions\/6352"}],"wp:featuredmedia":[{"embeddable":true,"href":"https:\/\/universiteactu.com\/index.php?rest_route=\/wp\/v2\/media\/6349"}],"wp:attachment":[{"href":"https:\/\/universiteactu.com\/index.php?rest_route=%2Fwp%2Fv2%2Fmedia&parent=6345"}],"wp:term":[{"taxonomy":"category","embeddable":true,"href":"https:\/\/universiteactu.com\/index.php?rest_route=%2Fwp%2Fv2%2Fcategories&post=6345"},{"taxonomy":"post_tag","embeddable":true,"href":"https:\/\/universiteactu.com\/index.php?rest_route=%2Fwp%2Fv2%2Ftags&post=6345"}],"curies":[{"name":"wp","href":"https:\/\/api.w.org\/{rel}","templated":true}]}}