{"id":6210,"date":"2020-11-13T11:10:01","date_gmt":"2020-11-13T10:10:01","guid":{"rendered":"http:\/\/universiteactu.com\/?p=6210"},"modified":"2020-11-13T11:10:04","modified_gmt":"2020-11-13T10:10:04","slug":"ouverture-des-classes-le-prix-des-fournitures-scolaires-connait-une-hausse","status":"publish","type":"post","link":"https:\/\/universiteactu.com\/?p=6210","title":{"rendered":"Ouverture des classes : le prix des fournitures scolaires conna\u00eet une hausse"},"content":{"rendered":"\n<p class=\"has-drop-cap\">Selon le minist\u00e8re de l\u2019Education Nationale et de l\u2019Alphab\u00e9tisation, cette ann\u00e9e la rentr\u00e9e des classes est pr\u00e9vue pour le 1er d\u00e9cembre 2020, sur toute l\u2019\u00e9tendue du territoire national.<\/p>\n\n\n\n<p><br>\u00c0 quelques jours de cette ouverture et comme chaque ann\u00e9e, le prix des fournitures scolaires conna\u00eet aujourd\u2019hui une augmentation sur les diff\u00e9rents march\u00e9s de la capitale.<\/p>\n\n\n\n<p><br>Rencontr\u00e9e au march\u00e9 Cosa dans la commune de Ratoma, Fatoumata FOFANA, affirme que \u00e7a soit les tenues scolaires ou des sacs d\u2019\u00e9coliers les prix ont augment\u00e9.<\/p>\n\n\n\n<p><strong>\u00a0\u201cAvant la tenue pour les \u00e9l\u00e8ves du primaire, un rouleau \u00e9tait vendu \u00e0 280 000 fg, aujourd\u2019hui il est revendu \u00e0 300 000 fg. Pour le coll\u00e8ge, un rouleau \u00e9tait vendu \u00e0 400 000, aujourd\u2019hui 420 000fg. Pour le lyc\u00e9e c\u2019\u00e9tait \u00e0 410 000 fg, mais aujourd\u2019hui il est revendu \u00e0 430 000fg. Les sacs, chaque qualit\u00e9 \u00e0 son prix et il y a eu une augmentation aussi\u201d,<\/strong> a expliqu\u00e9 cette vendeuse chez nos confr\u00e8res de mosaiqueguinee.<\/p>\n\n\n\n<p>Tout comme la pr\u00e9c\u00e9dente, Bountouraby CAMARA, revend des paquets de cahiers et autres articles. Celle-ci parle aussi d\u2019une augmentation et elle a du mal dit-elle, \u00e0 avoir des clients. <strong>\u201cCette ann\u00e9e, le prix a augment\u00e9. L\u2019ann\u00e9e pass\u00e9e, un paquet de cahier \u00e9tait revendu \u00e0 150.000 fg, aujourd\u2019hui c\u2019est 160.000fg \u00e0 165.000 fg. Nous les revendons pour gagner un peu sinon il n\u2019y a aucun int\u00e9r\u00eat. Et \u00e9galement tous les autres fournitures. Les clients viennent rarement, par ce qu\u2019ils ne sont pas s\u00fbrs si la date du 16 novembre est maintenue\u201d<\/strong>, s\u2019est-elle lament\u00e9e, assise derni\u00e8re ses marchandises au march\u00e9 de Matoto.<\/p>\n\n\n\n<p>Mabinty SOUMAH, une m\u00e8re de famille de deux enfants, que nous avons crois\u00e9e au grand march\u00e9 de Kenien, n\u2019a pas pu acheter toutes les fournitures pour ses enfants. Une situation, selon elle, due \u00e0 la hausse des prix.<\/p>\n\n\n\n<p><strong>\u201cJe suis venue acheter les fournitures pour mes enfants, puisque le lundi, ils doivent reprendre le chemin. Mais, tr\u00e8s malheureusement je n\u2019ai pas pu les acheter tous, parce qu\u2019il y a eu une augmentation. L\u2019an dernier, j\u2019avais achet\u00e9 un paquet de cahiers \u00e0 15.000fg aujourd\u2019hui c\u2019est 18.000fg. L\u2019Etat doit nous aider, nous n\u2019avons pas les m\u00eames conditions de vie\u201d, <\/strong>a-t-elle interpell\u00e9, la mine serr\u00e9e.<\/p>\n\n\n\n<p>\u00c0 rappeler que cette ouverture des classes s\u2019effectue dans un contexte de crise sanitaire li\u00e9e au covid-19, qui frappe le pays depuis plusieurs mois.<\/p>\n","protected":false},"excerpt":{"rendered":"<p>Selon le minist\u00e8re de l\u2019Education Nationale et de l\u2019Alphab\u00e9tisation, cette ann\u00e9e la rentr\u00e9e des classes est pr\u00e9vue pour le 1er d\u00e9cembre 2020, sur toute l\u2019\u00e9tendue du territoire national. \u00c0 quelques jours de cette ouverture et comme chaque ann\u00e9e, le prix des fournitures scolaires conna\u00eet aujourd\u2019hui une augmentation sur les diff\u00e9rents march\u00e9s de la capitale. Rencontr\u00e9e [&hellip;]<\/p>\n","protected":false},"author":4,"featured_media":6211,"comment_status":"open","ping_status":"open","sticky":false,"template":"","format":"standard","meta":[],"categories":[23,2,24,21,22],"tags":[],"_links":{"self":[{"href":"https:\/\/universiteactu.com\/index.php?rest_route=\/wp\/v2\/posts\/6210"}],"collection":[{"href":"https:\/\/universiteactu.com\/index.php?rest_route=\/wp\/v2\/posts"}],"about":[{"href":"https:\/\/universiteactu.com\/index.php?rest_route=\/wp\/v2\/types\/post"}],"author":[{"embeddable":true,"href":"https:\/\/universiteactu.com\/index.php?rest_route=\/wp\/v2\/users\/4"}],"replies":[{"embeddable":true,"href":"https:\/\/universiteactu.com\/index.php?rest_route=%2Fwp%2Fv2%2Fcomments&post=6210"}],"version-history":[{"count":1,"href":"https:\/\/universiteactu.com\/index.php?rest_route=\/wp\/v2\/posts\/6210\/revisions"}],"predecessor-version":[{"id":6212,"href":"https:\/\/universiteactu.com\/index.php?rest_route=\/wp\/v2\/posts\/6210\/revisions\/6212"}],"wp:featuredmedia":[{"embeddable":true,"href":"https:\/\/universiteactu.com\/index.php?rest_route=\/wp\/v2\/media\/6211"}],"wp:attachment":[{"href":"https:\/\/universiteactu.com\/index.php?rest_route=%2Fwp%2Fv2%2Fmedia&parent=6210"}],"wp:term":[{"taxonomy":"category","embeddable":true,"href":"https:\/\/universiteactu.com\/index.php?rest_route=%2Fwp%2Fv2%2Fcategories&post=6210"},{"taxonomy":"post_tag","embeddable":true,"href":"https:\/\/universiteactu.com\/index.php?rest_route=%2Fwp%2Fv2%2Ftags&post=6210"}],"curies":[{"name":"wp","href":"https:\/\/api.w.org\/{rel}","templated":true}]}}