{"id":6190,"date":"2020-11-12T10:56:10","date_gmt":"2020-11-12T09:56:10","guid":{"rendered":"http:\/\/universiteactu.com\/?p=6190"},"modified":"2020-11-12T10:56:12","modified_gmt":"2020-11-12T09:56:12","slug":"guinee-politique-cellou-dalein-ne-peut-pas-etre-president-de-parti-politique-et-president-de-la-ceni","status":"publish","type":"post","link":"https:\/\/universiteactu.com\/?p=6190","title":{"rendered":"Guin\u00e9e\/politique : \u00abCellou Dalein ne peut pas \u00eatre pr\u00e9sident de parti politique et pr\u00e9sident de la CENI \u00bb"},"content":{"rendered":"\n<p><\/p>\n\n\n\n<p class=\"has-drop-cap\"><strong><em>Apr\u00e8s la proclamation des r\u00e9sultats d\u00e9finitifs de la pr\u00e9sidentielle du 18 octobre dernier par la cour constitutionnelle, les voies ne cessent de s\u2019\u00e9lever de part et d\u2019autres, le parti pr\u00e9sidentiel heureux et satisfait du verdict de la cour constitutionnelle et le principal parti d\u2019opposition Union des Forces D\u00e9mocratique de Guin\u00e9e (UFDG), de Cellou Dalein DIALLO continu \u00e0 rejeter&nbsp; ces r\u00e9sultats.<\/em><\/strong><\/p>\n\n\n\n<p>Le pr\u00e9sident Alpha CONDE est \u00e9lu pour la 3<sup>e<\/sup> fois cons\u00e9cutive gr\u00e2ce au changement constitutionnel du 22 mars 2020 pour un mandat de six (6) ans, ce qui ne laisse pas indiff\u00e9rent son principal challenger depuis 2010, pour lui, il est celui qui a remporter l\u2019\u00e9lection&nbsp; pr\u00e9sidentielle de 18 octobre dernier et non Alpha CONDE tout en s\u2019autoproclament vainqueur avec un taux exprim\u00e9 a plus de 53% de voix le lendemain du scrutin qui a provoqu\u00e9 des vagues de manifestations dans plusieurs parties de la Guin\u00e9e.<\/p>\n\n\n\n<p>Parlant des violences qui ont suivi la proclamation des r\u00e9sultats provisoires par la Commission Electorale Nationale Ind\u00e9pendante (CENI), le coordinateur national des jeunes du RPG Arc-en-Ciel, accuse les opposants guin\u00e9ens \u00e0 l\u2019occurrence Cellou Dallein, tout en pr\u00e9cisant que le pouvoir c\u2019est une question de temps <strong><em>\u00ab&nbsp;avant l\u2019\u00e9lection pr\u00e9sidentielle l\u2019opposition a organis\u00e9 combien de manifestations&nbsp;? On ne peut m\u00eame pas compter, il y a eu combien de morts&nbsp;?&nbsp;, L\u2019opposition a utilis\u00e9 les jeunes en les donnant des drogues et des miettes pour qu\u2019ils manifestent contre le r\u00e9gime, mais c\u2019est l\u2019opposition qui a tu\u00e9 les jeunes chaque chose a son temps, le pouvoir \u00e7a ne se ramasse pas\u00bb<\/em><\/strong> martel Sa\u00efd TOURE au micro de notre r\u00e9daction.<\/p>\n\n\n\n<p>Pendant que le premier pr\u00e9sident de la quatri\u00e8me r\u00e9publique parle de la fin de l\u2019impunit\u00e9 en Guin\u00e9e, Mohamed Sa\u00efd TOURE inspecteur G\u00e9n\u00e9ral de la jeunesse du parti au pourvoir quant \u00e0 lui, l\u2019invite \u00e0 ne pas voir <strong><em>\u00ab&nbsp;Cellou Dalein DIALLO comme un ennemi&nbsp;\u00bb<\/em><\/strong> mais de le voir comme <strong><em>\u00ab&nbsp;un simple pr\u00e9sident de parti politique&nbsp;\u00bb.<\/em><\/strong><\/p>\n","protected":false},"excerpt":{"rendered":"<p>Apr\u00e8s la proclamation des r\u00e9sultats d\u00e9finitifs de la pr\u00e9sidentielle du 18 octobre dernier par la cour constitutionnelle, les voies ne cessent de s\u2019\u00e9lever de part et d\u2019autres, le parti pr\u00e9sidentiel heureux et satisfait du verdict de la cour constitutionnelle et le principal parti d\u2019opposition Union des Forces D\u00e9mocratique de Guin\u00e9e (UFDG), de Cellou Dalein DIALLO [&hellip;]<\/p>\n","protected":false},"author":4,"featured_media":5043,"comment_status":"open","ping_status":"open","sticky":false,"template":"","format":"standard","meta":[],"categories":[1],"tags":[],"_links":{"self":[{"href":"https:\/\/universiteactu.com\/index.php?rest_route=\/wp\/v2\/posts\/6190"}],"collection":[{"href":"https:\/\/universiteactu.com\/index.php?rest_route=\/wp\/v2\/posts"}],"about":[{"href":"https:\/\/universiteactu.com\/index.php?rest_route=\/wp\/v2\/types\/post"}],"author":[{"embeddable":true,"href":"https:\/\/universiteactu.com\/index.php?rest_route=\/wp\/v2\/users\/4"}],"replies":[{"embeddable":true,"href":"https:\/\/universiteactu.com\/index.php?rest_route=%2Fwp%2Fv2%2Fcomments&post=6190"}],"version-history":[{"count":1,"href":"https:\/\/universiteactu.com\/index.php?rest_route=\/wp\/v2\/posts\/6190\/revisions"}],"predecessor-version":[{"id":6191,"href":"https:\/\/universiteactu.com\/index.php?rest_route=\/wp\/v2\/posts\/6190\/revisions\/6191"}],"wp:featuredmedia":[{"embeddable":true,"href":"https:\/\/universiteactu.com\/index.php?rest_route=\/wp\/v2\/media\/5043"}],"wp:attachment":[{"href":"https:\/\/universiteactu.com\/index.php?rest_route=%2Fwp%2Fv2%2Fmedia&parent=6190"}],"wp:term":[{"taxonomy":"category","embeddable":true,"href":"https:\/\/universiteactu.com\/index.php?rest_route=%2Fwp%2Fv2%2Fcategories&post=6190"},{"taxonomy":"post_tag","embeddable":true,"href":"https:\/\/universiteactu.com\/index.php?rest_route=%2Fwp%2Fv2%2Ftags&post=6190"}],"curies":[{"name":"wp","href":"https:\/\/api.w.org\/{rel}","templated":true}]}}