{"id":6062,"date":"2020-10-22T12:38:16","date_gmt":"2020-10-22T10:38:16","guid":{"rendered":"http:\/\/universiteactu.com\/?p=6062"},"modified":"2020-10-22T12:38:18","modified_gmt":"2020-10-22T10:38:18","slug":"mena-il-serait-preferable-que-les-cours-debutent-desormais-en-septembre-et-eliminer-les-conges-preconise-makalo-koita","status":"publish","type":"post","link":"https:\/\/universiteactu.com\/?p=6062","title":{"rendered":"MENA: \u00ab Il serait pr\u00e9f\u00e9rable que les cours d\u00e9butent d\u00e9sormais en septembre et \u00e9liminer les cong\u00e9s \u00bb, pr\u00e9conise Makalo KOITA"},"content":{"rendered":"\n<p class=\"has-drop-cap\">A quelques semaines de l&rsquo;ouverture prochaine des classes, les pr\u00e9paratifs vont bon train dans les \u00e9tablissements d&rsquo;Enseignement de la capitale. Les encadreurs y vont avec beaucoup de pr\u00e9cautions, surtout avec les r\u00e9sultats jug\u00e9s catastrophiques de la derni\u00e8re session scolaire. Au Groupe scolaire Emma\u00fcs, \u00e0 petit Simbaya, dans la commune de Ratoma l\u2019on note une ann\u00e9e scolaire particuli\u00e8rement difficile et propose des pistes de solutions.<\/p>\n\n\n\n<p>Dans son propos, Mamadou Boye CAMARA, proviseur du groupe scolaire Emma\u00fcs est revenu sur l&rsquo;impact de la pand\u00e9mie de la COVID-19 sur le cursus scolaire.<strong> \u00ab La maladie qui est venue a compl\u00e8tement boulevers\u00e9 le calendrier scolaire, parce qu&rsquo;on a pu faire les cours jusqu&rsquo;au mois de mars. On a \u00e9t\u00e9 oblig\u00e9 d&rsquo;arr\u00eater le 19 mars 2020, c\u2019est-\u00e0-dire \u00e0 l&rsquo;approche pratiquement de la fin du deuxi\u00e8me trimestre; ce qui a fortement impact\u00e9 le travail qui se faisait sur le terrain \u00bb,<\/strong> a-t-il d\u00e9taill\u00e9.<\/p>\n\n\n\n<p>Poursuivant, il explique que les crises sociales ne leurs ont pas beaucoup impact\u00e9. <strong>\u00ab Il faut le dire oui parce que nous sommes une \u00e9cole priv\u00e9e et dans les \u00e9coles priv\u00e9es souvent les mouvements des gr\u00e8ves et de syndicats ne sont pas suivis, sauf si les enfants du public viennent nous perturber. Par la gr\u00e2ce de Dieu \u00e7a n&rsquo;a pas \u00e9t\u00e9 le cas cette ann\u00e9e \u00bb,<\/strong> a-t-il ajout\u00e9.<\/p>\n\n\n\n<p>Toutefois, Makalo KOITA, professeur de g\u00e9ographie estime que les r\u00e9percussions des gr\u00e8ves enregistr\u00e9es ces 5 derni\u00e8res ann\u00e9es dans le secteur \u00e9ducatif sont palpables.\u00a0 <strong>\u00bb Nous sommes rest\u00e9s cinq \u00e0 six mois \u00e0 la maison et vu le niveau d&rsquo;\u00c9tude des enfants en temps normal, les enfants ont du mal \u00e0 apprendre et imaginez qu&rsquo;un enfant ainsi avec ce type de cong\u00e9 (vraiment son retour cr\u00e9era beaucoup de probl\u00e8mes ). Et\u00a0 nous avons vu les r\u00e9percussions au niveau des r\u00e9sultats de cette ann\u00e9e m\u00eame si on le dit mitig\u00e9, mais moi je le dis catastrophique vu le d\u00e9roulement des examens cette ann\u00e9e l\u00e0 avec toutes les technologies dans les diff\u00e9rentes salles d\u2019examens \u00bb, <\/strong>a-t-il d\u00e9nonc\u00e9.<\/p>\n\n\n\n<p>En soit, Mariame Silla CAMARA, bacheli\u00e8re t\u00e9moigne. <strong>\u00ab Dans mon centre, le complexe scolaire Lambagniy tout \u00e9tait dans les normes, il y avait une rigueur absolue, mais au niveau national cela n&rsquo;a pas \u00e9t\u00e9 satisfaisant car les m\u00e9ritants seront victimes des manigances des paresseux d\u00fb \u00e0 la\u00a0 complicit\u00e9s de certains. Par rapport aux programmes, les premiers chapitres ont tr\u00e8s bien \u00e9t\u00e9 dispens\u00e9s mais les derniers il y avait une pr\u00e9cipitation pour l&rsquo;ach\u00e8vement du reste du programme car le BAC approchait et la COVID-19 avait eu un impact important dans l&rsquo;\u00e9volution du programme \u00bb,<\/strong> a-t-elle soulign\u00e9.<\/p>\n\n\n\n<p>Et pour l\u2019enseignant Makalo Ko\u00efta de pr\u00e9coniser. <strong>\u00ab Il va falloir que l&rsquo;Etat essaie de r\u00e9duire surtout les vacances. Trois mois de vacances est pratiquement trop pour un enfant qui a au pr\u00e9alable du mal \u00e0 apprendre les cours. Il serait pr\u00e9f\u00e9rable que les cours d\u00e9butent d\u00e9sormais en septembre et \u00e9liminer les cong\u00e9s pas importants qui ne peuvent en aucun cas impacter l\u2019am\u00e9lioration du\u00a0 d\u00e9roulement des cours. Faire en sorte que les enseignants qui seront en situation de classe puissent dispenser les cours dans les r\u00e8gles de l&rsquo;art, souvent nous recevons des inspecteurs qui cherchent \u00e0 savoir si les programmes sont\u00a0 achev\u00e9s \u00ab oui ou non\u2019, mais qu\u2019ils n\u2019oublient pas \u00e0 savoir\u00a0 est-ce que les \u00e9l\u00e8ves ont assimil\u00e9 les programmes ou pas aussi \u00bb,<\/strong> a-t-il \u00e9voqu\u00e9.<\/p>\n\n\n\n<p>School224<\/p>\n","protected":false},"excerpt":{"rendered":"<p>A quelques semaines de l&rsquo;ouverture prochaine des classes, les pr\u00e9paratifs vont bon train dans les \u00e9tablissements d&rsquo;Enseignement de la capitale. Les encadreurs y vont avec beaucoup de pr\u00e9cautions, surtout avec les r\u00e9sultats jug\u00e9s catastrophiques de la derni\u00e8re session scolaire. Au Groupe scolaire Emma\u00fcs, \u00e0 petit Simbaya, dans la commune de Ratoma l\u2019on note une ann\u00e9e [&hellip;]<\/p>\n","protected":false},"author":4,"featured_media":6063,"comment_status":"open","ping_status":"open","sticky":false,"template":"","format":"standard","meta":[],"categories":[23,2,24,21,22],"tags":[],"_links":{"self":[{"href":"https:\/\/universiteactu.com\/index.php?rest_route=\/wp\/v2\/posts\/6062"}],"collection":[{"href":"https:\/\/universiteactu.com\/index.php?rest_route=\/wp\/v2\/posts"}],"about":[{"href":"https:\/\/universiteactu.com\/index.php?rest_route=\/wp\/v2\/types\/post"}],"author":[{"embeddable":true,"href":"https:\/\/universiteactu.com\/index.php?rest_route=\/wp\/v2\/users\/4"}],"replies":[{"embeddable":true,"href":"https:\/\/universiteactu.com\/index.php?rest_route=%2Fwp%2Fv2%2Fcomments&post=6062"}],"version-history":[{"count":1,"href":"https:\/\/universiteactu.com\/index.php?rest_route=\/wp\/v2\/posts\/6062\/revisions"}],"predecessor-version":[{"id":6064,"href":"https:\/\/universiteactu.com\/index.php?rest_route=\/wp\/v2\/posts\/6062\/revisions\/6064"}],"wp:featuredmedia":[{"embeddable":true,"href":"https:\/\/universiteactu.com\/index.php?rest_route=\/wp\/v2\/media\/6063"}],"wp:attachment":[{"href":"https:\/\/universiteactu.com\/index.php?rest_route=%2Fwp%2Fv2%2Fmedia&parent=6062"}],"wp:term":[{"taxonomy":"category","embeddable":true,"href":"https:\/\/universiteactu.com\/index.php?rest_route=%2Fwp%2Fv2%2Fcategories&post=6062"},{"taxonomy":"post_tag","embeddable":true,"href":"https:\/\/universiteactu.com\/index.php?rest_route=%2Fwp%2Fv2%2Ftags&post=6062"}],"curies":[{"name":"wp","href":"https:\/\/api.w.org\/{rel}","templated":true}]}}