{"id":5844,"date":"2020-09-30T13:33:08","date_gmt":"2020-09-30T11:33:08","guid":{"rendered":"http:\/\/universiteactu.com\/?p=5844"},"modified":"2020-09-30T13:33:10","modified_gmt":"2020-09-30T11:33:10","slug":"examens-nationaux-2020-ceremonie-de-recompense-des-laureats-ce-jeudi-a-conakry-mena","status":"publish","type":"post","link":"https:\/\/universiteactu.com\/?p=5844","title":{"rendered":"Examens Nationaux 2020 : C\u00e9r\u00e9monie de r\u00e9compense des laur\u00e9ats ce jeudi \u00e0 Conakry (MENA)"},"content":{"rendered":"\n<p class=\"has-drop-cap\">Apr\u00e8s la proclamation des r\u00e9sultats des examens de fin d&rsquo;ann\u00e9e (Certificat d&rsquo;\u00c9tudes \u00c9l\u00e9mentaires CEE, BEPC et BAC Unique) session 2020, le minist\u00e8re en charge de l&rsquo;Education Nationale et de l&rsquo;Alphab\u00e9tisation (MENA), dans sa dynamique de promouvoir un Enseignement d&rsquo;\u00e9lite, bas\u00e9 sur le m\u00e9rite, compte d\u00e9sormais r\u00e9compenser les Candidats qui se sont illustr\u00e9s par leur effort personnel ainsi que les Enseignants et encadreurs qui leur ont apport\u00e9 l&rsquo;appui scientifique et p\u00e9dagogique n\u00e9cessaire.<\/p>\n\n\n\n<p>Selon Mamady Sidiki CAMARA, charg\u00e9 de la communication du MENA, la c\u00e9r\u00e9monie de r\u00e9compense pour les laur\u00e9ats de cette ann\u00e9e et leurs encadreurs, aura lieu demain jeudi 01 octobre 2020, \u00e0 partir de 09 heures, dans la salle des Actes du palais du peuple.<\/p>\n\n\n\n<p>Les El\u00e8ves, Enseignants et encadreurs de l&rsquo;int\u00e9rieur du pays, concern\u00e9s par cette c\u00e9r\u00e9monie, sont d\u00e9j\u00e0 en route pour Conakry, a-t-on appris. Ils seraient plus d&rsquo;une centaine d&rsquo;\u00c9l\u00e8ves attendus pour recevoir des prix d&rsquo;encouragement et de f\u00e9licitations de la part du d\u00e9partement dirig\u00e9 par Pr Alpha Amadou Bano BARRY.<\/p>\n\n\n\n<p>Leurs Enseignants au nombre \u00e9gal ainsi que les Directeurs Pr\u00e9fectoraux de l&rsquo;\u00c9ducation et Directeurs Communaux de l\u2019Education des localit\u00e9s dont ils rel\u00e8vent, seront aussi pr\u00e9sents et recevront leurs prix.<br>Notons que cet \u00e9v\u00e9nement grandiose est plac\u00e9 sous la pr\u00e9sidence d&rsquo;honneur du gouvernement guin\u00e9en.<\/p>\n\n\n\n<p>mosaiqueguinee<\/p>\n","protected":false},"excerpt":{"rendered":"<p>Apr\u00e8s la proclamation des r\u00e9sultats des examens de fin d&rsquo;ann\u00e9e (Certificat d&rsquo;\u00c9tudes \u00c9l\u00e9mentaires CEE, BEPC et BAC Unique) session 2020, le minist\u00e8re en charge de l&rsquo;Education Nationale et de l&rsquo;Alphab\u00e9tisation (MENA), dans sa dynamique de promouvoir un Enseignement d&rsquo;\u00e9lite, bas\u00e9 sur le m\u00e9rite, compte d\u00e9sormais r\u00e9compenser les Candidats qui se sont illustr\u00e9s par leur effort [&hellip;]<\/p>\n","protected":false},"author":4,"featured_media":5726,"comment_status":"open","ping_status":"open","sticky":false,"template":"","format":"standard","meta":[],"categories":[23,2,24,21,22],"tags":[],"_links":{"self":[{"href":"https:\/\/universiteactu.com\/index.php?rest_route=\/wp\/v2\/posts\/5844"}],"collection":[{"href":"https:\/\/universiteactu.com\/index.php?rest_route=\/wp\/v2\/posts"}],"about":[{"href":"https:\/\/universiteactu.com\/index.php?rest_route=\/wp\/v2\/types\/post"}],"author":[{"embeddable":true,"href":"https:\/\/universiteactu.com\/index.php?rest_route=\/wp\/v2\/users\/4"}],"replies":[{"embeddable":true,"href":"https:\/\/universiteactu.com\/index.php?rest_route=%2Fwp%2Fv2%2Fcomments&post=5844"}],"version-history":[{"count":1,"href":"https:\/\/universiteactu.com\/index.php?rest_route=\/wp\/v2\/posts\/5844\/revisions"}],"predecessor-version":[{"id":5845,"href":"https:\/\/universiteactu.com\/index.php?rest_route=\/wp\/v2\/posts\/5844\/revisions\/5845"}],"wp:featuredmedia":[{"embeddable":true,"href":"https:\/\/universiteactu.com\/index.php?rest_route=\/wp\/v2\/media\/5726"}],"wp:attachment":[{"href":"https:\/\/universiteactu.com\/index.php?rest_route=%2Fwp%2Fv2%2Fmedia&parent=5844"}],"wp:term":[{"taxonomy":"category","embeddable":true,"href":"https:\/\/universiteactu.com\/index.php?rest_route=%2Fwp%2Fv2%2Fcategories&post=5844"},{"taxonomy":"post_tag","embeddable":true,"href":"https:\/\/universiteactu.com\/index.php?rest_route=%2Fwp%2Fv2%2Ftags&post=5844"}],"curies":[{"name":"wp","href":"https:\/\/api.w.org\/{rel}","templated":true}]}}