{"id":5731,"date":"2020-09-24T11:56:05","date_gmt":"2020-09-24T09:56:05","guid":{"rendered":"http:\/\/universiteactu.com\/?p=5731"},"modified":"2020-09-24T11:56:07","modified_gmt":"2020-09-24T09:56:07","slug":"le-lieutenant-colonel-hamidou-soumah-presente-son-livre-intitule-les-nouvelles-menaces-securitaires-de-lafrique-de-louest-et-la-riposte-des-pays-de-la-cedeao","status":"publish","type":"post","link":"https:\/\/universiteactu.com\/?p=5731","title":{"rendered":"Le lieutenant-colonel Hamidou SOUMAH pr\u00e9sente son livre intitul\u00e9 \u00ab Les nouvelles menaces s\u00e9curitaires de l\u2019Afrique de l\u2019Ouest et la riposte des pays de la CEDEAO \u00bb"},"content":{"rendered":"\n<p>Le lieutenant-colonel Hamidou Soumah pr\u00e9sente son livre intitul\u00e9 <strong>\u00ab Les nouvelles menaces s\u00e9curitaires de l\u2019Afrique de l\u2019Ouest et la riposte des pays de lLe paysage litt\u00e9raire continue d\u2019\u00e9largir son champ avec la venue de nouveaux \u00e9crivains. Ce mercredi 23 septembre 2020, le lieutenant-colonel Hamidou Soumah, chef du Centre op\u00e9rationnel de l\u2019arm\u00e9e de terre au Camp Samory Tour\u00e9 a pr\u00e9sent\u00e9 son livre \u00ab Les nouvelles menaces s\u00e9curitaires de l\u2019Afrique de l\u2019Ouest et la riposte des pays de la CEDEAO \u00bb.<\/strong><\/p>\n\n\n\n<p>\u00a0Cet ouvrage est un ouvrage de 138 pages divis\u00e9 en deux chapitres, \u00e9dit\u00e9 par l\u2019Harmattan Guin\u00e9e. Le premier chapitre parle des nouvelles menaces s\u00e9curitaires en Afrique de l\u2019Ouest, notamment le trafic d\u2019arme, le terrorisme, le trafic d\u2019\u00eatres humains et la traite des personnes. Le deuxi\u00e8me chapitre, lui, parle de tout ce qui est institution de gestion de crise en Afrique de l\u2019Ouest, notamment la CEDEAO, le G5 sahel et la force multinationale mixte de lutte contre le groupe Boko haram.<\/p>\n\n\n\n<p>Selon l\u2019auteur au micros de nos confr\u00e8res ledjely.com, <strong>\u00ab le deuxi\u00e8me chapitre parle \u00e9galement de cadre juridique des interventions de ces organisations, notamment la strat\u00e9gie de lutte contre le terrorisme dans la CEDEAO, la convention de l\u2019Afrique de l\u2019Ouest sur\u00a0 la lutte contre les armes l\u00e9g\u00e8res de petites calibres et le dispositif contre la traite des personnes et l\u2019immigration clandestine \u00bb.<\/strong><\/p>\n\n\n\n<p>Pour le lieutenant-colonel, <strong>\u00ab la finalit\u00e9 recherch\u00e9e en \u00e9crivant ce livre correspond \u00e0 un souci personnel en tant qu\u2019officier d\u2019\u00c9tat-major, de contribuer \u00e0 la s\u00e9curit\u00e9 de la Guin\u00e9e en pr\u00e9parant un document d\u2019anticipation strat\u00e9gique \u00bb.<\/strong><\/p>\n\n\n\n<p>Parlant des menaces et se pronon\u00e7ant la question de savoir si la Guin\u00e9e est \u00e0 l\u2019abri de ces menaces terroristes, il a r\u00e9pondu :<strong> \u00ab Je pense que pour le moment, la Guin\u00e9e est un pays tr\u00e8s stable et nous travaillons pour que cette stabilit\u00e9 puisse perdurer dans le temps. Depuis\u00a0 2013, les troupes\u00a0 guin\u00e9ennes sont d\u00e9ploy\u00e9es au Mali, j\u2019\u00e9tais l\u00e0-bas avec le premier contingent et jusqu\u2019aujourd\u2019hui on est au 5e contingent \u00e0 Kidal (\u2026) La plupart des menaces qui\u00a0 peuvent arriver \u00e0 la Guin\u00e9e, on ne peut pas le dire clairement mais si on regarde la dynamique des groupes arm\u00e9es terroristes, aujourd\u2019hui, le centre de gravit\u00e9 se trouve vers le Mali, le Niger et le Burkina Faso. C\u2019est ce qu\u2019on appelle la zone des trois fronti\u00e8res. On peut dire que la menace est strat\u00e9gique par rapport \u00e0 la Guin\u00e9e parce qu\u2019elle est distante encore. Mais, je suis s\u00fbr que les forces arm\u00e9es guin\u00e9ennes sont en train de travailler sur les strat\u00e9gies pour pouvoir contrecarrer toutes ces menaces \u00bb.<\/strong><\/p>\n","protected":false},"excerpt":{"rendered":"<p>Le lieutenant-colonel Hamidou Soumah pr\u00e9sente son livre intitul\u00e9 \u00ab Les nouvelles menaces s\u00e9curitaires de l\u2019Afrique de l\u2019Ouest et la riposte des pays de lLe paysage litt\u00e9raire continue d\u2019\u00e9largir son champ avec la venue de nouveaux \u00e9crivains. Ce mercredi 23 septembre 2020, le lieutenant-colonel Hamidou Soumah, chef du Centre op\u00e9rationnel de l\u2019arm\u00e9e de terre au Camp [&hellip;]<\/p>\n","protected":false},"author":4,"featured_media":5732,"comment_status":"open","ping_status":"open","sticky":false,"template":"","format":"standard","meta":[],"categories":[2],"tags":[],"_links":{"self":[{"href":"https:\/\/universiteactu.com\/index.php?rest_route=\/wp\/v2\/posts\/5731"}],"collection":[{"href":"https:\/\/universiteactu.com\/index.php?rest_route=\/wp\/v2\/posts"}],"about":[{"href":"https:\/\/universiteactu.com\/index.php?rest_route=\/wp\/v2\/types\/post"}],"author":[{"embeddable":true,"href":"https:\/\/universiteactu.com\/index.php?rest_route=\/wp\/v2\/users\/4"}],"replies":[{"embeddable":true,"href":"https:\/\/universiteactu.com\/index.php?rest_route=%2Fwp%2Fv2%2Fcomments&post=5731"}],"version-history":[{"count":1,"href":"https:\/\/universiteactu.com\/index.php?rest_route=\/wp\/v2\/posts\/5731\/revisions"}],"predecessor-version":[{"id":5733,"href":"https:\/\/universiteactu.com\/index.php?rest_route=\/wp\/v2\/posts\/5731\/revisions\/5733"}],"wp:featuredmedia":[{"embeddable":true,"href":"https:\/\/universiteactu.com\/index.php?rest_route=\/wp\/v2\/media\/5732"}],"wp:attachment":[{"href":"https:\/\/universiteactu.com\/index.php?rest_route=%2Fwp%2Fv2%2Fmedia&parent=5731"}],"wp:term":[{"taxonomy":"category","embeddable":true,"href":"https:\/\/universiteactu.com\/index.php?rest_route=%2Fwp%2Fv2%2Fcategories&post=5731"},{"taxonomy":"post_tag","embeddable":true,"href":"https:\/\/universiteactu.com\/index.php?rest_route=%2Fwp%2Fv2%2Ftags&post=5731"}],"curies":[{"name":"wp","href":"https:\/\/api.w.org\/{rel}","templated":true}]}}