{"id":5583,"date":"2020-09-12T19:54:26","date_gmt":"2020-09-12T17:54:26","guid":{"rendered":"http:\/\/universiteactu.com\/?p=5583"},"modified":"2020-09-12T19:54:28","modified_gmt":"2020-09-12T17:54:28","slug":"guinee-litterature-dedicace-du-livre-alpha-conde-une-certaine-idee-de-lafrique","status":"publish","type":"post","link":"https:\/\/universiteactu.com\/?p=5583","title":{"rendered":"Guin\u00e9e\/Litt\u00e9rature: d\u00e9dicace du livre \u201dAlpha CONDE, une certaine id\u00e9e de l\u2019Afrique\u201d"},"content":{"rendered":"\n<p><\/p>\n\n\n\n<p class=\"has-drop-cap\">Edit\u00e9 par l\u2019Harmattan Guin\u00e9e, le livre intitul\u00e9 \u201dUne certaine Id\u00e9e de l\u2019Afrique\u201d, du pr\u00e9sident Alpha CONDE, a \u00e9t\u00e9 d\u00e9dicac\u00e9 ce vendredi 11 septembre 2020, \u00e0 Conakry.<\/p>\n\n\n\n<figure class=\"wp-block-image size-large\"><img decoding=\"async\" loading=\"lazy\" width=\"552\" height=\"368\" src=\"http:\/\/universiteactu.com\/wp-content\/uploads\/2020\/09\/FB_IMG_1599834078854.jpg\" alt=\"\" class=\"wp-image-5584\" srcset=\"https:\/\/universiteactu.com\/wp-content\/uploads\/2020\/09\/FB_IMG_1599834078854.jpg 552w, https:\/\/universiteactu.com\/wp-content\/uploads\/2020\/09\/FB_IMG_1599834078854-300x200.jpg 300w\" sizes=\"(max-width: 552px) 100vw, 552px\" \/><\/figure>\n\n\n\n<p class=\"has-drop-cap\"><br>Cet \u00e9v\u00e9nement s&rsquo;est d\u00e9roul\u00e9 sous l&rsquo;\u00e9gide du Premier ministre, chef du Gouvernement en partenariat avec le Minist\u00e8re des sports, de la culture et du patrimoine historique, en pr\u00e9sence du corps diplomatique, des membres du gouvernement et d&rsquo;autres personnalit\u00e9s du pays.<\/p>\n\n\n\n<p>Au terme de la c\u00e9r\u00e9monie de pr\u00e9sentation de cet ouvrage de 151 pages, r\u00e9parti en 3 chapitres, son auteur, Alpha CONDE, chef de l&rsquo;ex\u00e9cutif guin\u00e9en, a \u00e9voqu\u00e9 l\u2019int\u00e9r\u00eat de son \u0153uvre, par visioconf\u00e9rence.<\/p>\n\n\n\n<figure class=\"wp-block-image size-large is-resized\"><img decoding=\"async\" loading=\"lazy\" src=\"http:\/\/universiteactu.com\/wp-content\/uploads\/2020\/09\/FB_IMG_1599862453374.jpg\" alt=\"\" class=\"wp-image-5586\" width=\"576\" height=\"908\" srcset=\"https:\/\/universiteactu.com\/wp-content\/uploads\/2020\/09\/FB_IMG_1599862453374.jpg 316w, https:\/\/universiteactu.com\/wp-content\/uploads\/2020\/09\/FB_IMG_1599862453374-190x300.jpg 190w, https:\/\/universiteactu.com\/wp-content\/uploads\/2020\/09\/FB_IMG_1599862453374-267x420.jpg 267w\" sizes=\"(max-width: 576px) 100vw, 576px\" \/><\/figure>\n\n\n\n<p><strong>\u00ab L\u2019int\u00e9r\u00eat, c\u2019est mon exp\u00e9rience panafricaine et la lutte men\u00e9e avec d&rsquo;autres combattants de beaucoup de pays que je retrace car mon combat, ce n&rsquo;est pas seulement pour la Guin\u00e9e, c&rsquo;\u00e9tait le combat pour l\u2019Afrique, car la FEANF c&rsquo;\u00e9tait le combat d&rsquo;une Afrique ind\u00e9pendante et unie. (\u2026) Donc notre combat, c&rsquo;est de faire de l&rsquo;Afrique le continent de la lumi\u00e8re. J&rsquo;esp\u00e8re que les g\u00e9n\u00e9rations qui vont suivre, sauront continuer cela afin que demain l&rsquo;Afrique devienne le continent de la lumi\u00e8re\u00bb,<\/strong>a d\u00e9clar\u00e9 Alpha CONDE, depuis la pr\u00e9sidence.<\/p>\n\n\n\n<figure class=\"wp-block-image size-large\"><img decoding=\"async\" loading=\"lazy\" width=\"552\" height=\"311\" src=\"http:\/\/universiteactu.com\/wp-content\/uploads\/2020\/09\/FB_IMG_1599899412388.jpg\" alt=\"\" class=\"wp-image-5587\" srcset=\"https:\/\/universiteactu.com\/wp-content\/uploads\/2020\/09\/FB_IMG_1599899412388.jpg 552w, https:\/\/universiteactu.com\/wp-content\/uploads\/2020\/09\/FB_IMG_1599899412388-300x169.jpg 300w\" sizes=\"(max-width: 552px) 100vw, 552px\" \/><\/figure>\n\n\n\n<p>Le directeur g\u00e9n\u00e9ral de l\u2019Harmattan Guin\u00e9e, a, dans son intervention invit\u00e9 le gouvernement guin\u00e9en \u00e0 assister les \u00e9crivains de ce pays \u00e0 se doter d&rsquo;une imprimerie num\u00e9rique car, dit Sansy Kaba DIAKITE, cela les permettra de faire de l&rsquo;\u00e9dition et de l&rsquo;impression \u00e0 la demande des lecteurs.<\/p>\n\n\n\n<p><strong>\u00ab Si on veut on va imprimer 2; 10 ou 20 livres comme le S\u00e9n\u00e9gal, la C\u00f4te D\u2019ivoire et le Mali. Toutes nos f\u00e9licitations \u00e0 son excellence M. le Pr\u00e9sident de la r\u00e9publique pour ce livre et nous invitons ici les hautes personnalit\u00e9s qui sont dans cette salles de faire comme son excellence M. le Pr\u00e9sident de la r\u00e9publique parce que chaque parcours, chaque vie m\u00e9rite un livre\u00bb,<\/strong>a fait remarquer au micros de nos confr\u00e8res de mosaiqueguinee, Sansy Kaba DIAKITE.<\/p>\n\n\n\n<figure class=\"wp-block-image size-large\"><img decoding=\"async\" loading=\"lazy\" width=\"552\" height=\"368\" src=\"http:\/\/universiteactu.com\/wp-content\/uploads\/2020\/09\/FB_IMG_1599899403780.jpg\" alt=\"\" class=\"wp-image-5588\" srcset=\"https:\/\/universiteactu.com\/wp-content\/uploads\/2020\/09\/FB_IMG_1599899403780.jpg 552w, https:\/\/universiteactu.com\/wp-content\/uploads\/2020\/09\/FB_IMG_1599899403780-300x200.jpg 300w\" sizes=\"(max-width: 552px) 100vw, 552px\" \/><\/figure>\n\n\n\n<p> A son tour, le ministre des Sports, de la culture et du patrimoine historique, a estim\u00e9 qu&rsquo;il est un devoir pour les cadres de faire comme le chef de l\u2019\u00c9tat.<strong>\u00ab Outre mon plaisir, j&rsquo;estime que c&rsquo;est un devoir pour tous et pour chaque d\u00e9cideur du pays de CAMARA Laye et de Djibril Tamsir NIANE et tant d\u2019autres de soutenir l&rsquo;initiative du pr\u00e9sident de la r\u00e9publique de faire du secteur du livre et de la lecture un vecteur d&rsquo;\u00e9mancipation et de d\u00e9veloppement national\u00bb,<\/strong>dit Sanoussy  Bantama SOW.<\/p>\n","protected":false},"excerpt":{"rendered":"<p>Edit\u00e9 par l\u2019Harmattan Guin\u00e9e, le livre intitul\u00e9 \u201dUne certaine Id\u00e9e de l\u2019Afrique\u201d, du pr\u00e9sident Alpha CONDE, a \u00e9t\u00e9 d\u00e9dicac\u00e9 ce vendredi 11 septembre 2020, \u00e0 Conakry. Cet \u00e9v\u00e9nement s&rsquo;est d\u00e9roul\u00e9 sous l&rsquo;\u00e9gide du Premier ministre, chef du Gouvernement en partenariat avec le Minist\u00e8re des sports, de la culture et du patrimoine historique, en pr\u00e9sence du [&hellip;]<\/p>\n","protected":false},"author":4,"featured_media":5585,"comment_status":"open","ping_status":"open","sticky":false,"template":"","format":"standard","meta":[],"categories":[12,2,21,6],"tags":[],"_links":{"self":[{"href":"https:\/\/universiteactu.com\/index.php?rest_route=\/wp\/v2\/posts\/5583"}],"collection":[{"href":"https:\/\/universiteactu.com\/index.php?rest_route=\/wp\/v2\/posts"}],"about":[{"href":"https:\/\/universiteactu.com\/index.php?rest_route=\/wp\/v2\/types\/post"}],"author":[{"embeddable":true,"href":"https:\/\/universiteactu.com\/index.php?rest_route=\/wp\/v2\/users\/4"}],"replies":[{"embeddable":true,"href":"https:\/\/universiteactu.com\/index.php?rest_route=%2Fwp%2Fv2%2Fcomments&post=5583"}],"version-history":[{"count":1,"href":"https:\/\/universiteactu.com\/index.php?rest_route=\/wp\/v2\/posts\/5583\/revisions"}],"predecessor-version":[{"id":5589,"href":"https:\/\/universiteactu.com\/index.php?rest_route=\/wp\/v2\/posts\/5583\/revisions\/5589"}],"wp:featuredmedia":[{"embeddable":true,"href":"https:\/\/universiteactu.com\/index.php?rest_route=\/wp\/v2\/media\/5585"}],"wp:attachment":[{"href":"https:\/\/universiteactu.com\/index.php?rest_route=%2Fwp%2Fv2%2Fmedia&parent=5583"}],"wp:term":[{"taxonomy":"category","embeddable":true,"href":"https:\/\/universiteactu.com\/index.php?rest_route=%2Fwp%2Fv2%2Fcategories&post=5583"},{"taxonomy":"post_tag","embeddable":true,"href":"https:\/\/universiteactu.com\/index.php?rest_route=%2Fwp%2Fv2%2Ftags&post=5583"}],"curies":[{"name":"wp","href":"https:\/\/api.w.org\/{rel}","templated":true}]}}