{"id":4331,"date":"2020-06-13T11:28:36","date_gmt":"2020-06-13T09:28:36","guid":{"rendered":"http:\/\/universiteactu.com\/?p=4331"},"modified":"2020-06-13T11:28:39","modified_gmt":"2020-06-13T09:28:39","slug":"education-les-enseignants-du-prive-de-labe-exigent-le-paiement-de-deux-mois-de-salaire","status":"publish","type":"post","link":"https:\/\/universiteactu.com\/?p=4331","title":{"rendered":"Education: Les Enseignants du priv\u00e9 de Lab\u00e9 exigent le paiement de deux mois de salaire"},"content":{"rendered":"\n<p class=\"has-drop-cap\"> L\u2019antenne r\u00e9gionale du syndicat des enseignants du priv\u00e9 de Guin\u00e9e (SEPGUI) a fait vendredi 12 juin 2020, une d\u00e9claration dans l\u2019 amphith\u00e9\u00e2tre de Lab\u00e9. Dans cette d\u00e9claration, les enseignants du secteur priv\u00e9 ont exig\u00e9 le paiement des salaires des mois d\u2019avril et de mai \u00e0 l\u2019occasion de la prochaine reprise des cours.Ces enseignants du priv\u00e9 ont d\u00e9nonc\u00e9 le d\u00e9sint\u00e9ressement de leurs employeurs face leur situation en cette p\u00e9riode de crise.<\/p>\n\n\n\n<p>\u00ab <em><strong>Nous remarquons que nous enseignants du secteur priv\u00e9 sommes l\u00e9gers dans l\u2019exercice de nos activit\u00e9s par nos employeurs. Cela s\u2019explique par le manque de contrats de travail bien ficel\u00e9s conform\u00e9ment au code de travail. Et mieux, depuis le d\u00e9clenchement de l\u2019\u00e9tat d\u2019urgence sanitaire par un d\u00e9cret du chef de l\u2019Etat pour freiner la propagation de la covid19, La quasi-totalit\u00e9 des fondateurs n\u2019ont apport\u00e9 aucun soutien \u00e0 leur personnel enseignant. Un comportement que nous jugeons anormal vis \u00e7\u00e0 vis de leurs travailleurs <\/strong><\/em>\u00bb a soulign\u00e9 le secr\u00e9taire g\u00e9n\u00e9ral par int\u00e9rim du syndicat. <\/p>\n\n\n\n<p>Nyankoye Antoine LAMA a indiqu\u00e9 que le paiement des deux mois de salaires est une exigence avant l\u2019ouverture des classes.<\/p>\n\n\n\n<p>\u00ab <em><strong>A l\u2019\u00e9gard de ce que nous vivons actuellement nous exigeons sans condition le paiement des deux mois de crise depuis la fermeture des classes \u00e0 savoir Avril et Mai. Si cela n\u2019est pas fait, nous allons sous faire entende en boycottant les cours. Dans le cadre de la mobilisation, nous demandons \u00e0 tous les enseignants du priv\u00e9 de se tenir pr\u00eats pour r\u00e9clamer leurs droits, les plus l\u00e9gitimes. Dans cette perspective, nous sollicitions vivement le soutien de nos braves \u00e9l\u00e8ves et parents d\u2019\u00e9l\u00e8ves pour que nous rentrions en possession de nos droits. Nous demandons aussi l\u2019accompagnement des enseignants fonctionnaires \u00e9voluant dans le priv\u00e9<\/strong><\/em> \u00bb a-t-il conclu.<\/p>\n\n\n\n<p>Pour l\u2019heure, l\u2019inspecteur r\u00e9gional du travail a re\u00e7u la plainte des enseignants du priv\u00e9 pour d\u00e9samorcer la crise et \u00e9viter \u00e0 Lab\u00e9, une nouvelle situation de crise dans le secteur de l\u2019\u00e9ducation.<\/p>\n\n\n\n<p>Affaire \u00e0 suivre !! <\/p>\n\n\n\n<p> AGP <\/p>\n","protected":false},"excerpt":{"rendered":"<p>L\u2019antenne r\u00e9gionale du syndicat des enseignants du priv\u00e9 de Guin\u00e9e (SEPGUI) a fait vendredi 12 juin 2020, une d\u00e9claration dans l\u2019 amphith\u00e9\u00e2tre de Lab\u00e9. Dans cette d\u00e9claration, les enseignants du secteur priv\u00e9 ont exig\u00e9 le paiement des salaires des mois d\u2019avril et de mai \u00e0 l\u2019occasion de la prochaine reprise des cours.Ces enseignants du priv\u00e9 [&hellip;]<\/p>\n","protected":false},"author":4,"featured_media":4333,"comment_status":"open","ping_status":"open","sticky":false,"template":"","format":"standard","meta":[],"categories":[23,2,24,21,22],"tags":[],"_links":{"self":[{"href":"https:\/\/universiteactu.com\/index.php?rest_route=\/wp\/v2\/posts\/4331"}],"collection":[{"href":"https:\/\/universiteactu.com\/index.php?rest_route=\/wp\/v2\/posts"}],"about":[{"href":"https:\/\/universiteactu.com\/index.php?rest_route=\/wp\/v2\/types\/post"}],"author":[{"embeddable":true,"href":"https:\/\/universiteactu.com\/index.php?rest_route=\/wp\/v2\/users\/4"}],"replies":[{"embeddable":true,"href":"https:\/\/universiteactu.com\/index.php?rest_route=%2Fwp%2Fv2%2Fcomments&post=4331"}],"version-history":[{"count":1,"href":"https:\/\/universiteactu.com\/index.php?rest_route=\/wp\/v2\/posts\/4331\/revisions"}],"predecessor-version":[{"id":4334,"href":"https:\/\/universiteactu.com\/index.php?rest_route=\/wp\/v2\/posts\/4331\/revisions\/4334"}],"wp:featuredmedia":[{"embeddable":true,"href":"https:\/\/universiteactu.com\/index.php?rest_route=\/wp\/v2\/media\/4333"}],"wp:attachment":[{"href":"https:\/\/universiteactu.com\/index.php?rest_route=%2Fwp%2Fv2%2Fmedia&parent=4331"}],"wp:term":[{"taxonomy":"category","embeddable":true,"href":"https:\/\/universiteactu.com\/index.php?rest_route=%2Fwp%2Fv2%2Fcategories&post=4331"},{"taxonomy":"post_tag","embeddable":true,"href":"https:\/\/universiteactu.com\/index.php?rest_route=%2Fwp%2Fv2%2Ftags&post=4331"}],"curies":[{"name":"wp","href":"https:\/\/api.w.org\/{rel}","templated":true}]}}