{"id":4194,"date":"2020-06-03T11:05:07","date_gmt":"2020-06-03T09:05:07","guid":{"rendered":"http:\/\/universiteactu.com\/?p=4194"},"modified":"2020-06-03T12:03:32","modified_gmt":"2020-06-03T10:03:32","slug":"guinee-education-les-cours-reprendront-ils-ce-lundi-08-juin-2020","status":"publish","type":"post","link":"https:\/\/universiteactu.com\/?p=4194","title":{"rendered":"Guin\u00e9e\/\u00c9ducation : Les cours reprendront-ils ce lundi 08 juin 2020?"},"content":{"rendered":"\n<h1 class=\"wp-block-heading\"><\/h1>\n\n\n\n<p class=\"has-drop-cap\">Rien n\u2019est encore officiel, mais nous tenons l\u2019information d\u2019une source s\u00fbre. Les cours pourraient reprendre ce lundi 08 juin 2020 sur l\u2019ensemble du territoire guin\u00e9en.<\/p>\n\n\n\n<p>Ce serait sans doute un ouf de soulagement pour les \u00e9l\u00e8ves, les parents d\u2019\u00e9l\u00e8ves ainsi que les autres acteurs du syst\u00e8me \u00e9ducatif guin\u00e9en. En effet, cette reprise a \u00e9t\u00e9 \u00e9voqu\u00e9e et discut\u00e9e au cours d\u2019une r\u00e9union entre directeurs communaux de l\u2019\u00e9ducation et responsables d\u2019\u00e9coles avec notamment la participation des d\u00e9l\u00e9gu\u00e9s du minist\u00e8re de l\u2019\u00e9ducation.<\/p>\n\n\n\n<p>Dans un document bien \u00e9labor\u00e9, nous indique notre source, il est envisag\u00e9 que les cours reprennent ce lundi 08 juin et que les examens nationaux soient organis\u00e9s dans l\u2019intervalle ci-apr\u00e8s :<\/p>\n\n\n\n<p>\u2013<strong>L\u2019examen d\u2019entr\u00e9e en 7\u00e8me ann\u00e9e du 29 au 31 juillet 2020;<\/strong><\/p>\n\n\n\n<p><strong>-Le BEPC du 10 au 14 ao\u00fbt 2020 et<\/strong><\/p>\n\n\n\n<p><strong>-Le Baccalaur\u00e9at du 17 au 20 ao\u00fbt 2020.<\/strong><\/p>\n\n\n\n<p>La source nous apprend \u00e9galement que les dates des \u00e9valuations finales pour les classes interm\u00e9diaires sont aussi indiqu\u00e9es dans ledit document.<\/p>\n\n\n\n<p>Les \u00e9l\u00e8ves pourraient ainsi reprendre le chemin de l\u2019\u00e9cole pour la premi\u00e8re fois depuis le 18 mars dernier.<\/p>\n\n\n\n<p>kibaro224.com<\/p>\n","protected":false},"excerpt":{"rendered":"<p>Rien n\u2019est encore officiel, mais nous tenons l\u2019information d\u2019une source s\u00fbre. Les cours pourraient reprendre ce lundi 08 juin 2020 sur l\u2019ensemble du territoire guin\u00e9en. Ce serait sans doute un ouf de soulagement pour les \u00e9l\u00e8ves, les parents d\u2019\u00e9l\u00e8ves ainsi que les autres acteurs du syst\u00e8me \u00e9ducatif guin\u00e9en. En effet, cette reprise a \u00e9t\u00e9 \u00e9voqu\u00e9e [&hellip;]<\/p>\n","protected":false},"author":4,"featured_media":540,"comment_status":"open","ping_status":"open","sticky":false,"template":"","format":"standard","meta":[],"categories":[23,2,24,21,22],"tags":[],"_links":{"self":[{"href":"https:\/\/universiteactu.com\/index.php?rest_route=\/wp\/v2\/posts\/4194"}],"collection":[{"href":"https:\/\/universiteactu.com\/index.php?rest_route=\/wp\/v2\/posts"}],"about":[{"href":"https:\/\/universiteactu.com\/index.php?rest_route=\/wp\/v2\/types\/post"}],"author":[{"embeddable":true,"href":"https:\/\/universiteactu.com\/index.php?rest_route=\/wp\/v2\/users\/4"}],"replies":[{"embeddable":true,"href":"https:\/\/universiteactu.com\/index.php?rest_route=%2Fwp%2Fv2%2Fcomments&post=4194"}],"version-history":[{"count":1,"href":"https:\/\/universiteactu.com\/index.php?rest_route=\/wp\/v2\/posts\/4194\/revisions"}],"predecessor-version":[{"id":4195,"href":"https:\/\/universiteactu.com\/index.php?rest_route=\/wp\/v2\/posts\/4194\/revisions\/4195"}],"wp:featuredmedia":[{"embeddable":true,"href":"https:\/\/universiteactu.com\/index.php?rest_route=\/wp\/v2\/media\/540"}],"wp:attachment":[{"href":"https:\/\/universiteactu.com\/index.php?rest_route=%2Fwp%2Fv2%2Fmedia&parent=4194"}],"wp:term":[{"taxonomy":"category","embeddable":true,"href":"https:\/\/universiteactu.com\/index.php?rest_route=%2Fwp%2Fv2%2Fcategories&post=4194"},{"taxonomy":"post_tag","embeddable":true,"href":"https:\/\/universiteactu.com\/index.php?rest_route=%2Fwp%2Fv2%2Ftags&post=4194"}],"curies":[{"name":"wp","href":"https:\/\/api.w.org\/{rel}","templated":true}]}}