{"id":4021,"date":"2020-05-13T13:02:52","date_gmt":"2020-05-13T11:02:52","guid":{"rendered":"http:\/\/universiteactu.com\/?p=4021"},"modified":"2020-05-13T13:02:53","modified_gmt":"2020-05-13T11:02:53","slug":"%ef%bb%bfcasse-de-kaporo-rails-le-groupe-scolaire-balouta-diallo-a-ete-deloges-ce-mardi","status":"publish","type":"post","link":"https:\/\/universiteactu.com\/?p=4021","title":{"rendered":"\ufeffCasse de Kaporo rails : Le Groupe scolaire Balouta DIALLO a \u00e9t\u00e9 d\u00e9log\u00e9s ce mardi"},"content":{"rendered":"\n<p><br><\/p>\n\n\n\n<p class=\"has-drop-cap\">&nbsp;Les rescap\u00e9s de la casse de Kaporo\nrails qui avaient squatt\u00e9 les entrailles du Groupe scolaire priv\u00e9 Balouta\nDIALLO situ\u00e9 \u00e0 kaporo-rails dans la commune de Ratoma ont \u00e9t\u00e9 vid\u00e9s. Ils ont\npli\u00e9 bagages de mardi. Pour quitter cette tani\u00e8re de fortune qui leur servait\nd\u2019abris. L\u2019\u00e9cole qui jusque-l\u00e0 n\u2019a pas \u00e9t\u00e9 d\u00e9molie a \u00e9t\u00e9 d\u00e9pouill\u00e9e de ses\nt\u00f4les. Signe que la casse n\u2019est pas loin. Casser cette \u00e9cole, c\u2019est faire\ndispara\u00eetre un symbole de l\u2019\u00e9cole guin\u00e9enne t\u00e9moigne un habitant de Kaporo\nrails. Elle formait bien, avec des ma\u00eetres assidus et p\u00e9dagogues, t\u00e9moigne ce\nmonsieur.<\/p>\n\n\n\n<p>Ce mardi, &nbsp;responsables et &nbsp;propri\u00e9taires de\nla dite \u00e9cole se sont donn\u00e9s les mains pour arracher des objets qui pensent-ils\npourraient les servir. Une d\u00e9ception totale se lisait dans l\u2019enceinte scolaire.<\/p>\n\n\n\n<p>\u00ab&nbsp;On n\u2019a pas o\u00f9 aller pour le moment parce qu\u2019on\nn\u2019est pas recas\u00e9. On a aucun point de chute&nbsp;\u00bb s\u2019est exclam\u00e9 le directeur\nde cette \u00e9cole, Lona &nbsp;Antoine. Pour lui,\naujourd\u2019hui, le personnel \u00e9voluant dans ce complexe scolaire ne sait plus o\u00f9\ndonner de la t\u00eate<\/p>\n\n\n\n<p>\u00ab&nbsp;On s\u2019attendait qu\u2019il y ait un d\u00e9dommagement \u00e0\nd\u00e9faut, un recasement. Maintenant qu\u2019il n\u2019y a ni l\u2019un ni l\u2019autre, on n\u2019a pas o\u00f9\naller franchement. On est d\u00e9\u00e7u d\u2019avoir v\u00e9cu tout ce temps ici et d\u2019\u00eatre chass\u00e9\ncomme des vulgaires personnes. Apr\u00e8s avoir rendu service \u00e0 la nation guin\u00e9enne\n\u00e0 travers des promotions qui ont \u00e9t\u00e9 form\u00e9s depuis 1993 lorsque nous quittons\ncomme \u00e7a sans point de chute imagine ce que \u00e7a peut nous faire comme mal \u00bb\ns\u2019indigne-t-il.<\/p>\n\n\n\n<p>Poursuivant, il lance un appel aux\nautorit\u00e9s&nbsp;\u00ab&nbsp;Que le gouvernement reconnaisse les efforts que nous\navions fournies. C\u2019est d\u2019abord personnel, mais c\u2019est un service rendu \u00e0 la\nnation. Donc, que ce gouvernement reconnaisse ce service rendu et qu\u2019il cherche\n\u00e0 soulager le fondateur qui a investi pour cette infrastructure.<\/p>\n\n\n\n<p>Visiblement d\u00e9\u00e7u, le fr\u00e8re du fondateur de cette \u00e9cole\ns\u2019exprime en ces termes: \u00ab&nbsp;Nous sommes choqu\u00e9s vraiment. Cette \u00e9cole \u00e9tait\nl\u2019espoir de combien de g\u00e9n\u00e9rations&nbsp;? s\u2019interroge-t-il. Des ministres, des\npr\u00e9sidents, des m\u00e9decins, des procureurs\u2026 tous ceux-l\u00e0 pouvaient sortir ici.\nEst-ce que c\u2019est de l\u2019aide \u00e7a. Et concernant la famille leur papa a construit\npour eux pour toute leur vie. Et si le pr\u00e9sident qui devrait nous aider\nnous&nbsp; chasse comme des animaux qu\u2019est-ce qu\u2019on peut vous dire. Seulement,\non se confie \u00e0 Dieu qui jugera le moment venu. Que Dieu tranche entre nous.<\/p>\n\n\n\n<p>Cet homme rappelle qu\u2019Alpha Cond\u00e9 avait promis de ne\nplus d\u00e9molir cette partie de Conakry.<\/p>\n\n\n\n<p>\u00ab C\u2019est Lansana CONTE qui avait \u00e9t\u00e9 le 1er \u00e0 d\u00e9molir\nici et Alpha CONDE &nbsp;est venu rassembler\nla commune de Ratoma en leur demandant pardon malgr\u00e9 que ce n\u2019est pas lui qui\navait d\u00e9moli \u00e0 cette \u00e9poque. Et nous avait rassur\u00e9s. Si maintenant, il vient\nd\u00e9molir, on se demande qui est cet homme. Mais, si c\u2019est vrai que Dieu est le\nmeilleur juge qu\u2019il lui rende sa monnaie ici et \u00e0 l\u2019eau del\u00e0&nbsp;\u00bb a-t-il\nsouhait\u00e9.<\/p>\n","protected":false},"excerpt":{"rendered":"<p>&nbsp;Les rescap\u00e9s de la casse de Kaporo rails qui avaient squatt\u00e9 les entrailles du Groupe scolaire priv\u00e9 Balouta DIALLO situ\u00e9 \u00e0 kaporo-rails dans la commune de Ratoma ont \u00e9t\u00e9 vid\u00e9s. Ils ont pli\u00e9 bagages de mardi. Pour quitter cette tani\u00e8re de fortune qui leur servait d\u2019abris. L\u2019\u00e9cole qui jusque-l\u00e0 n\u2019a pas \u00e9t\u00e9 d\u00e9molie a \u00e9t\u00e9 [&hellip;]<\/p>\n","protected":false},"author":4,"featured_media":4022,"comment_status":"open","ping_status":"open","sticky":false,"template":"","format":"standard","meta":[],"categories":[23,2,24,21,22],"tags":[],"_links":{"self":[{"href":"https:\/\/universiteactu.com\/index.php?rest_route=\/wp\/v2\/posts\/4021"}],"collection":[{"href":"https:\/\/universiteactu.com\/index.php?rest_route=\/wp\/v2\/posts"}],"about":[{"href":"https:\/\/universiteactu.com\/index.php?rest_route=\/wp\/v2\/types\/post"}],"author":[{"embeddable":true,"href":"https:\/\/universiteactu.com\/index.php?rest_route=\/wp\/v2\/users\/4"}],"replies":[{"embeddable":true,"href":"https:\/\/universiteactu.com\/index.php?rest_route=%2Fwp%2Fv2%2Fcomments&post=4021"}],"version-history":[{"count":1,"href":"https:\/\/universiteactu.com\/index.php?rest_route=\/wp\/v2\/posts\/4021\/revisions"}],"predecessor-version":[{"id":4023,"href":"https:\/\/universiteactu.com\/index.php?rest_route=\/wp\/v2\/posts\/4021\/revisions\/4023"}],"wp:featuredmedia":[{"embeddable":true,"href":"https:\/\/universiteactu.com\/index.php?rest_route=\/wp\/v2\/media\/4022"}],"wp:attachment":[{"href":"https:\/\/universiteactu.com\/index.php?rest_route=%2Fwp%2Fv2%2Fmedia&parent=4021"}],"wp:term":[{"taxonomy":"category","embeddable":true,"href":"https:\/\/universiteactu.com\/index.php?rest_route=%2Fwp%2Fv2%2Fcategories&post=4021"},{"taxonomy":"post_tag","embeddable":true,"href":"https:\/\/universiteactu.com\/index.php?rest_route=%2Fwp%2Fv2%2Ftags&post=4021"}],"curies":[{"name":"wp","href":"https:\/\/api.w.org\/{rel}","templated":true}]}}