{"id":3717,"date":"2020-03-24T19:40:02","date_gmt":"2020-03-24T18:40:02","guid":{"rendered":"http:\/\/universiteactu.com\/?p=3717"},"modified":"2020-03-24T19:40:06","modified_gmt":"2020-03-24T18:40:06","slug":"guinee-covid-19-les-ecoles-et-universites-seront-fermees-jusqua-nouvel-ordre","status":"publish","type":"post","link":"https:\/\/universiteactu.com\/?p=3717","title":{"rendered":"Guin\u00e9e\/COVID-19 : Les Ecoles et Universit\u00e9s seront ferm\u00e9es jusqu\u2019\u00e0 nouvel ordre"},"content":{"rendered":"\n<p class=\"has-drop-cap\">Dans le cadre de la lutte contre le coronavirus en Guin\u00e9e, les Minist\u00e8res en charge de l\u2019Education, de l\u2019Enseignement Sup\u00e9rieur et de la Formation Professionnelle ont d\u00e9cid\u00e9 la fermeture des Ecoles jusqu\u2019\u00e0 nouvel ordre.<br><br> Le communiqu\u00e9 qui annonce cette fermeture a \u00e9t\u00e9 sign\u00e9 ce mardi 24 mars 2020, par le Ministre en charge de l\u2019Enseignement Sup\u00e9rieur et de la Recherche Scientifique, Khader Yacine BARRY au nom de ses coll\u00e8gues, Mory SANGARE et de Lansana KOMARA.<br><br> Ci-dessous ledit communiqu\u00e9<\/p>\n\n\n\n<figure class=\"wp-block-image\"><img decoding=\"async\" loading=\"lazy\" width=\"447\" height=\"675\" src=\"http:\/\/universiteactu.com\/wp-content\/uploads\/2020\/03\/KADER.jpg\" alt=\"\" class=\"wp-image-3718\" srcset=\"https:\/\/universiteactu.com\/wp-content\/uploads\/2020\/03\/KADER.jpg 447w, https:\/\/universiteactu.com\/wp-content\/uploads\/2020\/03\/KADER-199x300.jpg 199w, https:\/\/universiteactu.com\/wp-content\/uploads\/2020\/03\/KADER-278x420.jpg 278w\" sizes=\"(max-width: 447px) 100vw, 447px\" \/><\/figure>\n\n\n\n<p><\/p>\n\n\n\n<p><br><\/p>\n","protected":false},"excerpt":{"rendered":"<p>Dans le cadre de la lutte contre le coronavirus en Guin\u00e9e, les Minist\u00e8res en charge de l\u2019Education, de l\u2019Enseignement Sup\u00e9rieur et de la Formation Professionnelle ont d\u00e9cid\u00e9 la fermeture des Ecoles jusqu\u2019\u00e0 nouvel ordre. Le communiqu\u00e9 qui annonce cette fermeture a \u00e9t\u00e9 sign\u00e9 ce mardi 24 mars 2020, par le Ministre en charge de l\u2019Enseignement [&hellip;]<\/p>\n","protected":false},"author":4,"featured_media":3515,"comment_status":"open","ping_status":"open","sticky":false,"template":"","format":"standard","meta":[],"categories":[23,12,2,15,24,21,22,16,6,8],"tags":[],"_links":{"self":[{"href":"https:\/\/universiteactu.com\/index.php?rest_route=\/wp\/v2\/posts\/3717"}],"collection":[{"href":"https:\/\/universiteactu.com\/index.php?rest_route=\/wp\/v2\/posts"}],"about":[{"href":"https:\/\/universiteactu.com\/index.php?rest_route=\/wp\/v2\/types\/post"}],"author":[{"embeddable":true,"href":"https:\/\/universiteactu.com\/index.php?rest_route=\/wp\/v2\/users\/4"}],"replies":[{"embeddable":true,"href":"https:\/\/universiteactu.com\/index.php?rest_route=%2Fwp%2Fv2%2Fcomments&post=3717"}],"version-history":[{"count":2,"href":"https:\/\/universiteactu.com\/index.php?rest_route=\/wp\/v2\/posts\/3717\/revisions"}],"predecessor-version":[{"id":3720,"href":"https:\/\/universiteactu.com\/index.php?rest_route=\/wp\/v2\/posts\/3717\/revisions\/3720"}],"wp:featuredmedia":[{"embeddable":true,"href":"https:\/\/universiteactu.com\/index.php?rest_route=\/wp\/v2\/media\/3515"}],"wp:attachment":[{"href":"https:\/\/universiteactu.com\/index.php?rest_route=%2Fwp%2Fv2%2Fmedia&parent=3717"}],"wp:term":[{"taxonomy":"category","embeddable":true,"href":"https:\/\/universiteactu.com\/index.php?rest_route=%2Fwp%2Fv2%2Fcategories&post=3717"},{"taxonomy":"post_tag","embeddable":true,"href":"https:\/\/universiteactu.com\/index.php?rest_route=%2Fwp%2Fv2%2Ftags&post=3717"}],"curies":[{"name":"wp","href":"https:\/\/api.w.org\/{rel}","templated":true}]}}