{"id":353,"date":"2017-03-30T00:16:57","date_gmt":"2017-03-29T22:16:57","guid":{"rendered":"http:\/\/universiteactu.com\/?p=353"},"modified":"2017-03-30T00:16:57","modified_gmt":"2017-03-29T22:16:57","slug":"ua-nouvelle-manifestation-ce-mercredi-a-mamou-des-eleves-ont-exprime-leur-soutien-aux-etudiants-interpelle-ce-mardi","status":"publish","type":"post","link":"https:\/\/universiteactu.com\/?p=353","title":{"rendered":"UA: Nouvelle manifestation ce mercredi \u00e0 Mamou. Des \u00e9l\u00e8ves ont exprim\u00e9 leur soutien  aux  \u00e9tudiants interpell\u00e9 ce mardi."},"content":{"rendered":"<p><strong>Nouvelle manifestation ce mercredi \u00e0 Mamou. Des \u00e9l\u00e8ves ont exprim\u00e9 leur soutien\u00a0 aux\u00a0 \u00e9tudiants interpell\u00e9 ce mardi. <\/strong><\/p>\n<p>Pendant que le proc\u00e8s des 21 \u00e9tudiants interpell\u00e9s lors des manifestations de rue des derni\u00e8res 48 heures se tiennent au tribunal de premi\u00e8re instance de Mamou, les \u00e9l\u00e8ves de certains lyc\u00e9es de la commune urbaine se sont joints aux \u00e9tudiants qui manifestaient encore ce mercredi pour la lib\u00e9ration de leurs camarades.<\/p>\n<p>C\u2019est aux environs de 10 heures que \u00a0les \u00e9l\u00e8ves des lyc\u00e9es Doukour\u00e9, Afia et Union musulmane ont re\u00e7u la visite des manifestants pendant qu\u2019ils suivaient les cours, nous a confi\u00e9 une source joint \u00e0 Mamou par universiteactu.com.<\/p>\n<p>C\u2019est pendant donc cette perturbation, que \u00a0certains \u00e9l\u00e8ves se sont joints aux \u00e9tudiants en col\u00e8re. \u00a0Pendant de longues minutes des \u00e9changes de jets de pierres contre des gaz lacrymog\u00e8nes ont \u00e9t\u00e9 constat\u00e9 entre manifestants et policiers nous a rapport\u00e9 notre correspondant.<\/p>\n<p>Du march\u00e9 jusqu\u2019au carrefour de la gendarmerie, des agents de la s\u00e9curit\u00e9 venus de Lab\u00e9, Kindia et Faranah \u00a0\u00e9taient d\u00e9ploy\u00e9s pour emp\u00eacher les manifestants \u00e0 faire des d\u00e9g\u00e2ts. Les \u00a0Boutiques, magasins, \u00a0et Banques sont rest\u00e9 \u00a0fermer.<\/p>\n<p>Ce mercredi donc le proc\u00e8s des 21 \u00e9tudiants\u00a0 interpell\u00e9 lors de la manifestation de ce mardi \u00e0 d\u00e9buter au tribunal de Mamou.<\/p>\n<p>Ces \u00e9tudiants sont poursuivis pour \u2018\u2019violences, voie de faits, destruction d\u2019\u00e9difices publics et biens mobiliers, outrage \u00e0 magistrat, participation \u00e0 un attroupement, participation d\u00e9lictueuse \u00e0 des r\u00e9unions sur les lieux publics, participation \u00e0 des d\u00e9fil\u00e9s sur la voie publique non-autoris\u00e9s, coups et blessures volontaires et complicit\u00e9\u2019\u2019 nous a confi\u00e9 un des avocats des accus\u00e9s.<\/p>\n","protected":false},"excerpt":{"rendered":"<p>Nouvelle manifestation ce mercredi \u00e0 Mamou. Des \u00e9l\u00e8ves ont exprim\u00e9 leur soutien\u00a0 aux\u00a0 \u00e9tudiants interpell\u00e9 ce mardi. Pendant que le proc\u00e8s des 21 \u00e9tudiants interpell\u00e9s lors des manifestations de rue des derni\u00e8res 48 heures se tiennent au tribunal de premi\u00e8re instance de Mamou, les \u00e9l\u00e8ves de certains lyc\u00e9es de la commune urbaine se sont joints [&hellip;]<\/p>\n","protected":false},"author":1,"featured_media":354,"comment_status":"open","ping_status":"open","sticky":false,"template":"","format":"standard","meta":[],"categories":[2,7,1,21,6,8],"tags":[],"_links":{"self":[{"href":"https:\/\/universiteactu.com\/index.php?rest_route=\/wp\/v2\/posts\/353"}],"collection":[{"href":"https:\/\/universiteactu.com\/index.php?rest_route=\/wp\/v2\/posts"}],"about":[{"href":"https:\/\/universiteactu.com\/index.php?rest_route=\/wp\/v2\/types\/post"}],"author":[{"embeddable":true,"href":"https:\/\/universiteactu.com\/index.php?rest_route=\/wp\/v2\/users\/1"}],"replies":[{"embeddable":true,"href":"https:\/\/universiteactu.com\/index.php?rest_route=%2Fwp%2Fv2%2Fcomments&post=353"}],"version-history":[{"count":1,"href":"https:\/\/universiteactu.com\/index.php?rest_route=\/wp\/v2\/posts\/353\/revisions"}],"predecessor-version":[{"id":355,"href":"https:\/\/universiteactu.com\/index.php?rest_route=\/wp\/v2\/posts\/353\/revisions\/355"}],"wp:featuredmedia":[{"embeddable":true,"href":"https:\/\/universiteactu.com\/index.php?rest_route=\/wp\/v2\/media\/354"}],"wp:attachment":[{"href":"https:\/\/universiteactu.com\/index.php?rest_route=%2Fwp%2Fv2%2Fmedia&parent=353"}],"wp:term":[{"taxonomy":"category","embeddable":true,"href":"https:\/\/universiteactu.com\/index.php?rest_route=%2Fwp%2Fv2%2Fcategories&post=353"},{"taxonomy":"post_tag","embeddable":true,"href":"https:\/\/universiteactu.com\/index.php?rest_route=%2Fwp%2Fv2%2Ftags&post=353"}],"curies":[{"name":"wp","href":"https:\/\/api.w.org\/{rel}","templated":true}]}}