{"id":32901,"date":"2026-01-07T23:14:45","date_gmt":"2026-01-07T22:14:45","guid":{"rendered":"https:\/\/universiteactu.com\/?p=32901"},"modified":"2026-01-07T23:14:47","modified_gmt":"2026-01-07T22:14:47","slug":"fuite-des-cerveaux-ou-attractivite-regionale-le-senegal-face-aux-departs-denseignants-vers-la-guinee","status":"publish","type":"post","link":"https:\/\/universiteactu.com\/?p=32901","title":{"rendered":"Fuite des cerveaux ou attractivit\u00e9 r\u00e9gionale ? Le S\u00e9n\u00e9gal face aux d\u00e9parts d\u2019enseignants vers la Guin\u00e9e"},"content":{"rendered":"\n<p>Au S\u00e9n\u00e9gal, les autorit\u00e9s s\u2019inqui\u00e8tent du d\u00e9part croissant d\u2019enseignants-chercheurs vers l\u2019\u00e9tranger, notamment vers la Guin\u00e9e. Plusieurs universit\u00e9s publiques guin\u00e9ennes recruteraient de plus en plus d\u2019universitaires s\u00e9n\u00e9galais, une situation jug\u00e9e contraire aux r\u00e8gles encadrant la fonction publique s\u00e9n\u00e9galaise.<\/p>\n\n\n\n<p>Dans une r\u00e9cente circulaire, le minist\u00e8re de l\u2019Enseignement sup\u00e9rieur, de la Recherche et de l\u2019Innovation du S\u00e9n\u00e9gal a demand\u00e9 des explications aux recteurs des universit\u00e9s publiques. Le ministre a rappel\u00e9 que l\u2019int\u00e9gration de la fonction publique d\u2019un autre pays sans autorisation pr\u00e9alable constitue une infraction \u00e0 la l\u00e9gislation nationale, n\u2019excluant pas d\u2019\u00e9ventuelles sanctions administratives et disciplinaires.<\/p>\n\n\n\n<p>Selon les donn\u00e9es communiqu\u00e9es par le minist\u00e8re, <strong>59 enseignants-chercheurs<\/strong> auraient quitt\u00e9 le S\u00e9n\u00e9gal pour exercer dans d\u2019autres pays, principalement en Guin\u00e9e. Cette mobilit\u00e9 non encadr\u00e9e suscite un d\u00e9bat national, dans un contexte o\u00f9 le S\u00e9n\u00e9gal fait d\u00e9j\u00e0 face \u00e0 un d\u00e9ficit d\u2019enseignants qualifi\u00e9s dans certaines fili\u00e8res strat\u00e9giques.<\/p>\n\n\n\n<p>Du c\u00f4t\u00e9 guin\u00e9en, ces recrutements s\u2019inscrivent dans une politique de renforcement des capacit\u00e9s acad\u00e9miques et de modernisation de l\u2019enseignement sup\u00e9rieur. Cette situation met toutefois en lumi\u00e8re les d\u00e9fis r\u00e9gionaux li\u00e9s \u00e0 la gestion des ressources humaines universitaires en Afrique de l\u2019Ouest, appelant \u00e0 une meilleure coordination inter\u00e9tatique en mati\u00e8re de mobilit\u00e9 acad\u00e9mique.<\/p>\n","protected":false},"excerpt":{"rendered":"<p>Au S\u00e9n\u00e9gal, les autorit\u00e9s s\u2019inqui\u00e8tent du d\u00e9part croissant d\u2019enseignants-chercheurs vers l\u2019\u00e9tranger, notamment vers la Guin\u00e9e. Plusieurs universit\u00e9s publiques guin\u00e9ennes recruteraient de plus en plus d\u2019universitaires s\u00e9n\u00e9galais, une situation jug\u00e9e contraire aux r\u00e8gles encadrant la fonction publique s\u00e9n\u00e9galaise. Dans une r\u00e9cente circulaire, le minist\u00e8re de l\u2019Enseignement sup\u00e9rieur, de la Recherche et de l\u2019Innovation du S\u00e9n\u00e9gal a [&hellip;]<\/p>\n","protected":false},"author":1,"featured_media":32902,"comment_status":"closed","ping_status":"closed","sticky":false,"template":"","format":"standard","meta":[],"categories":[2,42,6],"tags":[],"_links":{"self":[{"href":"https:\/\/universiteactu.com\/index.php?rest_route=\/wp\/v2\/posts\/32901"}],"collection":[{"href":"https:\/\/universiteactu.com\/index.php?rest_route=\/wp\/v2\/posts"}],"about":[{"href":"https:\/\/universiteactu.com\/index.php?rest_route=\/wp\/v2\/types\/post"}],"author":[{"embeddable":true,"href":"https:\/\/universiteactu.com\/index.php?rest_route=\/wp\/v2\/users\/1"}],"replies":[{"embeddable":true,"href":"https:\/\/universiteactu.com\/index.php?rest_route=%2Fwp%2Fv2%2Fcomments&post=32901"}],"version-history":[{"count":1,"href":"https:\/\/universiteactu.com\/index.php?rest_route=\/wp\/v2\/posts\/32901\/revisions"}],"predecessor-version":[{"id":32903,"href":"https:\/\/universiteactu.com\/index.php?rest_route=\/wp\/v2\/posts\/32901\/revisions\/32903"}],"wp:featuredmedia":[{"embeddable":true,"href":"https:\/\/universiteactu.com\/index.php?rest_route=\/wp\/v2\/media\/32902"}],"wp:attachment":[{"href":"https:\/\/universiteactu.com\/index.php?rest_route=%2Fwp%2Fv2%2Fmedia&parent=32901"}],"wp:term":[{"taxonomy":"category","embeddable":true,"href":"https:\/\/universiteactu.com\/index.php?rest_route=%2Fwp%2Fv2%2Fcategories&post=32901"},{"taxonomy":"post_tag","embeddable":true,"href":"https:\/\/universiteactu.com\/index.php?rest_route=%2Fwp%2Fv2%2Ftags&post=32901"}],"curies":[{"name":"wp","href":"https:\/\/api.w.org\/{rel}","templated":true}]}}