{"id":32431,"date":"2025-11-27T15:17:23","date_gmt":"2025-11-27T14:17:23","guid":{"rendered":"https:\/\/universiteactu.com\/?p=32431"},"modified":"2025-11-27T15:17:26","modified_gmt":"2025-11-27T14:17:26","slug":"universite-de-labe-et-ibnou-zohr-scellent-un-partenariat-strategique","status":"publish","type":"post","link":"https:\/\/universiteactu.com\/?p=32431","title":{"rendered":"Universit\u00e9 de Lab\u00e9 et Ibnou Zohr scellent un partenariat strat\u00e9gique"},"content":{"rendered":"\n<p>\u00c0 l\u2019occasion du <strong>50\u1d49 anniversaire de la Glorieuse Marche Verte<\/strong>, c\u00e9l\u00e9br\u00e9 le samedi 15 novembre 2025, l\u2019Universit\u00e9 de Lab\u00e9 a sign\u00e9 un <strong>accord-cadre de partenariat<\/strong> avec l\u2019Universit\u00e9 Ibnou Zohr du Royaume du Maroc. Cet acte officiel marque une \u00e9tape strat\u00e9gique dans le renforcement de la coop\u00e9ration acad\u00e9mique, scientifique et technologique entre les deux institutions, tout en s\u2019inscrivant dans la dynamique du <strong>partenariat sud-sud<\/strong>.<\/p>\n\n\n\n<p>Ce nouvel accord ouvre la voie \u00e0 une collaboration structur\u00e9e entre l\u2019Universit\u00e9 de Lab\u00e9 et l\u2019\u00c9cole Sup\u00e9rieure de Technologie de Dakhla. Il a \u00e9t\u00e9 rendu possible gr\u00e2ce \u00e0 l\u2019implication d\u00e9terminante de <strong>Son Excellence Monsieur l\u2019Ambassadeur de Guin\u00e9e au Maroc<\/strong> et du <strong>Consul G\u00e9n\u00e9ral \u00e0 Dakhla<\/strong>, dont les efforts diplomatiques ont contribu\u00e9 \u00e0 finaliser cette coop\u00e9ration majeure.<\/p>\n\n\n\n<figure class=\"wp-block-gallery has-nested-images columns-default is-cropped wp-block-gallery-1 is-layout-flex\">\n<figure class=\"wp-block-image size-large\"><img decoding=\"async\" loading=\"lazy\" width=\"1020\" height=\"1024\" data-id=\"32432\"  src=\"https:\/\/universiteactu.com\/wp-content\/uploads\/2025\/11\/accord-Labe-Maroc-1-1020x1024.jpg\" alt=\"\" class=\"wp-image-32432\" srcset=\"https:\/\/universiteactu.com\/wp-content\/uploads\/2025\/11\/accord-Labe-Maroc-1-1020x1024.jpg 1020w, https:\/\/universiteactu.com\/wp-content\/uploads\/2025\/11\/accord-Labe-Maroc-1-300x300.jpg 300w, https:\/\/universiteactu.com\/wp-content\/uploads\/2025\/11\/accord-Labe-Maroc-1-150x150.jpg 150w, https:\/\/universiteactu.com\/wp-content\/uploads\/2025\/11\/accord-Labe-Maroc-1-768x771.jpg 768w, https:\/\/universiteactu.com\/wp-content\/uploads\/2025\/11\/accord-Labe-Maroc-1-1530x1536.jpg 1530w, https:\/\/universiteactu.com\/wp-content\/uploads\/2025\/11\/accord-Labe-Maroc-1-418x420.jpg 418w, https:\/\/universiteactu.com\/wp-content\/uploads\/2025\/11\/accord-Labe-Maroc-1-640x642.jpg 640w, https:\/\/universiteactu.com\/wp-content\/uploads\/2025\/11\/accord-Labe-Maroc-1-681x684.jpg 681w, https:\/\/universiteactu.com\/wp-content\/uploads\/2025\/11\/accord-Labe-Maroc-1.jpg 1591w\" sizes=\"(max-width: 1020px) 100vw, 1020px\" \/><\/figure>\n<\/figure>\n\n\n\n<p>La c\u00e9r\u00e9monie s\u2019est d\u00e9roul\u00e9e en pr\u00e9sence de <strong>Madame la Ministre d\u00e9l\u00e9gu\u00e9e charg\u00e9e de la Transition Num\u00e9rique<\/strong>, du <strong>Pr\u00e9sident du Conseil R\u00e9gional de Dakhla-Oued Eddahab<\/strong>, d\u2019enseignants, d\u2019experts du num\u00e9rique, d\u2019\u00e9tudiants et du personnel diplomatique guin\u00e9en. Des <strong>satisfecit<\/strong> ont \u00e9t\u00e9 d\u00e9cern\u00e9s aux responsables marocains pour leur engagement envers la Guin\u00e9e.<\/p>\n\n\n\n<p>Cet accord consolide la position de l\u2019Universit\u00e9 de Lab\u00e9 comme acteur cl\u00e9 de l\u2019int\u00e9gration acad\u00e9mique africaine et de la promotion de la recherche et de l\u2019innovation.<\/p>\n\n\n\n<figure class=\"wp-block-gallery has-nested-images columns-default is-cropped wp-block-gallery-3 is-layout-flex\">\n<figure class=\"wp-block-image size-large\"><img decoding=\"async\" loading=\"lazy\" width=\"576\" height=\"768\" data-id=\"32436\"  src=\"https:\/\/universiteactu.com\/wp-content\/uploads\/2025\/11\/accord-Labe-Maroc-5.jpg\" alt=\"\" class=\"wp-image-32436\" srcset=\"https:\/\/universiteactu.com\/wp-content\/uploads\/2025\/11\/accord-Labe-Maroc-5.jpg 576w, https:\/\/universiteactu.com\/wp-content\/uploads\/2025\/11\/accord-Labe-Maroc-5-225x300.jpg 225w, https:\/\/universiteactu.com\/wp-content\/uploads\/2025\/11\/accord-Labe-Maroc-5-315x420.jpg 315w\" sizes=\"(max-width: 576px) 100vw, 576px\" \/><\/figure>\n\n\n\n<figure class=\"wp-block-image size-large\"><img decoding=\"async\" loading=\"lazy\" width=\"720\" height=\"960\" data-id=\"32435\"  src=\"https:\/\/universiteactu.com\/wp-content\/uploads\/2025\/11\/accord-Labe-Maroc-4.jpg\" alt=\"\" class=\"wp-image-32435\" srcset=\"https:\/\/universiteactu.com\/wp-content\/uploads\/2025\/11\/accord-Labe-Maroc-4.jpg 720w, https:\/\/universiteactu.com\/wp-content\/uploads\/2025\/11\/accord-Labe-Maroc-4-225x300.jpg 225w, https:\/\/universiteactu.com\/wp-content\/uploads\/2025\/11\/accord-Labe-Maroc-4-315x420.jpg 315w, https:\/\/universiteactu.com\/wp-content\/uploads\/2025\/11\/accord-Labe-Maroc-4-640x853.jpg 640w, https:\/\/universiteactu.com\/wp-content\/uploads\/2025\/11\/accord-Labe-Maroc-4-681x908.jpg 681w\" sizes=\"(max-width: 720px) 100vw, 720px\" \/><\/figure>\n\n\n\n<figure class=\"wp-block-image size-large\"><img decoding=\"async\" loading=\"lazy\" width=\"720\" height=\"960\" data-id=\"32434\"  src=\"https:\/\/universiteactu.com\/wp-content\/uploads\/2025\/11\/accord-Labe-Maroc-3.jpg\" alt=\"\" class=\"wp-image-32434\" srcset=\"https:\/\/universiteactu.com\/wp-content\/uploads\/2025\/11\/accord-Labe-Maroc-3.jpg 720w, https:\/\/universiteactu.com\/wp-content\/uploads\/2025\/11\/accord-Labe-Maroc-3-225x300.jpg 225w, https:\/\/universiteactu.com\/wp-content\/uploads\/2025\/11\/accord-Labe-Maroc-3-315x420.jpg 315w, https:\/\/universiteactu.com\/wp-content\/uploads\/2025\/11\/accord-Labe-Maroc-3-640x853.jpg 640w, https:\/\/universiteactu.com\/wp-content\/uploads\/2025\/11\/accord-Labe-Maroc-3-681x908.jpg 681w\" sizes=\"(max-width: 720px) 100vw, 720px\" \/><\/figure>\n\n\n\n<figure class=\"wp-block-image size-large\"><img decoding=\"async\" loading=\"lazy\" width=\"576\" height=\"1024\" data-id=\"32433\"  src=\"https:\/\/universiteactu.com\/wp-content\/uploads\/2025\/11\/accord-Labe-Maroc-2.jpg\" alt=\"\" class=\"wp-image-32433\" srcset=\"https:\/\/universiteactu.com\/wp-content\/uploads\/2025\/11\/accord-Labe-Maroc-2.jpg 576w, https:\/\/universiteactu.com\/wp-content\/uploads\/2025\/11\/accord-Labe-Maroc-2-169x300.jpg 169w, https:\/\/universiteactu.com\/wp-content\/uploads\/2025\/11\/accord-Labe-Maroc-2-236x420.jpg 236w\" sizes=\"(max-width: 576px) 100vw, 576px\" \/><\/figure>\n<\/figure>\n","protected":false},"excerpt":{"rendered":"<p>\u00c0 l\u2019occasion du 50\u1d49 anniversaire de la Glorieuse Marche Verte, c\u00e9l\u00e9br\u00e9 le samedi 15 novembre 2025, l\u2019Universit\u00e9 de Lab\u00e9 a sign\u00e9 un accord-cadre de partenariat avec l\u2019Universit\u00e9 Ibnou Zohr du Royaume du Maroc. Cet acte officiel marque une \u00e9tape strat\u00e9gique dans le renforcement de la coop\u00e9ration acad\u00e9mique, scientifique et technologique entre les deux institutions, tout [&hellip;]<\/p>\n","protected":false},"author":1,"featured_media":32437,"comment_status":"closed","ping_status":"closed","sticky":false,"template":"","format":"standard","meta":[],"categories":[2,6,38],"tags":[],"_links":{"self":[{"href":"https:\/\/universiteactu.com\/index.php?rest_route=\/wp\/v2\/posts\/32431"}],"collection":[{"href":"https:\/\/universiteactu.com\/index.php?rest_route=\/wp\/v2\/posts"}],"about":[{"href":"https:\/\/universiteactu.com\/index.php?rest_route=\/wp\/v2\/types\/post"}],"author":[{"embeddable":true,"href":"https:\/\/universiteactu.com\/index.php?rest_route=\/wp\/v2\/users\/1"}],"replies":[{"embeddable":true,"href":"https:\/\/universiteactu.com\/index.php?rest_route=%2Fwp%2Fv2%2Fcomments&post=32431"}],"version-history":[{"count":1,"href":"https:\/\/universiteactu.com\/index.php?rest_route=\/wp\/v2\/posts\/32431\/revisions"}],"predecessor-version":[{"id":32438,"href":"https:\/\/universiteactu.com\/index.php?rest_route=\/wp\/v2\/posts\/32431\/revisions\/32438"}],"wp:featuredmedia":[{"embeddable":true,"href":"https:\/\/universiteactu.com\/index.php?rest_route=\/wp\/v2\/media\/32437"}],"wp:attachment":[{"href":"https:\/\/universiteactu.com\/index.php?rest_route=%2Fwp%2Fv2%2Fmedia&parent=32431"}],"wp:term":[{"taxonomy":"category","embeddable":true,"href":"https:\/\/universiteactu.com\/index.php?rest_route=%2Fwp%2Fv2%2Fcategories&post=32431"},{"taxonomy":"post_tag","embeddable":true,"href":"https:\/\/universiteactu.com\/index.php?rest_route=%2Fwp%2Fv2%2Ftags&post=32431"}],"curies":[{"name":"wp","href":"https:\/\/api.w.org\/{rel}","templated":true}]}}