{"id":3178,"date":"2020-02-05T05:31:07","date_gmt":"2020-02-05T04:31:07","guid":{"rendered":"http:\/\/universiteactu.com\/?p=3178"},"modified":"2020-02-05T05:31:09","modified_gmt":"2020-02-05T04:31:09","slug":"le-ministre-abdoulaye-yero-balde-recoit-le-titre-docteur-honoris-causa-de-fon-university","status":"publish","type":"post","link":"https:\/\/universiteactu.com\/?p=3178","title":{"rendered":"LE MINISTRE ABDOULAYE YERO BALDE RECOIT LE TITRE DOCTEUR HONORIS CAUSA DE FON UNIVERSITY"},"content":{"rendered":"\n<p class=\"has-drop-cap\">Consciente de ses hautes potentialit\u00e9s, de ses capacit\u00e9s \u00e0 collaborer avec l\u2019Humain, l\u2019Universit\u00e9 FON de la Mac\u00e9doine du Nord, premi\u00e8re universit\u00e9 priv\u00e9e des pays des Balkans a d\u00e9cern\u00e9 le Doctorat Honoris Causa \u00e0 Monsieur Abdoulaye Y\u00e9ro Bald\u00e9, Ministre de l\u2019Enseignement Sup\u00e9rieur et de la Recherche Scientifique de la R\u00e9publique de Guin\u00e9e.<\/p>\n\n\n\n<figure class=\"wp-block-image\"><img decoding=\"async\" loading=\"lazy\" width=\"1024\" height=\"764\" src=\"http:\/\/universiteactu.com\/wp-content\/uploads\/2020\/02\/Doctorat-Honoris-Causa-l\u2019Universit\u00e9-FON-1-1024x764.jpg\" alt=\"\" class=\"wp-image-3179\" srcset=\"https:\/\/universiteactu.com\/wp-content\/uploads\/2020\/02\/Doctorat-Honoris-Causa-l\u2019Universit\u00e9-FON-1-1024x764.jpg 1024w, https:\/\/universiteactu.com\/wp-content\/uploads\/2020\/02\/Doctorat-Honoris-Causa-l\u2019Universit\u00e9-FON-1-300x224.jpg 300w, https:\/\/universiteactu.com\/wp-content\/uploads\/2020\/02\/Doctorat-Honoris-Causa-l\u2019Universit\u00e9-FON-1-768x573.jpg 768w, https:\/\/universiteactu.com\/wp-content\/uploads\/2020\/02\/Doctorat-Honoris-Causa-l\u2019Universit\u00e9-FON-1-563x420.jpg 563w, https:\/\/universiteactu.com\/wp-content\/uploads\/2020\/02\/Doctorat-Honoris-Causa-l\u2019Universit\u00e9-FON-1-80x60.jpg 80w, https:\/\/universiteactu.com\/wp-content\/uploads\/2020\/02\/Doctorat-Honoris-Causa-l\u2019Universit\u00e9-FON-1-100x75.jpg 100w, https:\/\/universiteactu.com\/wp-content\/uploads\/2020\/02\/Doctorat-Honoris-Causa-l\u2019Universit\u00e9-FON-1-180x135.jpg 180w, https:\/\/universiteactu.com\/wp-content\/uploads\/2020\/02\/Doctorat-Honoris-Causa-l\u2019Universit\u00e9-FON-1-238x178.jpg 238w, https:\/\/universiteactu.com\/wp-content\/uploads\/2020\/02\/Doctorat-Honoris-Causa-l\u2019Universit\u00e9-FON-1-640x478.jpg 640w, https:\/\/universiteactu.com\/wp-content\/uploads\/2020\/02\/Doctorat-Honoris-Causa-l\u2019Universit\u00e9-FON-1-681x508.jpg 681w, https:\/\/universiteactu.com\/wp-content\/uploads\/2020\/02\/Doctorat-Honoris-Causa-l\u2019Universit\u00e9-FON-1.jpg 1080w\" sizes=\"(max-width: 1024px) 100vw, 1024px\" \/><\/figure>\n\n\n\n<p>Ce titre honorifique a \u00e9t\u00e9 attribu\u00e9 au Ministre Abdoulaye Y\u00e9ro Bald\u00e9, en reconnaissance de sa contribution avec des propositions et des actions en faveur de l\u2019\u00e9ducation en Guin\u00e9e. En lui d\u00e9cernant un Doctorat Honoris Causa, l\u2019Universit\u00e9 FON veut d\u2019abord honorer celui qui durant son parcours, a \u00e9t\u00e9 l\u2019ind\u00e9fectible d\u00e9fenseur de la libert\u00e9 de penser, d\u2019agir et d\u2019\u00eatre en sa qualit\u00e9 de citoyen de la R\u00e9publique de Guin\u00e9e, pour son exp\u00e9rience d\u2019acteur sur le terrain et \u00e0 l\u2019\u00e9coute de la pr\u00e9occupation des guin\u00e9ens ordinaires.<\/p>\n\n\n\n<figure class=\"wp-block-image\"><img decoding=\"async\" loading=\"lazy\" width=\"1024\" height=\"764\" src=\"http:\/\/universiteactu.com\/wp-content\/uploads\/2020\/02\/Doctorat-Honoris-Causa-l\u2019Universit\u00e9-FON-5-1024x764.jpg\" alt=\"\" class=\"wp-image-3183\" srcset=\"https:\/\/universiteactu.com\/wp-content\/uploads\/2020\/02\/Doctorat-Honoris-Causa-l\u2019Universit\u00e9-FON-5-1024x764.jpg 1024w, https:\/\/universiteactu.com\/wp-content\/uploads\/2020\/02\/Doctorat-Honoris-Causa-l\u2019Universit\u00e9-FON-5-300x224.jpg 300w, https:\/\/universiteactu.com\/wp-content\/uploads\/2020\/02\/Doctorat-Honoris-Causa-l\u2019Universit\u00e9-FON-5-768x573.jpg 768w, https:\/\/universiteactu.com\/wp-content\/uploads\/2020\/02\/Doctorat-Honoris-Causa-l\u2019Universit\u00e9-FON-5-563x420.jpg 563w, https:\/\/universiteactu.com\/wp-content\/uploads\/2020\/02\/Doctorat-Honoris-Causa-l\u2019Universit\u00e9-FON-5-80x60.jpg 80w, https:\/\/universiteactu.com\/wp-content\/uploads\/2020\/02\/Doctorat-Honoris-Causa-l\u2019Universit\u00e9-FON-5-100x75.jpg 100w, https:\/\/universiteactu.com\/wp-content\/uploads\/2020\/02\/Doctorat-Honoris-Causa-l\u2019Universit\u00e9-FON-5-180x135.jpg 180w, https:\/\/universiteactu.com\/wp-content\/uploads\/2020\/02\/Doctorat-Honoris-Causa-l\u2019Universit\u00e9-FON-5-238x178.jpg 238w, https:\/\/universiteactu.com\/wp-content\/uploads\/2020\/02\/Doctorat-Honoris-Causa-l\u2019Universit\u00e9-FON-5-640x478.jpg 640w, https:\/\/universiteactu.com\/wp-content\/uploads\/2020\/02\/Doctorat-Honoris-Causa-l\u2019Universit\u00e9-FON-5-681x508.jpg 681w, https:\/\/universiteactu.com\/wp-content\/uploads\/2020\/02\/Doctorat-Honoris-Causa-l\u2019Universit\u00e9-FON-5.jpg 1080w\" sizes=\"(max-width: 1024px) 100vw, 1024px\" \/><\/figure>\n\n\n\n<p>Pour le Ministre Abdoulaye Y\u00e9ro Bald\u00e9, recevoir le titre Docteur Honoris Causa par une Universit\u00e9 qui a une histoire d\u2019envergure, est un grand honneur et toujours une raison de grande joie. Poursuivant, il a exprim\u00e9 toute sa gratitude au Pr Nano Ruzin, Recteur de l\u2019Universit\u00e9 FON pour ce geste d\u2019une grande amiti\u00e9 et \u00e0 travers lui, l\u2019ensemble des acad\u00e9miciens de l\u2019Universit\u00e9 FON pour avoir d\u00e9velopp\u00e9 ce programme d\u2019octroi des Doctorats Honoris Causa \u00e0 des personnalit\u00e9s \u00e9minentes ainsi que pour l\u2019organisation de grandes conf\u00e9rences internationales.<br>Avant de terminer, le r\u00e9cipiendaire a soulign\u00e9 que cette distinction est le fruit de l\u2019effort conjugu\u00e9 de tous ses homologues Ministres de l\u2019Education appuy\u00e9 par le Pr\u00e9sident de la r\u00e9publique le Pr. Alpha Cond\u00e9, qu\u2019il faut \u00e9galement remercier.<\/p>\n\n\n\n<figure class=\"wp-block-image\"><img decoding=\"async\" loading=\"lazy\" width=\"1024\" height=\"764\" src=\"http:\/\/universiteactu.com\/wp-content\/uploads\/2020\/02\/Doctorat-Honoris-Causa-l\u2019Universit\u00e9-FON-3-1024x764.jpg\" alt=\"\" class=\"wp-image-3181\" srcset=\"https:\/\/universiteactu.com\/wp-content\/uploads\/2020\/02\/Doctorat-Honoris-Causa-l\u2019Universit\u00e9-FON-3-1024x764.jpg 1024w, https:\/\/universiteactu.com\/wp-content\/uploads\/2020\/02\/Doctorat-Honoris-Causa-l\u2019Universit\u00e9-FON-3-300x224.jpg 300w, https:\/\/universiteactu.com\/wp-content\/uploads\/2020\/02\/Doctorat-Honoris-Causa-l\u2019Universit\u00e9-FON-3-768x573.jpg 768w, https:\/\/universiteactu.com\/wp-content\/uploads\/2020\/02\/Doctorat-Honoris-Causa-l\u2019Universit\u00e9-FON-3-563x420.jpg 563w, https:\/\/universiteactu.com\/wp-content\/uploads\/2020\/02\/Doctorat-Honoris-Causa-l\u2019Universit\u00e9-FON-3-80x60.jpg 80w, https:\/\/universiteactu.com\/wp-content\/uploads\/2020\/02\/Doctorat-Honoris-Causa-l\u2019Universit\u00e9-FON-3-100x75.jpg 100w, https:\/\/universiteactu.com\/wp-content\/uploads\/2020\/02\/Doctorat-Honoris-Causa-l\u2019Universit\u00e9-FON-3-180x135.jpg 180w, https:\/\/universiteactu.com\/wp-content\/uploads\/2020\/02\/Doctorat-Honoris-Causa-l\u2019Universit\u00e9-FON-3-238x178.jpg 238w, https:\/\/universiteactu.com\/wp-content\/uploads\/2020\/02\/Doctorat-Honoris-Causa-l\u2019Universit\u00e9-FON-3-640x478.jpg 640w, https:\/\/universiteactu.com\/wp-content\/uploads\/2020\/02\/Doctorat-Honoris-Causa-l\u2019Universit\u00e9-FON-3-681x508.jpg 681w, https:\/\/universiteactu.com\/wp-content\/uploads\/2020\/02\/Doctorat-Honoris-Causa-l\u2019Universit\u00e9-FON-3.jpg 1080w\" sizes=\"(max-width: 1024px) 100vw, 1024px\" \/><\/figure>\n\n\n\n<p>N\u2019ayant pas pu effectuer le d\u00e9placement jusqu\u2019\u00e0 Mac\u00e9doine pour la c\u00e9r\u00e9monie de remise des insignes, le Ministre Abdoulaye Y\u00e9ro Bald\u00e9 a re\u00e7u le Doctorat Honoris Causa des mains de Son Excellence Monsieur Jos\u00e9 Leandro Guardiola, Ambassadeur de l\u2019Espagne en Guin\u00e9e hier lundi 03 f\u00e9vrier lors d\u2019un d\u00e9jeuner \u00e0 sa r\u00e9sidence.<\/p>\n\n\n\n<figure class=\"wp-block-image\"><img decoding=\"async\" loading=\"lazy\" width=\"1024\" height=\"1024\" src=\"http:\/\/universiteactu.com\/wp-content\/uploads\/2020\/02\/Doctorat-Honoris-Causa-l\u2019Universit\u00e9-FON-2-1024x1024.jpg\" alt=\"\" class=\"wp-image-3180\" srcset=\"https:\/\/universiteactu.com\/wp-content\/uploads\/2020\/02\/Doctorat-Honoris-Causa-l\u2019Universit\u00e9-FON-2-1024x1024.jpg 1024w, https:\/\/universiteactu.com\/wp-content\/uploads\/2020\/02\/Doctorat-Honoris-Causa-l\u2019Universit\u00e9-FON-2-150x150.jpg 150w, https:\/\/universiteactu.com\/wp-content\/uploads\/2020\/02\/Doctorat-Honoris-Causa-l\u2019Universit\u00e9-FON-2-300x300.jpg 300w, https:\/\/universiteactu.com\/wp-content\/uploads\/2020\/02\/Doctorat-Honoris-Causa-l\u2019Universit\u00e9-FON-2-768x768.jpg 768w, https:\/\/universiteactu.com\/wp-content\/uploads\/2020\/02\/Doctorat-Honoris-Causa-l\u2019Universit\u00e9-FON-2-420x420.jpg 420w, https:\/\/universiteactu.com\/wp-content\/uploads\/2020\/02\/Doctorat-Honoris-Causa-l\u2019Universit\u00e9-FON-2-640x640.jpg 640w, https:\/\/universiteactu.com\/wp-content\/uploads\/2020\/02\/Doctorat-Honoris-Causa-l\u2019Universit\u00e9-FON-2-681x681.jpg 681w, https:\/\/universiteactu.com\/wp-content\/uploads\/2020\/02\/Doctorat-Honoris-Causa-l\u2019Universit\u00e9-FON-2.jpg 1080w\" sizes=\"(max-width: 1024px) 100vw, 1024px\" \/><\/figure>\n\n\n\n<p>A noter que plusieurs autres personnalit\u00e9s scientifiques et politiques \u00e0 travers le monde ont \u00e9galement re\u00e7u leurs insignes lors de la c\u00e9r\u00e9monie de remise officielle organis\u00e9e les 23 et 25 janvier 2020 \u00e0 Skopje, Mac\u00e9doine du Nord. Il s\u2019agit entre autres de l\u2019Ex DG de l\u2019UNESCO Pr Fr\u00e9d\u00e9rico Mayor Zaragoza, des Prix Nobels Pr. Dr. Robert Mundell et Pr. Edward Nell, etc.<\/p>\n\n\n\n<p>Le Service de Communication et RP\/MESRS <\/p>\n","protected":false},"excerpt":{"rendered":"<p>Consciente de ses hautes potentialit\u00e9s, de ses capacit\u00e9s \u00e0 collaborer avec l\u2019Humain, l\u2019Universit\u00e9 FON de la Mac\u00e9doine du Nord, premi\u00e8re universit\u00e9 priv\u00e9e des pays des Balkans a d\u00e9cern\u00e9 le Doctorat Honoris Causa \u00e0 Monsieur Abdoulaye Y\u00e9ro Bald\u00e9, Ministre de l\u2019Enseignement Sup\u00e9rieur et de la Recherche Scientifique de la R\u00e9publique de Guin\u00e9e. Ce titre honorifique a [&hellip;]<\/p>\n","protected":false},"author":1,"featured_media":3182,"comment_status":"open","ping_status":"open","sticky":false,"template":"","format":"standard","meta":[],"categories":[2,7,6,8],"tags":[],"_links":{"self":[{"href":"https:\/\/universiteactu.com\/index.php?rest_route=\/wp\/v2\/posts\/3178"}],"collection":[{"href":"https:\/\/universiteactu.com\/index.php?rest_route=\/wp\/v2\/posts"}],"about":[{"href":"https:\/\/universiteactu.com\/index.php?rest_route=\/wp\/v2\/types\/post"}],"author":[{"embeddable":true,"href":"https:\/\/universiteactu.com\/index.php?rest_route=\/wp\/v2\/users\/1"}],"replies":[{"embeddable":true,"href":"https:\/\/universiteactu.com\/index.php?rest_route=%2Fwp%2Fv2%2Fcomments&post=3178"}],"version-history":[{"count":1,"href":"https:\/\/universiteactu.com\/index.php?rest_route=\/wp\/v2\/posts\/3178\/revisions"}],"predecessor-version":[{"id":3184,"href":"https:\/\/universiteactu.com\/index.php?rest_route=\/wp\/v2\/posts\/3178\/revisions\/3184"}],"wp:featuredmedia":[{"embeddable":true,"href":"https:\/\/universiteactu.com\/index.php?rest_route=\/wp\/v2\/media\/3182"}],"wp:attachment":[{"href":"https:\/\/universiteactu.com\/index.php?rest_route=%2Fwp%2Fv2%2Fmedia&parent=3178"}],"wp:term":[{"taxonomy":"category","embeddable":true,"href":"https:\/\/universiteactu.com\/index.php?rest_route=%2Fwp%2Fv2%2Fcategories&post=3178"},{"taxonomy":"post_tag","embeddable":true,"href":"https:\/\/universiteactu.com\/index.php?rest_route=%2Fwp%2Fv2%2Ftags&post=3178"}],"curies":[{"name":"wp","href":"https:\/\/api.w.org\/{rel}","templated":true}]}}