{"id":31483,"date":"2025-04-16T02:53:20","date_gmt":"2025-04-16T00:53:20","guid":{"rendered":"https:\/\/universiteactu.com\/?p=31483"},"modified":"2025-04-16T03:01:09","modified_gmt":"2025-04-16T01:01:09","slug":"rencontre-strategique-entre-luniversite-de-labe-et-laguipe-pour-promouvoir-linnovation-et-lemployabilite-des-jeunes","status":"publish","type":"post","link":"https:\/\/universiteactu.com\/?p=31483","title":{"rendered":"Rencontre strat\u00e9gique entre l\u2019Universit\u00e9 de Lab\u00e9 et l\u2019AGUIPE pour promouvoir l\u2019innovation et l\u2019employabilit\u00e9 des jeunes"},"content":{"rendered":"\n<p>Le Recteur de l\u2019Universit\u00e9 de Lab\u00e9, <strong>Dr Mohamed Ch\u00e9rif SOW<\/strong>, accompagn\u00e9 du Chef du Service de l\u2019Innovation et du Responsable du P\u00f4le Vie, Insertion et Employabilit\u00e9 (VIE), a \u00e9t\u00e9 re\u00e7u ce mardi par le <strong>Directeur G\u00e9n\u00e9ral de l\u2019Agence Guin\u00e9enne pour la Promotion de l\u2019Emploi (AGUIPE)<\/strong>, <strong>M. Antigou CHERIF<\/strong>, entour\u00e9 de son Directeur G\u00e9n\u00e9ral Adjoint, <strong>M. Abdallah KONAT\u00c9<\/strong>, et du Responsable Technique, <strong>M. Algassimou KANN<\/strong>.<\/p>\n\n\n\n<p>Cette rencontre de haut niveau a \u00e9t\u00e9 l\u2019occasion d\u2019aborder plusieurs th\u00e9matiques majeures li\u00e9es \u00e0 l\u2019avenir des jeunes guin\u00e9ens, notamment les <strong>probl\u00e9matiques de l\u2019emploi<\/strong>, l\u2019<strong>insertion socioprofessionnelle des dipl\u00f4m\u00e9s<\/strong> et l\u2019ad\u00e9quation entre <strong>offres de formation<\/strong> et <strong>besoins du march\u00e9<\/strong>.<\/p>\n\n\n\n<p>Dans le cadre de cette visite, <strong>Dr SOW<\/strong> a officiellement invit\u00e9 l\u2019AGUIPE \u00e0 participer \u00e0 la <strong>prochaine \u00e9dition du Forum du D\u00e9veloppement Web et R\u00e9seau (FODR)<\/strong>, qui se tiendra les <strong>16 et 17 mai 2025<\/strong> \u00e0 l\u2019Universit\u00e9 de Lab\u00e9. Ce forum, v\u00e9ritable espace d\u2019\u00e9change entre acteurs de l\u2019innovation num\u00e9rique, vise \u00e0 promouvoir les comp\u00e9tences digitales et les opportunit\u00e9s professionnelles pour la jeunesse.<\/p>\n\n\n\n<p>Le Recteur a \u00e9galement profit\u00e9 de cette rencontre pour pr\u00e9senter le <strong>projet GRAINES<\/strong> (<em>Guin\u00e9e : Renforcer les capacit\u00e9s pour Acc\u00e9l\u00e9rer l\u2019INnovation et l\u2019Employabilit\u00e9 dans l\u2019Enseignement Sup\u00e9rieur<\/em>), <strong>financ\u00e9 par l\u2019Union Europ\u00e9enne dans le cadre du programme Erasmus+ 2024 CBHE Volet 1<\/strong>. Port\u00e9 par un <strong>consortium international<\/strong> compos\u00e9 de l\u2019Universit\u00e9 Paris 1 Panth\u00e9on Sorbonne (France), l\u2019Universit\u00e9 de Li\u00e8ge (Belgique), l\u2019Institut Sup\u00e9rieur de Technologie (Guin\u00e9e) et l\u2019Universit\u00e9 de Lab\u00e9, ce projet ambitionne de <strong>renforcer les capacit\u00e9s des centres d\u2019innovation<\/strong> de l\u2019Universit\u00e9 de Lab\u00e9 et de l\u2019IST de Mamou.<\/p>\n\n\n\n<p>L\u2019objectif est clair : structurer ces centres autour d\u2019<strong>outils de gestion performants<\/strong>, favoriser un <strong>partenariat public-priv\u00e9 durable<\/strong>, et <strong>former les jeunes<\/strong> \u00e0 travers des programmes d\u2019<strong>incubation de projets innovants<\/strong>. L\u2019AGUIPE, en tant que partenaire associ\u00e9 strat\u00e9gique, y jouera un r\u00f4le cl\u00e9 pour <strong>faciliter l\u2019employabilit\u00e9 durable<\/strong> en Guin\u00e9e.<\/p>\n\n\n\n<p>La rencontre s\u2019est achev\u00e9e sur une <strong>note d\u2019optimisme<\/strong>, avec des <strong>perspectives de collaboration concr\u00e8tes<\/strong>, une <strong>mise en r\u00e9seau des acteurs impliqu\u00e9s<\/strong>, et un <strong>engagement commun \u00e0 \u0153uvrer pour une jeunesse guin\u00e9enne plus form\u00e9e, plus innovante, et mieux ins\u00e9r\u00e9e dans le tissu socio-\u00e9conomique national<\/strong>.<\/p>\n","protected":false},"excerpt":{"rendered":"<p>Le Recteur de l\u2019Universit\u00e9 de Lab\u00e9, Dr Mohamed Ch\u00e9rif SOW, accompagn\u00e9 du Chef du Service de l\u2019Innovation et du Responsable du P\u00f4le Vie, Insertion et Employabilit\u00e9 (VIE), a \u00e9t\u00e9 re\u00e7u ce mardi par le Directeur G\u00e9n\u00e9ral de l\u2019Agence Guin\u00e9enne pour la Promotion de l\u2019Emploi (AGUIPE), M. Antigou CHERIF, entour\u00e9 de son Directeur G\u00e9n\u00e9ral Adjoint, M. [&hellip;]<\/p>\n","protected":false},"author":1,"featured_media":31484,"comment_status":"closed","ping_status":"closed","sticky":false,"template":"","format":"standard","meta":[],"categories":[2,15,6,38],"tags":[],"_links":{"self":[{"href":"https:\/\/universiteactu.com\/index.php?rest_route=\/wp\/v2\/posts\/31483"}],"collection":[{"href":"https:\/\/universiteactu.com\/index.php?rest_route=\/wp\/v2\/posts"}],"about":[{"href":"https:\/\/universiteactu.com\/index.php?rest_route=\/wp\/v2\/types\/post"}],"author":[{"embeddable":true,"href":"https:\/\/universiteactu.com\/index.php?rest_route=\/wp\/v2\/users\/1"}],"replies":[{"embeddable":true,"href":"https:\/\/universiteactu.com\/index.php?rest_route=%2Fwp%2Fv2%2Fcomments&post=31483"}],"version-history":[{"count":1,"href":"https:\/\/universiteactu.com\/index.php?rest_route=\/wp\/v2\/posts\/31483\/revisions"}],"predecessor-version":[{"id":31485,"href":"https:\/\/universiteactu.com\/index.php?rest_route=\/wp\/v2\/posts\/31483\/revisions\/31485"}],"wp:featuredmedia":[{"embeddable":true,"href":"https:\/\/universiteactu.com\/index.php?rest_route=\/wp\/v2\/media\/31484"}],"wp:attachment":[{"href":"https:\/\/universiteactu.com\/index.php?rest_route=%2Fwp%2Fv2%2Fmedia&parent=31483"}],"wp:term":[{"taxonomy":"category","embeddable":true,"href":"https:\/\/universiteactu.com\/index.php?rest_route=%2Fwp%2Fv2%2Fcategories&post=31483"},{"taxonomy":"post_tag","embeddable":true,"href":"https:\/\/universiteactu.com\/index.php?rest_route=%2Fwp%2Fv2%2Ftags&post=31483"}],"curies":[{"name":"wp","href":"https:\/\/api.w.org\/{rel}","templated":true}]}}