{"id":28687,"date":"2024-10-14T19:07:03","date_gmt":"2024-10-14T17:07:03","guid":{"rendered":"https:\/\/universiteactu.com\/?p=28687"},"modified":"2024-10-14T19:07:11","modified_gmt":"2024-10-14T17:07:11","slug":"rentree-universitaire-2024-2025-le-ministre-alpha-bacar-barry-sur-le-terrain","status":"publish","type":"post","link":"https:\/\/universiteactu.com\/?p=28687","title":{"rendered":"Rentr\u00e9e Universitaire 2024-2025 : Le Ministre Alpha Bacar BARRY sur le terrain"},"content":{"rendered":"\n<p class=\"has-drop-cap\">Le Ministre de l&rsquo;Enseignement Sup\u00e9rieur de la Recherche Scientifique et de l&rsquo;Innovation Alpha Bacar BARRY, accompagn\u00e9 de son cabinet s&rsquo;est rendu dans la matin\u00e9e de ce lundi 14 octobre 2024, \u00e0 l&rsquo;Universit\u00e9 Gamal Abdel NASSER de Conakry pour s&rsquo;assurer de l&rsquo;effectivit\u00e9 de la reprise des cours en ce jour de rentr\u00e9e Universitaire 2024-2025. <\/p>\n\n\n\n<p>\u00c0 cette occasion, le Ministre de l&rsquo;ESRSI a fait le tour des classes et ainsi f\u00e9licit\u00e9 et encourag\u00e9 les Enseignants et \u00c9tudiants qui se sont mobilis\u00e9s. M\u00eame si les travaux de r\u00e9novation sont encore en cours, le  patron de l&rsquo;Enseignement Sup\u00e9rieur a donn\u00e9 l&rsquo;instruction qu&rsquo;aucune de ces deux activit\u00e9s ne d\u00e9range l&rsquo;autre.<\/p>\n\n\n\n<figure class=\"wp-block-image size-large is-resized\"><img decoding=\"async\" loading=\"lazy\" src=\"https:\/\/universiteactu.com\/wp-content\/uploads\/2024\/10\/IMG-20241014-WA0000-682x1024.webp\" alt=\"\" class=\"wp-image-28685\" width=\"866\" height=\"1300\" srcset=\"https:\/\/universiteactu.com\/wp-content\/uploads\/2024\/10\/IMG-20241014-WA0000-682x1024.webp 682w, https:\/\/universiteactu.com\/wp-content\/uploads\/2024\/10\/IMG-20241014-WA0000-200x300.webp 200w, https:\/\/universiteactu.com\/wp-content\/uploads\/2024\/10\/IMG-20241014-WA0000-768x1153.webp 768w, https:\/\/universiteactu.com\/wp-content\/uploads\/2024\/10\/IMG-20241014-WA0000-280x420.webp 280w, https:\/\/universiteactu.com\/wp-content\/uploads\/2024\/10\/IMG-20241014-WA0000-640x961.webp 640w, https:\/\/universiteactu.com\/wp-content\/uploads\/2024\/10\/IMG-20241014-WA0000-681x1022.webp 681w, https:\/\/universiteactu.com\/wp-content\/uploads\/2024\/10\/IMG-20241014-WA0000.webp 1023w\" sizes=\"(max-width: 866px) 100vw, 866px\" \/><\/figure>\n\n\n\n<p><em><strong>\u00a0\u00bbAvec le cabinet et l&rsquo;\u00e9quipe de Direction de l&rsquo;universit\u00e9 Gamal, nous sommes venus constater l&rsquo;effectivit\u00e9 de la reprise des cours. C&rsquo;est vrai que c&rsquo;est de fa\u00e7on un peu timide et qu&rsquo;il y a des r\u00e9ajustements en termes de logistique. Comme vous le savez, l&rsquo;universit\u00e9 Gamal est en pleine r\u00e9novation en ce moment, il faut donc s&rsquo;organiser pour que les travaux de r\u00e9novation puissent \u00eatre r\u00e9alis\u00e9s sans pour autant d\u00e9ranger fondamentalement la tenue des cours. Nous sommes plut\u00f4t satisfaits de l&rsquo;effectivit\u00e9 de la reprise des cours, mais les travaux sont en retard. Nous allons, dans les prochains jours, mettre les bouchers doubles afin que les infrastructures soient rendues. \u00c0 ceux qui n&rsquo;ont pas repris ce matin, je leur demande de se rapprocher de leurs institutions d&rsquo;enseignement et de reprendre les cours. C&rsquo;est de fa\u00e7on intense que les cours vont se d\u00e9rouler cette ann\u00e9e. Nous allons avoir une am\u00e9lioration, nous l&rsquo;esp\u00e9rons, du nombre d&rsquo;heure d&rsquo;enseignement mais aussi d&rsquo;\u00e9valuation\u00a0\u00bb, <\/strong><\/em>a-t-il dit.<\/p>\n\n\n\n<figure class=\"wp-block-image size-full is-resized\"><img decoding=\"async\" loading=\"lazy\" src=\"https:\/\/universiteactu.com\/wp-content\/uploads\/2024\/10\/IMG-20241014-WA0006.webp\" alt=\"\" class=\"wp-image-28684\" width=\"900\" height=\"644\" srcset=\"https:\/\/universiteactu.com\/wp-content\/uploads\/2024\/10\/IMG-20241014-WA0006.webp 750w, https:\/\/universiteactu.com\/wp-content\/uploads\/2024\/10\/IMG-20241014-WA0006-300x214.webp 300w, https:\/\/universiteactu.com\/wp-content\/uploads\/2024\/10\/IMG-20241014-WA0006-588x420.webp 588w, https:\/\/universiteactu.com\/wp-content\/uploads\/2024\/10\/IMG-20241014-WA0006-640x457.webp 640w, https:\/\/universiteactu.com\/wp-content\/uploads\/2024\/10\/IMG-20241014-WA0006-681x487.webp 681w\" sizes=\"(max-width: 900px) 100vw, 900px\" \/><\/figure>\n\n\n\n<p>Venu du B\u00e9nin dans le cadre du recrutement de 153 Enseignants-Chercheurs, Ganiou Gb\u00e9nga MOUSSILIOU, Sp\u00e9cialiste de Physique a donn\u00e9 l&rsquo;assurance de faire son maximum pour atteindre les objectifs assign\u00e9s dans le cahier de charge. <strong><em>\u00a0\u00bbNous allons faire partage d&rsquo;exp\u00e9rience avec nos coll\u00e8gues enseignants-chercheurs d&rsquo;ici, apprendre d&rsquo;eux et m\u00eame des \u00e9tudiants pour l&rsquo;atteinte de nos objectifs \u00a0\u00bb<\/em><\/strong>,a-t-il dit.<\/p>\n\n\n\n<figure class=\"wp-block-image size-large is-resized\"><img decoding=\"async\" loading=\"lazy\" src=\"https:\/\/universiteactu.com\/wp-content\/uploads\/2024\/10\/IMG-20241014-WA0003-1024x732.webp\" alt=\"\" class=\"wp-image-28683\" width=\"909\" height=\"649\" srcset=\"https:\/\/universiteactu.com\/wp-content\/uploads\/2024\/10\/IMG-20241014-WA0003-1024x732.webp 1024w, https:\/\/universiteactu.com\/wp-content\/uploads\/2024\/10\/IMG-20241014-WA0003-300x214.webp 300w, https:\/\/universiteactu.com\/wp-content\/uploads\/2024\/10\/IMG-20241014-WA0003-768x549.webp 768w, https:\/\/universiteactu.com\/wp-content\/uploads\/2024\/10\/IMG-20241014-WA0003-587x420.webp 587w, https:\/\/universiteactu.com\/wp-content\/uploads\/2024\/10\/IMG-20241014-WA0003-640x458.webp 640w, https:\/\/universiteactu.com\/wp-content\/uploads\/2024\/10\/IMG-20241014-WA0003-681x487.webp 681w, https:\/\/universiteactu.com\/wp-content\/uploads\/2024\/10\/IMG-20241014-WA0003.webp 1140w\" sizes=\"(max-width: 909px) 100vw, 909px\" \/><\/figure>\n\n\n\n<p>La rentr\u00e9e Universitaire pour les nouveaux \u00c9tudiants est, quant \u00e0 elle d\u00e9cal\u00e9e d&rsquo;une semaine pour permettre \u00e0 ceux-ci de se rapprocher de leurs Institutions.<\/p>\n\n\n\n<p><strong>Hawaou Barry, pour Universite Actu.com<\/strong><\/p>\n","protected":false},"excerpt":{"rendered":"<p>Le Ministre de l&rsquo;Enseignement Sup\u00e9rieur de la Recherche Scientifique et de l&rsquo;Innovation Alpha Bacar BARRY, accompagn\u00e9 de son cabinet s&rsquo;est rendu dans la matin\u00e9e de ce lundi 14 octobre 2024, \u00e0 l&rsquo;Universit\u00e9 Gamal Abdel NASSER de Conakry pour s&rsquo;assurer de l&rsquo;effectivit\u00e9 de la reprise des cours en ce jour de rentr\u00e9e Universitaire 2024-2025. \u00c0 cette [&hellip;]<\/p>\n","protected":false},"author":4,"featured_media":28686,"comment_status":"closed","ping_status":"closed","sticky":false,"template":"","format":"standard","meta":[],"categories":[17,2,13,7,6,8],"tags":[],"_links":{"self":[{"href":"https:\/\/universiteactu.com\/index.php?rest_route=\/wp\/v2\/posts\/28687"}],"collection":[{"href":"https:\/\/universiteactu.com\/index.php?rest_route=\/wp\/v2\/posts"}],"about":[{"href":"https:\/\/universiteactu.com\/index.php?rest_route=\/wp\/v2\/types\/post"}],"author":[{"embeddable":true,"href":"https:\/\/universiteactu.com\/index.php?rest_route=\/wp\/v2\/users\/4"}],"replies":[{"embeddable":true,"href":"https:\/\/universiteactu.com\/index.php?rest_route=%2Fwp%2Fv2%2Fcomments&post=28687"}],"version-history":[{"count":1,"href":"https:\/\/universiteactu.com\/index.php?rest_route=\/wp\/v2\/posts\/28687\/revisions"}],"predecessor-version":[{"id":28688,"href":"https:\/\/universiteactu.com\/index.php?rest_route=\/wp\/v2\/posts\/28687\/revisions\/28688"}],"wp:featuredmedia":[{"embeddable":true,"href":"https:\/\/universiteactu.com\/index.php?rest_route=\/wp\/v2\/media\/28686"}],"wp:attachment":[{"href":"https:\/\/universiteactu.com\/index.php?rest_route=%2Fwp%2Fv2%2Fmedia&parent=28687"}],"wp:term":[{"taxonomy":"category","embeddable":true,"href":"https:\/\/universiteactu.com\/index.php?rest_route=%2Fwp%2Fv2%2Fcategories&post=28687"},{"taxonomy":"post_tag","embeddable":true,"href":"https:\/\/universiteactu.com\/index.php?rest_route=%2Fwp%2Fv2%2Ftags&post=28687"}],"curies":[{"name":"wp","href":"https:\/\/api.w.org\/{rel}","templated":true}]}}