{"id":28542,"date":"2024-10-09T22:52:00","date_gmt":"2024-10-09T20:52:00","guid":{"rendered":"https:\/\/universiteactu.com\/?p=28542"},"modified":"2024-10-11T11:53:37","modified_gmt":"2024-10-11T09:53:37","slug":"inauguration-des-nouvelles-infrastructures-de-linstitut-superieur-des-arts-mory-kante-un-pas-vers-la-valorisation-de-lart-en-guinee","status":"publish","type":"post","link":"https:\/\/universiteactu.com\/?p=28542","title":{"rendered":"Inauguration des Nouvelles Infrastructures de l&rsquo;Institut Sup\u00e9rieur des Arts Mory KANTE : Un Pas Vers la Valorisation de l&rsquo;Art en Guin\u00e9e"},"content":{"rendered":"\n<p class=\"has-drop-cap\"><strong>le 9 octobre 2024,Le Premier Ministre Amadou Oury BAH et Alpha Bacar BARRY ,Ministre de<\/strong> <strong>l\u2019Enseignement Sup\u00e9rieur, de la Recherche Scientifique et de l\u2019Innovation ont inaugur\u00e9s des Infrastructures au sein de l\u2019Institut Sup\u00e9rieur des Arts Mory KANTE de Dubr\u00e9ka, marquant une avanc\u00e9e significative pour la formation artistique en Guin\u00e9e. Cette initiative vise \u00e0 offrir un environnement propice \u00e0 l&rsquo;\u00e9panouissement des talents locaux.<\/strong><\/p>\n\n\n\n<p class=\"has-text-align-center\"><strong>Un nouveau souffle pour l&rsquo;Institut Sup\u00e9rieur des Arts Mory KANTE<\/strong><\/p>\n\n\n\n<figure class=\"wp-block-image size-full\"><img decoding=\"async\" loading=\"lazy\" width=\"960\" height=\"640\" src=\"https:\/\/universiteactu.com\/wp-content\/uploads\/2024\/10\/FB_IMG_1728634706914.jpg\" alt=\"\" class=\"wp-image-28538\" srcset=\"https:\/\/universiteactu.com\/wp-content\/uploads\/2024\/10\/FB_IMG_1728634706914.jpg 960w, https:\/\/universiteactu.com\/wp-content\/uploads\/2024\/10\/FB_IMG_1728634706914-300x200.jpg 300w, https:\/\/universiteactu.com\/wp-content\/uploads\/2024\/10\/FB_IMG_1728634706914-768x512.jpg 768w, https:\/\/universiteactu.com\/wp-content\/uploads\/2024\/10\/FB_IMG_1728634706914-630x420.jpg 630w, https:\/\/universiteactu.com\/wp-content\/uploads\/2024\/10\/FB_IMG_1728634706914-640x427.jpg 640w, https:\/\/universiteactu.com\/wp-content\/uploads\/2024\/10\/FB_IMG_1728634706914-681x454.jpg 681w\" sizes=\"(max-width: 960px) 100vw, 960px\" \/><\/figure>\n\n\n\n<p>L&rsquo;Institut Sup\u00e9rieur des Arts Mory Kant\u00e9 de Dubr\u00e9ka (ISAMK\/D) a r\u00e9cemment b\u00e9n\u00e9fici\u00e9 de nouvelles infrastructures, un d\u00e9veloppement crucial pour cette institution d\u00e9di\u00e9e \u00e0 la formation des artistes et professionnels dans divers domaines artistiques tels que la musique, la peinture, le cin\u00e9ma, et le design. En pr\u00e9sence du Premier ministre Amadou Oury BAH et Alpha Bacar BARRY ,Ministre de l\u2019Enseignement Sup\u00e9rieur, de la Recherche Scientifique et de l\u2019Innovation, la c\u00e9r\u00e9monie d&rsquo;inauguration a eu lieu le 9 octobre 2024. Le nouveau b\u00e2timent de type R+2 comprend 14 salles de classes, un studio d\u2019enregistrement professionnel, ainsi qu&rsquo;un espace sp\u00e9cialement con\u00e7u pour encourager la cr\u00e9ativit\u00e9 des \u00e9tudiants.<\/p>\n\n\n\n<p class=\"has-text-align-center\"><strong>Un discours inspirant<\/strong><\/p>\n\n\n\n<figure class=\"wp-block-image size-full\"><img decoding=\"async\" loading=\"lazy\" width=\"960\" height=\"640\" src=\"https:\/\/universiteactu.com\/wp-content\/uploads\/2024\/10\/462099336_931463982361576_4097982741193483367_n.jpg\" alt=\"\" class=\"wp-image-28545\" srcset=\"https:\/\/universiteactu.com\/wp-content\/uploads\/2024\/10\/462099336_931463982361576_4097982741193483367_n.jpg 960w, https:\/\/universiteactu.com\/wp-content\/uploads\/2024\/10\/462099336_931463982361576_4097982741193483367_n-300x200.jpg 300w, https:\/\/universiteactu.com\/wp-content\/uploads\/2024\/10\/462099336_931463982361576_4097982741193483367_n-768x512.jpg 768w, https:\/\/universiteactu.com\/wp-content\/uploads\/2024\/10\/462099336_931463982361576_4097982741193483367_n-630x420.jpg 630w, https:\/\/universiteactu.com\/wp-content\/uploads\/2024\/10\/462099336_931463982361576_4097982741193483367_n-640x427.jpg 640w, https:\/\/universiteactu.com\/wp-content\/uploads\/2024\/10\/462099336_931463982361576_4097982741193483367_n-681x454.jpg 681w\" sizes=\"(max-width: 960px) 100vw, 960px\" \/><\/figure>\n\n\n\n<p>Dans son allocution, le Premier Ministre Amadou Oury BAH a soulign\u00e9 l\u2019importance de soutenir les talents guin\u00e9ens \u00e0 travers un travail rigoureux. Il a rappel\u00e9 l&rsquo;h\u00e9ritage culturel riche de la Guin\u00e9e, tout en \u00e9voquant les possibilit\u00e9s \u00e9conomiques que l&rsquo;art peut offrir. <em><strong>\u00ab Ce qui est en train de se faire ici est extr\u00eamement important. Les arts constituent une opportunit\u00e9 sur le plan \u00e9conomique et industriel \u00bb,<\/strong><\/em> a-t-il affirm\u00e9. Il a \u00e9galement partag\u00e9 son r\u00eave d&rsquo;\u00e9tablir un espace artistique reconnu mondialement, comparable \u00e0 Hollywood ou Nollywood.<\/p>\n\n\n\n<p class=\"has-text-align-center\"><strong>La vision du directeur g\u00e9n\u00e9ral<\/strong><\/p>\n\n\n\n<figure class=\"wp-block-image size-full\"><img decoding=\"async\" loading=\"lazy\" width=\"960\" height=\"641\" src=\"https:\/\/universiteactu.com\/wp-content\/uploads\/2024\/10\/FB_IMG_1728634752139.jpg\" alt=\"\" class=\"wp-image-28535\" srcset=\"https:\/\/universiteactu.com\/wp-content\/uploads\/2024\/10\/FB_IMG_1728634752139.jpg 960w, https:\/\/universiteactu.com\/wp-content\/uploads\/2024\/10\/FB_IMG_1728634752139-300x200.jpg 300w, https:\/\/universiteactu.com\/wp-content\/uploads\/2024\/10\/FB_IMG_1728634752139-768x513.jpg 768w, https:\/\/universiteactu.com\/wp-content\/uploads\/2024\/10\/FB_IMG_1728634752139-629x420.jpg 629w, https:\/\/universiteactu.com\/wp-content\/uploads\/2024\/10\/FB_IMG_1728634752139-537x360.jpg 537w, https:\/\/universiteactu.com\/wp-content\/uploads\/2024\/10\/FB_IMG_1728634752139-640x427.jpg 640w, https:\/\/universiteactu.com\/wp-content\/uploads\/2024\/10\/FB_IMG_1728634752139-681x455.jpg 681w\" sizes=\"(max-width: 960px) 100vw, 960px\" \/><\/figure>\n\n\n\n<p>Le Directeur g\u00e9n\u00e9ral de l\u2019ISAMK\/D, Docteur Faya Pascal IFONO, a exprim\u00e9 sa satisfaction quant \u00e0 cette avanc\u00e9e majeure pour l&rsquo;institut. Il a pr\u00e9cis\u00e9 que la cr\u00e9ation d\u2019un studio portant le nom de Demba Camara, un grand artiste guin\u00e9en, permettra d\u2019accueillir des productions musicales locales et internationales. Il a \u00e9galement soulign\u00e9 l&rsquo;importance de l&rsquo;espace d\u00e9di\u00e9 aux \u00e9tudiants pour le d\u00e9veloppement de leurs projets artistiques.<\/p>\n\n\n\n<p class=\"has-text-align-center\"><strong>D\u00e9fis et perspectives d&rsquo;avenir<\/strong><\/p>\n\n\n\n<figure class=\"wp-block-image size-large\"><img decoding=\"async\" loading=\"lazy\" width=\"1024\" height=\"683\" src=\"https:\/\/universiteactu.com\/wp-content\/uploads\/2024\/10\/FB_IMG_1728634768655-1024x683.jpg\" alt=\"\" class=\"wp-image-28532\" srcset=\"https:\/\/universiteactu.com\/wp-content\/uploads\/2024\/10\/FB_IMG_1728634768655-1024x683.jpg 1024w, https:\/\/universiteactu.com\/wp-content\/uploads\/2024\/10\/FB_IMG_1728634768655-300x200.jpg 300w, https:\/\/universiteactu.com\/wp-content\/uploads\/2024\/10\/FB_IMG_1728634768655-768x512.jpg 768w, https:\/\/universiteactu.com\/wp-content\/uploads\/2024\/10\/FB_IMG_1728634768655-630x420.jpg 630w, https:\/\/universiteactu.com\/wp-content\/uploads\/2024\/10\/FB_IMG_1728634768655-640x427.jpg 640w, https:\/\/universiteactu.com\/wp-content\/uploads\/2024\/10\/FB_IMG_1728634768655-681x454.jpg 681w, https:\/\/universiteactu.com\/wp-content\/uploads\/2024\/10\/FB_IMG_1728634768655.jpg 1080w\" sizes=\"(max-width: 1024px) 100vw, 1024px\" \/><\/figure>\n\n\n\n<p>Malgr\u00e9 ces avanc\u00e9es, Docteur IFONO a mis en lumi\u00e8re les d\u00e9fis persistants auxquels l&rsquo;institut est confront\u00e9. Le besoin d\u2019infrastructures suppl\u00e9mentaires est crucial pour continuer \u00e0 soutenir la formation des artistes. Parmi les projets envisag\u00e9s figurent la construction d\u2019un \u00e9difice R+3 pour les services administratifs, d\u2019un h\u00f4tel universitaire, et d\u2019un mus\u00e9e socio-anthropologique. <strong>\u00ab M\u00eame si des progr\u00e8s ont \u00e9t\u00e9 r\u00e9alis\u00e9s, il reste des insuffisances \u00bb,<\/strong> a-t-il d\u00e9clar\u00e9.<\/p>\n\n\n\n<figure class=\"wp-block-image size-full\"><img decoding=\"async\" loading=\"lazy\" width=\"960\" height=\"640\" src=\"https:\/\/universiteactu.com\/wp-content\/uploads\/2024\/10\/FB_IMG_1728634712381.jpg\" alt=\"\" class=\"wp-image-28536\" srcset=\"https:\/\/universiteactu.com\/wp-content\/uploads\/2024\/10\/FB_IMG_1728634712381.jpg 960w, https:\/\/universiteactu.com\/wp-content\/uploads\/2024\/10\/FB_IMG_1728634712381-300x200.jpg 300w, https:\/\/universiteactu.com\/wp-content\/uploads\/2024\/10\/FB_IMG_1728634712381-768x512.jpg 768w, https:\/\/universiteactu.com\/wp-content\/uploads\/2024\/10\/FB_IMG_1728634712381-630x420.jpg 630w, https:\/\/universiteactu.com\/wp-content\/uploads\/2024\/10\/FB_IMG_1728634712381-640x427.jpg 640w, https:\/\/universiteactu.com\/wp-content\/uploads\/2024\/10\/FB_IMG_1728634712381-681x454.jpg 681w\" sizes=\"(max-width: 960px) 100vw, 960px\" \/><\/figure>\n\n\n\n<p>&nbsp;L&rsquo;inauguration des nouvelles infrastructures de l&rsquo;Institut Sup\u00e9rieur des Arts Mory KANTE repr\u00e9sente un tournant pour la valorisation de l&rsquo;art en Guin\u00e9e. Avec le soutien du gouvernement et l&rsquo;engagement des acteurs du milieu artistique, l&rsquo;institut aspire \u00e0 devenir un v\u00e9ritable p\u00f4le de cr\u00e9ativit\u00e9 et d&rsquo;excellence, propice \u00e0 l&rsquo;\u00e9mergence de nouveaux talents guin\u00e9ens sur la sc\u00e8ne internationale.<\/p>\n\n\n\n<figure class=\"wp-block-image size-full is-resized\"><img decoding=\"async\" loading=\"lazy\" src=\"https:\/\/universiteactu.com\/wp-content\/uploads\/2024\/10\/FB_IMG_1728634970459.jpg\" alt=\"\" class=\"wp-image-28539\" width=\"842\" height=\"1263\" srcset=\"https:\/\/universiteactu.com\/wp-content\/uploads\/2024\/10\/FB_IMG_1728634970459.jpg 640w, https:\/\/universiteactu.com\/wp-content\/uploads\/2024\/10\/FB_IMG_1728634970459-200x300.jpg 200w, https:\/\/universiteactu.com\/wp-content\/uploads\/2024\/10\/FB_IMG_1728634970459-280x420.jpg 280w\" sizes=\"(max-width: 842px) 100vw, 842px\" \/><\/figure>\n\n\n\n<figure class=\"wp-block-image size-full\"><img decoding=\"async\" loading=\"lazy\" width=\"960\" height=\"640\" src=\"https:\/\/universiteactu.com\/wp-content\/uploads\/2024\/10\/FB_IMG_1728634723727.jpg\" alt=\"\" class=\"wp-image-28534\" srcset=\"https:\/\/universiteactu.com\/wp-content\/uploads\/2024\/10\/FB_IMG_1728634723727.jpg 960w, https:\/\/universiteactu.com\/wp-content\/uploads\/2024\/10\/FB_IMG_1728634723727-300x200.jpg 300w, https:\/\/universiteactu.com\/wp-content\/uploads\/2024\/10\/FB_IMG_1728634723727-768x512.jpg 768w, https:\/\/universiteactu.com\/wp-content\/uploads\/2024\/10\/FB_IMG_1728634723727-630x420.jpg 630w, https:\/\/universiteactu.com\/wp-content\/uploads\/2024\/10\/FB_IMG_1728634723727-640x427.jpg 640w, https:\/\/universiteactu.com\/wp-content\/uploads\/2024\/10\/FB_IMG_1728634723727-681x454.jpg 681w\" sizes=\"(max-width: 960px) 100vw, 960px\" \/><\/figure>\n\n\n\n<figure class=\"wp-block-image size-full\"><img decoding=\"async\" loading=\"lazy\" width=\"960\" height=\"641\" src=\"https:\/\/universiteactu.com\/wp-content\/uploads\/2024\/10\/FB_IMG_1728634718340.jpg\" alt=\"\" class=\"wp-image-28533\" srcset=\"https:\/\/universiteactu.com\/wp-content\/uploads\/2024\/10\/FB_IMG_1728634718340.jpg 960w, https:\/\/universiteactu.com\/wp-content\/uploads\/2024\/10\/FB_IMG_1728634718340-300x200.jpg 300w, https:\/\/universiteactu.com\/wp-content\/uploads\/2024\/10\/FB_IMG_1728634718340-768x513.jpg 768w, https:\/\/universiteactu.com\/wp-content\/uploads\/2024\/10\/FB_IMG_1728634718340-629x420.jpg 629w, https:\/\/universiteactu.com\/wp-content\/uploads\/2024\/10\/FB_IMG_1728634718340-537x360.jpg 537w, https:\/\/universiteactu.com\/wp-content\/uploads\/2024\/10\/FB_IMG_1728634718340-640x427.jpg 640w, https:\/\/universiteactu.com\/wp-content\/uploads\/2024\/10\/FB_IMG_1728634718340-681x455.jpg 681w\" sizes=\"(max-width: 960px) 100vw, 960px\" \/><\/figure>\n\n\n\n<figure class=\"wp-block-image size-full\"><img decoding=\"async\" loading=\"lazy\" width=\"960\" height=\"640\" src=\"https:\/\/universiteactu.com\/wp-content\/uploads\/2024\/10\/FB_IMG_1728634735458.jpg\" alt=\"\" class=\"wp-image-28537\" srcset=\"https:\/\/universiteactu.com\/wp-content\/uploads\/2024\/10\/FB_IMG_1728634735458.jpg 960w, https:\/\/universiteactu.com\/wp-content\/uploads\/2024\/10\/FB_IMG_1728634735458-300x200.jpg 300w, https:\/\/universiteactu.com\/wp-content\/uploads\/2024\/10\/FB_IMG_1728634735458-768x512.jpg 768w, https:\/\/universiteactu.com\/wp-content\/uploads\/2024\/10\/FB_IMG_1728634735458-630x420.jpg 630w, https:\/\/universiteactu.com\/wp-content\/uploads\/2024\/10\/FB_IMG_1728634735458-640x427.jpg 640w, https:\/\/universiteactu.com\/wp-content\/uploads\/2024\/10\/FB_IMG_1728634735458-681x454.jpg 681w\" sizes=\"(max-width: 960px) 100vw, 960px\" \/><\/figure>\n\n\n\n<p><strong>Wora Diallo, pour Universite Actu.com<\/strong><\/p>\n","protected":false},"excerpt":{"rendered":"<p>le 9 octobre 2024,Le Premier Ministre Amadou Oury BAH et Alpha Bacar BARRY ,Ministre de l\u2019Enseignement Sup\u00e9rieur, de la Recherche Scientifique et de l\u2019Innovation ont inaugur\u00e9s des Infrastructures au sein de l\u2019Institut Sup\u00e9rieur des Arts Mory KANTE de Dubr\u00e9ka, marquant une avanc\u00e9e significative pour la formation artistique en Guin\u00e9e. Cette initiative vise \u00e0 offrir un [&hellip;]<\/p>\n","protected":false},"author":4,"featured_media":28544,"comment_status":"closed","ping_status":"closed","sticky":false,"template":"","format":"standard","meta":[],"categories":[9,17,2,13,7,6,8],"tags":[],"_links":{"self":[{"href":"https:\/\/universiteactu.com\/index.php?rest_route=\/wp\/v2\/posts\/28542"}],"collection":[{"href":"https:\/\/universiteactu.com\/index.php?rest_route=\/wp\/v2\/posts"}],"about":[{"href":"https:\/\/universiteactu.com\/index.php?rest_route=\/wp\/v2\/types\/post"}],"author":[{"embeddable":true,"href":"https:\/\/universiteactu.com\/index.php?rest_route=\/wp\/v2\/users\/4"}],"replies":[{"embeddable":true,"href":"https:\/\/universiteactu.com\/index.php?rest_route=%2Fwp%2Fv2%2Fcomments&post=28542"}],"version-history":[{"count":2,"href":"https:\/\/universiteactu.com\/index.php?rest_route=\/wp\/v2\/posts\/28542\/revisions"}],"predecessor-version":[{"id":28547,"href":"https:\/\/universiteactu.com\/index.php?rest_route=\/wp\/v2\/posts\/28542\/revisions\/28547"}],"wp:featuredmedia":[{"embeddable":true,"href":"https:\/\/universiteactu.com\/index.php?rest_route=\/wp\/v2\/media\/28544"}],"wp:attachment":[{"href":"https:\/\/universiteactu.com\/index.php?rest_route=%2Fwp%2Fv2%2Fmedia&parent=28542"}],"wp:term":[{"taxonomy":"category","embeddable":true,"href":"https:\/\/universiteactu.com\/index.php?rest_route=%2Fwp%2Fv2%2Fcategories&post=28542"},{"taxonomy":"post_tag","embeddable":true,"href":"https:\/\/universiteactu.com\/index.php?rest_route=%2Fwp%2Fv2%2Ftags&post=28542"}],"curies":[{"name":"wp","href":"https:\/\/api.w.org\/{rel}","templated":true}]}}