{"id":26325,"date":"2024-05-07T13:12:30","date_gmt":"2024-05-07T11:12:30","guid":{"rendered":"https:\/\/universiteactu.com\/?p=26325"},"modified":"2024-05-07T13:12:34","modified_gmt":"2024-05-07T11:12:34","slug":"mesrsi-rencontre-infructueuse-entre-des-enseignants-chercheurs-et-des-cadres-du-ministere","status":"publish","type":"post","link":"https:\/\/universiteactu.com\/?p=26325","title":{"rendered":"MESRSI : Rencontre infructueuse entre des enseignants chercheurs et des cadres du Minist\u00e8re"},"content":{"rendered":"\n<p class=\"has-drop-cap\">Les Enseignants Chercheurs de Guin\u00e9e non reclass\u00e9s ont rencontr\u00e9 les cadres du Minist\u00e8re de l\u2019Enseignement Sup\u00e9rieur, de la Recherche Scientifique et de l\u2019Innovation ce lundi 6 mai 2024. \u00c0 l\u2019absence du ministre de tutelle, Alpha Bacar BARRY, la d\u00e9l\u00e9gation des enseignants chercheurs a rencontr\u00e9 le secr\u00e9taire g\u00e9n\u00e9ral du minist\u00e8re, Dr Facinet CONTE ; l\u2019Inspecteur G\u00e9n\u00e9ral, Pr Jo\u00ebl Maxim ; et la conseill\u00e8re juridique, Koumba Madeleine MILLIMONO. Les protestataires n\u2019ont pas obtenu gain de cause.<\/p>\n\n\n\n<p>Selon nos informations, cela fait plus de 2 mois que ces enseignants chercheurs souhaitent leur reclassement au grade d\u2019assistant. Ce, conform\u00e9ment \u00e0 l\u2019article 5 du d\u00e9cret D\/2024\/0027\/PRG\/CNRD\/SGG du 24 janvier 2024, fixant la r\u00e9mun\u00e9ration des fonctionnaires titulaires des grades assistants, attach\u00e9s de recherche, ma\u00eetre assistants, charg\u00e9s de recherche, ma\u00eetre de conf\u00e9rences, ma\u00eetre de recherche, professeur et directeur de recherche.<\/p>\n\n\n\n<p>\u00c0 la sortie de cette rencontre avec des collaborateurs du ministre Alpha Bacar BARRY, un des enseignants chercheurs, Oumar Salia SAVANE, est revenu sur les raisons de cette rencontre.<\/p>\n\n\n\n<p>&nbsp;<strong><em>\u00ab&nbsp;Nous n\u2019avons pas eu la chance de rencontrer notre ministre. Nous avons rencontr\u00e9 le secr\u00e9taire g\u00e9n\u00e9ral, l\u2019inspecteur G\u00e9n\u00e9ral et la conseill\u00e8re juridique du d\u00e9partement de l\u2019enseignement sup\u00e9rieur. C\u2019est dans le cadre de notre reclassement parce que \u00e7a fait 2 mois comme \u00e7a que nous sommes dans la rue, en train de manifester pour notre reclassement. Ils nous ont rencontr\u00e9s et nous ont parl\u00e9 de l\u2019arr\u00eat\u00e9 de 2019 qui interdit le reclassement des enseignants chercheurs ne d\u00e9tenant pas un dipl\u00f4me de Doctorat. Alors que par le pass\u00e9, beaucoup de nos coll\u00e8gues et de nos \u00e9tudiants se sont reclass\u00e9s et nous ont trouv\u00e9 dans le syst\u00e8me \u00e9ducatif, mais par la faute des d\u00e9cideurs en place, beaucoup d\u2019entre nous n\u2019ont pas pu se faire reclasser. Nous sommes l\u00e0 sans ce cadre pour l\u2019acquisition de ce reclassement&nbsp;\u00bb,<\/em><\/strong> explique cet enseignant chercheur de l\u2019Universit\u00e9 G\u00e9n\u00e9ral Lansana Cont\u00e9 de Sonfonia.<\/p>\n\n\n\n<p>Par ailleurs, Oumar Salia SAVANE a fait savoir qu\u2019ils n\u2019ont pas eu gain de cause et pire, on leur demande de se former. <strong><em>\u00ab&nbsp;Nous n\u2019avons pas eu gain de cause. Ils nous demandent d\u2019aller nous former, d\u2019obtenir le doctorat avant de proc\u00e9der \u00e0 notre reclassement. Mais, nous allons les surprendre par le fait que nous sommes en possession de preuves mat\u00e9rielles comme quoi les gens ont \u00e9t\u00e9 reclass\u00e9s avec le dipl\u00f4me de Licence, de Master, de Ma\u00eetrise entre 2019 et 2023&nbsp;\u00bb,<\/em><\/strong> a-t-il laiss\u00e9 entendre.<\/p>\n\n\n\n<p>Malgr\u00e9 cela, cet enseignant chercheur r\u00e9v\u00e8le qu\u2019ils ne sont pas d\u00e9motiv\u00e9s et vont continuer leurs d\u00e9marches. <strong><em>\u00ab Nous continuons les d\u00e9marches. Nous continuons \u00e0 voir les autorit\u00e9s sup\u00e9rieures pour entrer en possession de ce reclassement parce que c\u2019est une injustice qui nous est faite. Nous sommes entre 500 qui poss\u00e9dons le dipl\u00f4me de Master. Nous sommes en train de nous r\u00e9unir comme \u00e7a et de d\u00e9cider de la suite \u00e0 suivre \u00e0 la fin de cette rencontre. Nous allons rencontrer le plus haut niveau. D\u00e9j\u00e0, nous avons envoy\u00e9 une lettre \u00e0 Son Excellence, Monsieur le Premier ministre qui a ouvertement r\u00e9pondu \u00e0 notre collectif et aussi a envoy\u00e9 un courrier au Ministre de l\u2019Enseignement Sup\u00e9rieur, lui demandant de nous reclasser. Mais jusqu\u2019\u00e0 pr\u00e9sent, il n\u2019y a pas eu une suite \u00e0 cette lettre du Premier ministre\u2026 \u00bb<\/em><\/strong><\/p>\n\n\n\n<p>Parall\u00e8lement \u00e0 cette rencontre, une autre d\u00e9l\u00e9gation des enseignants chercheurs s\u2019est rendue chez le Khountigui de Kaloum, Elhadj Oumou Sana SOUMAH, qui a promis de s\u2019impliquer davantage pour une issue favorable \u00e0 cette situation.<\/p>\n\n\n\n<p>Guineematin<\/p>\n","protected":false},"excerpt":{"rendered":"<p>Les Enseignants Chercheurs de Guin\u00e9e non reclass\u00e9s ont rencontr\u00e9 les cadres du Minist\u00e8re de l\u2019Enseignement Sup\u00e9rieur, de la Recherche Scientifique et de l\u2019Innovation ce lundi 6 mai 2024. \u00c0 l\u2019absence du ministre de tutelle, Alpha Bacar BARRY, la d\u00e9l\u00e9gation des enseignants chercheurs a rencontr\u00e9 le secr\u00e9taire g\u00e9n\u00e9ral du minist\u00e8re, Dr Facinet CONTE ; l\u2019Inspecteur G\u00e9n\u00e9ral, [&hellip;]<\/p>\n","protected":false},"author":4,"featured_media":26326,"comment_status":"closed","ping_status":"closed","sticky":false,"template":"","format":"standard","meta":[],"categories":[9,17,2,13,7,6,8],"tags":[],"_links":{"self":[{"href":"https:\/\/universiteactu.com\/index.php?rest_route=\/wp\/v2\/posts\/26325"}],"collection":[{"href":"https:\/\/universiteactu.com\/index.php?rest_route=\/wp\/v2\/posts"}],"about":[{"href":"https:\/\/universiteactu.com\/index.php?rest_route=\/wp\/v2\/types\/post"}],"author":[{"embeddable":true,"href":"https:\/\/universiteactu.com\/index.php?rest_route=\/wp\/v2\/users\/4"}],"replies":[{"embeddable":true,"href":"https:\/\/universiteactu.com\/index.php?rest_route=%2Fwp%2Fv2%2Fcomments&post=26325"}],"version-history":[{"count":1,"href":"https:\/\/universiteactu.com\/index.php?rest_route=\/wp\/v2\/posts\/26325\/revisions"}],"predecessor-version":[{"id":26327,"href":"https:\/\/universiteactu.com\/index.php?rest_route=\/wp\/v2\/posts\/26325\/revisions\/26327"}],"wp:featuredmedia":[{"embeddable":true,"href":"https:\/\/universiteactu.com\/index.php?rest_route=\/wp\/v2\/media\/26326"}],"wp:attachment":[{"href":"https:\/\/universiteactu.com\/index.php?rest_route=%2Fwp%2Fv2%2Fmedia&parent=26325"}],"wp:term":[{"taxonomy":"category","embeddable":true,"href":"https:\/\/universiteactu.com\/index.php?rest_route=%2Fwp%2Fv2%2Fcategories&post=26325"},{"taxonomy":"post_tag","embeddable":true,"href":"https:\/\/universiteactu.com\/index.php?rest_route=%2Fwp%2Fv2%2Ftags&post=26325"}],"curies":[{"name":"wp","href":"https:\/\/api.w.org\/{rel}","templated":true}]}}