{"id":26301,"date":"2024-05-06T21:14:06","date_gmt":"2024-05-06T19:14:06","guid":{"rendered":"https:\/\/universiteactu.com\/?p=26301"},"modified":"2024-05-06T21:18:58","modified_gmt":"2024-05-06T19:18:58","slug":"universite-de-labe-tenue-de-la-3eme-edition-du-salon-de-lorientation-sdo","status":"publish","type":"post","link":"https:\/\/universiteactu.com\/?p=26301","title":{"rendered":"Universit\u00e9 de Lab\u00e9 : Tenue de la 3\u00e8me \u00e9dition du Salon De l\u2019Orientation\u2026"},"content":{"rendered":"\n<p class=\"has-drop-cap\"><strong>\u00ab L\u2019orientation scolaire et universitaire, quel impact sur ma carri\u00e8re professionnelle ? \u00bb,&nbsp;<\/strong>c\u2019est autour de ce th\u00e8me que la 3<sup>\u00e8me<\/sup>&nbsp;\u00e9dition du Salon De l\u2019Orientation (SDO) a \u00e9t\u00e9 lanc\u00e9e, ce samedi 4 Mai 2024 \u00e0 l\u2019Universit\u00e9 de Lab\u00e9. Cette institution d\u2019Enseignement Sup\u00e9rieur est situ\u00e9e dans la commune rurale de Hafia, \u00e0 22km du centre urbain de la cit\u00e9 Karamoko Alpha. La c\u00e9r\u00e9monie de lancement de cet \u00e9v\u00e8nement a r\u00e9uni entre autres les dirigeants de l\u2019Universit\u00e9 de Lab\u00e9, des cadres du Minist\u00e8re de l\u2019Enseignement Sup\u00e9rieur, de la Recherche Scientifique et de l\u2019Innovation, de l\u2019Inspection R\u00e9gionale de l\u2019\u00c9ducation ainsi que ceux de l\u2019enseignement technique et de la formation professionnelle et de l\u2019emploi.<\/p>\n\n\n\n<figure class=\"wp-block-image size-full is-resized\"><img decoding=\"async\" loading=\"lazy\" src=\"https:\/\/universiteactu.com\/wp-content\/uploads\/2024\/05\/sdo-768x512-1.jpeg\" alt=\"\" class=\"wp-image-26307\" width=\"839\" height=\"559\" srcset=\"https:\/\/universiteactu.com\/wp-content\/uploads\/2024\/05\/sdo-768x512-1.jpeg 768w, https:\/\/universiteactu.com\/wp-content\/uploads\/2024\/05\/sdo-768x512-1-300x200.jpeg 300w, https:\/\/universiteactu.com\/wp-content\/uploads\/2024\/05\/sdo-768x512-1-630x420.jpeg 630w, https:\/\/universiteactu.com\/wp-content\/uploads\/2024\/05\/sdo-768x512-1-640x427.jpeg 640w, https:\/\/universiteactu.com\/wp-content\/uploads\/2024\/05\/sdo-768x512-1-681x454.jpeg 681w\" sizes=\"(max-width: 839px) 100vw, 839px\" \/><\/figure>\n\n\n\n<p>En abr\u00e9g\u00e9 SDO, le Salon De l\u2019Orientation est une initiative port\u00e9e par le minist\u00e8re de l\u2019Enseignement Sup\u00e9rieur, de la Recherche Scientifique et de l\u2019Innovation (MESRSI). Elle vise \u00e0 guider les futurs bacheliers \u00e0 faire des choix utiles pour mieux pr\u00e9parer leur avenir professionnel avec le Slogan&nbsp;\u00ab&nbsp;FAITES LE MEILLEUR CHOIX POUR VOTRE AVENIR PROFESSIONNEL SUR&nbsp;<a href=\"http:\/\/www.mesrsgupol.org\/\">www.mesrsgupol.org<\/a>&nbsp;&nbsp;\u00bb<\/p>\n\n\n\n<p>L\u2019\u00e9v\u00e8nement a \u00e9t\u00e9 ponctu\u00e9 par un panel anim\u00e9 par des cadres des Minist\u00e8res de l\u2019Enseignement Sup\u00e9rieur, du Pr\u00e9-Universitaire et de l\u2019Enseignement Technique et de la Formation Professionnelle. Les panelistes ont partag\u00e9 leur exp\u00e9rience dans leurs diff\u00e9rents parcours scolaires, universitaires et m\u00eame professionnelles. Le but est de mieux situer les futurs bacheliers sur l\u2019importance de faire un bon choix d\u2019\u00e9tudes. Les \u00e9l\u00e8ves venus des diff\u00e9rentes \u00e9coles de la ville de Lab\u00e9 ont appr\u00e9ci\u00e9 cette initiative port\u00e9e par le D\u00e9partement dirig\u00e9 par M. Alpha Bacar BARRY.<\/p>\n\n\n\n<figure class=\"wp-block-image size-full\"><img decoding=\"async\" loading=\"lazy\" width=\"1020\" height=\"459\" src=\"https:\/\/universiteactu.com\/wp-content\/uploads\/2024\/05\/WhatsApp-Image-2024-05-04-at-21.32.53.jpeg\" alt=\"\" class=\"wp-image-26306\" srcset=\"https:\/\/universiteactu.com\/wp-content\/uploads\/2024\/05\/WhatsApp-Image-2024-05-04-at-21.32.53.jpeg 1020w, https:\/\/universiteactu.com\/wp-content\/uploads\/2024\/05\/WhatsApp-Image-2024-05-04-at-21.32.53-300x135.jpeg 300w, https:\/\/universiteactu.com\/wp-content\/uploads\/2024\/05\/WhatsApp-Image-2024-05-04-at-21.32.53-768x346.jpeg 768w, https:\/\/universiteactu.com\/wp-content\/uploads\/2024\/05\/WhatsApp-Image-2024-05-04-at-21.32.53-933x420.jpeg 933w, https:\/\/universiteactu.com\/wp-content\/uploads\/2024\/05\/WhatsApp-Image-2024-05-04-at-21.32.53-640x288.jpeg 640w, https:\/\/universiteactu.com\/wp-content\/uploads\/2024\/05\/WhatsApp-Image-2024-05-04-at-21.32.53-681x306.jpeg 681w\" sizes=\"(max-width: 1020px) 100vw, 1020px\" \/><\/figure>\n\n\n\n<p>\u00ab&nbsp;Le th\u00e8me d\u00e9velopp\u00e9 cette ann\u00e9e est d\u2019une importance capitale, c\u2019est<em>&nbsp;<strong>\u2018\u2019 L\u2019orientation scolaire et universitaire, quel impact sur ma carri\u00e8re professionnelle&nbsp;?\u2019\u2019. Pour qui sait les relations entre l\u2019orientation scolaire et l\u2019orientation universitaire, les deux ont un impact positif ou n\u00e9gatif sur la carri\u00e8re professionnelle du cadre de demain. \u00c9tant donn\u00e9 que l\u2019option que l\u2019\u00e9l\u00e8ve va choisir au lyc\u00e9e a forc\u00e9ment une incidence sur les formations qu\u2019il peut faire \u00e0 l\u2019universit\u00e9 et du coup cela va d\u00e9terminer son \u00e9panouissement professionnel et personnel. Notre pr\u00e9occupation aujourd\u2019hui, c\u2019est de les outiller suffisamment afin qu\u2019ils foncent vers les fili\u00e8res d\u2019avenir pour eux-m\u00eames. C\u2019est un moyen de les aider \u00e0 faire face \u00e0 l\u2019avance \u00e0 une r\u00e9alit\u00e9 qu\u2019ils vont croiser bient\u00f4t. C\u2019est aussi les pr\u00e9parer \u00e0 la proc\u00e9dure d\u2019orientation via la plateforme en ligne&nbsp;\u00bb&nbsp;<\/strong><\/em>d\u00e9clare Zakaria DIALLO;&nbsp;responsable du service de modernisation des syst\u00e8mes d\u2019information du minist\u00e8re de l\u2019enseignement sup\u00e9rieur, de la recherche scientifique et de l\u2019innovation.<\/p>\n\n\n\n<p>Boubacar Sidiki DIALLO, \u00e9conomiste de profession est d\u00e9sign\u00e9 ambassadeur de m\u00e9tiers dans le cadre du salon de l\u2019orientation. A cette 3<sup>\u00e8me<\/sup>&nbsp;\u00e9dition du salon de l\u2019orientation tenue \u00e0 l\u2019universit\u00e9 de Lab\u00e9, il a expliqu\u00e9 toute la port\u00e9e du bon choix dans les fili\u00e8res d\u2019avenir qui finiront comme m\u00e9tier porteur mais aussi la passerelle entre l\u2019enseignement professionnel et celui sup\u00e9rieur :<\/p>\n\n\n\n<p><em><strong>\u00ab Quelque soit le parcours qu\u2019on fait, la vision c\u2019est d\u2019aboutir \u00e0 un m\u00e9tier. L\u2019enseignement technique, c\u2019est un parcours que nous pouvons avoir apr\u00e8s le Bac ou m\u00eame avant le Bac. A l\u2019enseignement universitaire, c\u2019est un cursus apr\u00e8s le Bac, \u00e0 la fin aussi, c\u2019est un m\u00e9tier et une profession. \u00catre gestionnaire, \u00e9conomiste, ing\u00e9nieur tout \u00e7a constitue des m\u00e9tiers. Et pourquoi il faut avoir un m\u00e9tier \u00e7a nous permet de nous ins\u00e9rer dans le tissu socioprofessionnel. Ce que chacun doit comprendre, l\u2019enseignement sup\u00e9rieur et l\u2019enseignement professionnel, c\u2019est les dipl\u00f4mes qui sont un peu diff\u00e9rents mais ils sont compl\u00e9mentaires. En fait l\u2019ing\u00e9nieur a besoin de l\u2019aide ing\u00e9nieur.<\/strong><\/em><\/p>\n\n\n\n<figure class=\"wp-block-image size-full is-resized\"><img decoding=\"async\" loading=\"lazy\" src=\"https:\/\/universiteactu.com\/wp-content\/uploads\/2024\/05\/WhatsApp-Image-2024-05-04-at-21.29.03-768x512-1.jpeg\" alt=\"\" class=\"wp-image-26305\" width=\"838\" height=\"559\" srcset=\"https:\/\/universiteactu.com\/wp-content\/uploads\/2024\/05\/WhatsApp-Image-2024-05-04-at-21.29.03-768x512-1.jpeg 768w, https:\/\/universiteactu.com\/wp-content\/uploads\/2024\/05\/WhatsApp-Image-2024-05-04-at-21.29.03-768x512-1-300x200.jpeg 300w, https:\/\/universiteactu.com\/wp-content\/uploads\/2024\/05\/WhatsApp-Image-2024-05-04-at-21.29.03-768x512-1-630x420.jpeg 630w, https:\/\/universiteactu.com\/wp-content\/uploads\/2024\/05\/WhatsApp-Image-2024-05-04-at-21.29.03-768x512-1-640x427.jpeg 640w, https:\/\/universiteactu.com\/wp-content\/uploads\/2024\/05\/WhatsApp-Image-2024-05-04-at-21.29.03-768x512-1-681x454.jpeg 681w\" sizes=\"(max-width: 838px) 100vw, 838px\" \/><\/figure>\n\n\n\n<p><strong><em>Etant ing\u00e9nieur en d\u00e9veloppement territorial, je peux avoir besoin des personnes qui ont une licence en d\u00e9veloppement communautaire, j\u2019ai besoin des personnes qui ont fait des formations pratiques en animation de d\u00e9veloppement local. Aujourd\u2019hui il faut que nous soyons focus sur qu\u2019est-ce que nous apprenons, qu\u2019est-ce que \u00e7a peut me servir demain, est-ce que ce j\u2019apprends me permet de m\u2019ins\u00e9rer dans le tissu socioprofessionnel. Qu\u2019on le fasse \u00e0 l\u2019universit\u00e9 ou au professionnel, c\u2019est deux voies qui sont offertes, c\u2019est possible de quitter l\u2019universit\u00e9 pour le professionnel et inversement. C\u2019est le message important \u00e0 comprendre, \u00e0 saisir. Le m\u00e9tier ce n\u2019est pas une chose qu\u2019on embrasse apr\u00e8s avoir \u00e9chou\u00e9 quelque part. c\u2019est le chemin de la r\u00e9ussite. Il suffit d\u2019avoir une passion, du talent. Je suis \u00e9conomiste et je ne regrette pas de l\u2019avoir appris avec amour&nbsp;<\/em>\u00bb,<\/strong> a-t-il dit.<\/p>\n\n\n\n<p>Ils \u00e9taient plusieurs centaines de coll\u00e9giens et lyc\u00e9ens \u00e0 r\u00e9pondre \u00e0 l\u2019invitation de l\u2019Universit\u00e9 de Lab\u00e9. Ils ont d\u00e9gag\u00e9 suffisamment d\u2019int\u00e9r\u00eat pour le salon de l\u2019orientation qui a situ\u00e9 chacun comment faire un choix de fili\u00e8re d\u2019avenir une fois le bac est obtenu. Kadija DIALLO, \u00c9l\u00e8ve de Terminale au lyc\u00e9e Hoggo Mbouro explique que les th\u00e8mes abord\u00e9s par les pan\u00e9listes les aideront \u00e0 faire des choix utiles dans leur projet d\u2019\u00e9tudes&nbsp;:<\/p>\n\n\n\n<p><em><strong>\u00ab&nbsp;Ce salon nous a \u00e9t\u00e9 tr\u00e8s utile, nous candidats au Bac. En tant que candidate au Bac j\u2019ai retenu qu\u2019il ne faut pas suivre le choix des amis. Il faut faire en sorte que le choix soit utile \u00e0 vous dans l\u2019avenir, miser sur un m\u00e9tier d\u2019avenir \u00e0 la longue, choisir une branche dont la communaut\u00e9 a besoin dans la vie de tous les jours&nbsp;; l\u2019essentiel c\u2019est de faire bien orienter et non faire un choix qu\u2019on aime mais qui n\u2019est pas porteur. Apr\u00e8s le lyc\u00e9e c\u2019est l\u2019universit\u00e9, mais si le choix est mauvais, \u00e7a vous rattrape dans la vie.&nbsp; Les explications re\u00e7ues au salon de l\u2019orientation ici m\u2019ont beaucoup chang\u00e9 les id\u00e9es. D\u00e8s mon admission au Bac, je n\u2019aurais plus l\u2019embarras de choix, d\u2019abord je vois les mati\u00e8res ou je brille de plus sans suivre une amie en management communication alors que je suis bonne informatique. Le talent et la passion doivent primer&nbsp;\u00bb.<\/strong><\/em><\/p>\n\n\n\n<p>Thierno Hamidou BAH, Chef de Cabinet du Minist\u00e8re de l\u2019Enseignement Sup\u00e9rieur, de la Recherche Scientifique et de l\u2019Innovation est l\u2019un des panelistes. Il a \u00e9t\u00e9 marqu\u00e9 par les pr\u00e9occupations soulev\u00e9es par les \u00e9l\u00e8ves pr\u00e9sents au salon de l\u2019orientation&nbsp;:<\/p>\n\n\n\n<figure class=\"wp-block-image size-full is-resized\"><img decoding=\"async\" loading=\"lazy\" src=\"https:\/\/universiteactu.com\/wp-content\/uploads\/2024\/05\/hamidou-768x512-1.jpeg\" alt=\"\" class=\"wp-image-26302\" width=\"838\" height=\"559\" srcset=\"https:\/\/universiteactu.com\/wp-content\/uploads\/2024\/05\/hamidou-768x512-1.jpeg 768w, https:\/\/universiteactu.com\/wp-content\/uploads\/2024\/05\/hamidou-768x512-1-300x200.jpeg 300w, https:\/\/universiteactu.com\/wp-content\/uploads\/2024\/05\/hamidou-768x512-1-630x420.jpeg 630w, https:\/\/universiteactu.com\/wp-content\/uploads\/2024\/05\/hamidou-768x512-1-640x427.jpeg 640w, https:\/\/universiteactu.com\/wp-content\/uploads\/2024\/05\/hamidou-768x512-1-681x454.jpeg 681w\" sizes=\"(max-width: 838px) 100vw, 838px\" \/><\/figure>\n\n\n\n<p><strong><em>\u00ab&nbsp;Le ministre Alpha Bacar Barry a instruit le cabinet de s\u2019associer avec les diff\u00e9rents d\u00e9partements en charge de l\u2019\u00e9ducation pour venir expliquer un certain nombre de choses sur le plan professionnel \u00e0 tous les \u00e9l\u00e8ves des coll\u00e8ges et lyc\u00e9es qui aspirent \u00e0 acc\u00e9der aux universit\u00e9s, mais \u00e9galement les inspirer \u00e0 travers diff\u00e9rents parcours.<\/em><\/strong><\/p>\n\n\n\n<p><strong><em>Cette conf\u00e9rence tenue \u00e0 l\u2019universit\u00e9 de Lab\u00e9 en marge du salon de l\u2019orientation dans \u00e9dition 2024 nous a permis de nous adresser \u00e0 tous ces \u00e9l\u00e8ves-l\u00e0. Ils ont compris le lien entre le parcours acad\u00e9mique et le choix de la vie qui nous impose parfois des r\u00e9alit\u00e9s qui nous \u00e9chappe. Il a \u00e9t\u00e9 vraiment opportun d\u2019inspirer ces jeunes et de faire en sorte de rendre fier leurs parents qui investissent sur eux et qui attendent un r\u00e9sultat. Aujourd\u2019hui les autorit\u00e9s qui gouvernent l\u2019enseignement \u00e0 tous les niveaux sont \u00e0 pied-d \u2019\u0153uvre pour redonner tout l\u2019espoir \u00e0 ces jeunes r\u00e9unis ici<\/em>&nbsp;\u00bb,<\/strong> a d\u00e9clar\u00e9 ce cadre du MESRSI.<\/p>\n\n\n\n<p>Le recteur de l\u2019Universit\u00e9 de Lab\u00e9, Docteur Mohamed Cherif SOW, a aussi suivi la 3<sup>\u00e8me<\/sup>&nbsp;\u00e9dition du salon de l\u2019orientation avec int\u00e9r\u00eat. Selon l\u2019universitaire, c\u2019est un \u00e9v\u00e8nement \u00e9minemment important pour les \u00e9l\u00e8ves du coll\u00e8ge et du lyc\u00e9e, appel\u00e9s \u00e0 acc\u00e9der aux universit\u00e9s du pays&nbsp;:<\/p>\n\n\n\n<figure class=\"wp-block-image size-full is-resized\"><img decoding=\"async\" loading=\"lazy\" src=\"https:\/\/universiteactu.com\/wp-content\/uploads\/2024\/05\/WhatsApp-Image-2024-05-04-at-21.31.13-768x512-1.jpeg\" alt=\"\" class=\"wp-image-26303\" width=\"839\" height=\"559\" srcset=\"https:\/\/universiteactu.com\/wp-content\/uploads\/2024\/05\/WhatsApp-Image-2024-05-04-at-21.31.13-768x512-1.jpeg 768w, https:\/\/universiteactu.com\/wp-content\/uploads\/2024\/05\/WhatsApp-Image-2024-05-04-at-21.31.13-768x512-1-300x200.jpeg 300w, https:\/\/universiteactu.com\/wp-content\/uploads\/2024\/05\/WhatsApp-Image-2024-05-04-at-21.31.13-768x512-1-630x420.jpeg 630w, https:\/\/universiteactu.com\/wp-content\/uploads\/2024\/05\/WhatsApp-Image-2024-05-04-at-21.31.13-768x512-1-640x427.jpeg 640w, https:\/\/universiteactu.com\/wp-content\/uploads\/2024\/05\/WhatsApp-Image-2024-05-04-at-21.31.13-768x512-1-681x454.jpeg 681w\" sizes=\"(max-width: 839px) 100vw, 839px\" \/><\/figure>\n\n\n\n<p><em><strong>\u00ab&nbsp;Il vous souviendra que ce salon est n\u00e9 il y a 3 ans. Il est n\u00e9 de constations que les \u00e9l\u00e8ves apr\u00e8s le baccalaur\u00e9at sont tr\u00e8s peu sensibilis\u00e9s, sont tr\u00e8s peu inform\u00e9s \u00e0 la formation post pr\u00e9universitaire qui les attend dans les universit\u00e9s. Aujourd\u2019hui nous voyons l\u2019effet de l\u2019organisation de ces salons d\u2019orientations, parce que les bacheliers sont situ\u00e9s tr\u00e8s t\u00f4t sur non seulement comment s\u2019orienter efficacement vers l\u2019enseignement sup\u00e9rieur et un choix judicieux qui r\u00e9pond \u00e0 leur aspiration. Autre chose aussi, ces salons sont une occasion pour expliquer \u00e0 ces jeunes \u00e9l\u00e8ves que les universit\u00e9s guin\u00e9ennes peuvent les offrir des formations de qualit\u00e9 et m\u00eame apprendre des m\u00e9tiers porteurs pour eux.&nbsp; A l\u2019universit\u00e9 de Lab\u00e9 par exemple&nbsp;; ils peuvent b\u00e9n\u00e9ficier des m\u00e9tiers actuels et des m\u00e9tiers d\u2019avenir avec des programmes modernes o\u00f9 il y a des \u00e9quipements de qualit\u00e9 en vue d\u2019offrir des programmes de haute qualit\u00e9 pour pr\u00e9parer les \u00e9tudiants aux m\u00e9tiers futurs qui les attend. Le Salon De l\u2019Orientation c\u2019est beaucoup d\u2019effervescence que nous recevons des lyc\u00e9es et coll\u00e8ges de Lab\u00e9 qui accordent de l\u2019int\u00e9r\u00eat \u00e0 ces journ\u00e9es. L\u2019enseignement technique \u00e9galement fait \u00e9norm\u00e9ment d\u2019effort pour se hisser au sommet avec une qualification standard au niveau des autres pays sur le plan sous-r\u00e9gional et international&nbsp;\u00bb,<\/strong><\/em>&nbsp;conclut le recteur de l\u2019universit\u00e9 de Lab\u00e9.<\/p>\n\n\n\n<p><strong>Africaguinee<\/strong><\/p>\n","protected":false},"excerpt":{"rendered":"<p>\u00ab L\u2019orientation scolaire et universitaire, quel impact sur ma carri\u00e8re professionnelle ? \u00bb,&nbsp;c\u2019est autour de ce th\u00e8me que la 3\u00e8me&nbsp;\u00e9dition du Salon De l\u2019Orientation (SDO) a \u00e9t\u00e9 lanc\u00e9e, ce samedi 4 Mai 2024 \u00e0 l\u2019Universit\u00e9 de Lab\u00e9. Cette institution d\u2019Enseignement Sup\u00e9rieur est situ\u00e9e dans la commune rurale de Hafia, \u00e0 22km du centre urbain de [&hellip;]<\/p>\n","protected":false},"author":4,"featured_media":26308,"comment_status":"closed","ping_status":"closed","sticky":false,"template":"","format":"standard","meta":[],"categories":[9,17,2,13,7,6,8],"tags":[],"_links":{"self":[{"href":"https:\/\/universiteactu.com\/index.php?rest_route=\/wp\/v2\/posts\/26301"}],"collection":[{"href":"https:\/\/universiteactu.com\/index.php?rest_route=\/wp\/v2\/posts"}],"about":[{"href":"https:\/\/universiteactu.com\/index.php?rest_route=\/wp\/v2\/types\/post"}],"author":[{"embeddable":true,"href":"https:\/\/universiteactu.com\/index.php?rest_route=\/wp\/v2\/users\/4"}],"replies":[{"embeddable":true,"href":"https:\/\/universiteactu.com\/index.php?rest_route=%2Fwp%2Fv2%2Fcomments&post=26301"}],"version-history":[{"count":3,"href":"https:\/\/universiteactu.com\/index.php?rest_route=\/wp\/v2\/posts\/26301\/revisions"}],"predecessor-version":[{"id":26311,"href":"https:\/\/universiteactu.com\/index.php?rest_route=\/wp\/v2\/posts\/26301\/revisions\/26311"}],"wp:featuredmedia":[{"embeddable":true,"href":"https:\/\/universiteactu.com\/index.php?rest_route=\/wp\/v2\/media\/26308"}],"wp:attachment":[{"href":"https:\/\/universiteactu.com\/index.php?rest_route=%2Fwp%2Fv2%2Fmedia&parent=26301"}],"wp:term":[{"taxonomy":"category","embeddable":true,"href":"https:\/\/universiteactu.com\/index.php?rest_route=%2Fwp%2Fv2%2Fcategories&post=26301"},{"taxonomy":"post_tag","embeddable":true,"href":"https:\/\/universiteactu.com\/index.php?rest_route=%2Fwp%2Fv2%2Ftags&post=26301"}],"curies":[{"name":"wp","href":"https:\/\/api.w.org\/{rel}","templated":true}]}}