{"id":25107,"date":"2024-01-23T13:26:43","date_gmt":"2024-01-23T12:26:43","guid":{"rendered":"https:\/\/universiteactu.com\/?p=25107"},"modified":"2024-01-23T14:13:16","modified_gmt":"2024-01-23T13:13:16","slug":"ceremonie-inaugurale-du-pole-vie-a-lissmv-de-dalaba-un-nouveau-chapitre-pour-linnovation-et-lentrepreneuriat","status":"publish","type":"post","link":"https:\/\/universiteactu.com\/?p=25107","title":{"rendered":"C\u00e9r\u00e9monie Inaugurale du P\u00f4le Vie \u00e0 l&rsquo;ISSMV de Dalaba : Un Nouveau Chapitre pour l&rsquo;Innovation et l&rsquo;Entrepreneuriat"},"content":{"rendered":"\n<p class=\"has-drop-cap\">Ce lundi 22 janvier 2024, sous la direction de la Ministre du MESRSI, la communaut\u00e9 universitaire de Dalaba s&rsquo;est unie pour c\u00e9l\u00e9brer l&rsquo;inauguration officielle du P\u00f4le Vie de l&rsquo;Institut Sup\u00e9rieur des Sciences et M\u00e9decine V\u00e9t\u00e9rinaire (ISSMV).<\/p>\n\n\n\n<figure class=\"wp-block-image size-large\"><img decoding=\"async\" loading=\"lazy\" width=\"1024\" height=\"683\" src=\"http:\/\/universiteactu.com\/wp-content\/uploads\/2024\/01\/FB_IMG_1705926104131-1024x683.jpg\" alt=\"\" class=\"wp-image-25098\" srcset=\"https:\/\/universiteactu.com\/wp-content\/uploads\/2024\/01\/FB_IMG_1705926104131-1024x683.jpg 1024w, https:\/\/universiteactu.com\/wp-content\/uploads\/2024\/01\/FB_IMG_1705926104131-300x200.jpg 300w, https:\/\/universiteactu.com\/wp-content\/uploads\/2024\/01\/FB_IMG_1705926104131-768x512.jpg 768w, https:\/\/universiteactu.com\/wp-content\/uploads\/2024\/01\/FB_IMG_1705926104131-629x420.jpg 629w, https:\/\/universiteactu.com\/wp-content\/uploads\/2024\/01\/FB_IMG_1705926104131-640x427.jpg 640w, https:\/\/universiteactu.com\/wp-content\/uploads\/2024\/01\/FB_IMG_1705926104131-681x454.jpg 681w, https:\/\/universiteactu.com\/wp-content\/uploads\/2024\/01\/FB_IMG_1705926104131.jpg 1079w\" sizes=\"(max-width: 1024px) 100vw, 1024px\" \/><\/figure>\n\n\n\n<p>Depuis la semaine derni\u00e8re, Dre Diaka SIDIBE, aux c\u00f4t\u00e9s de cadres de son d\u00e9partement, a entrepris une s\u00e9rie d&rsquo;inaugurations de P\u00f4les d&rsquo;Innovation et d&rsquo;Entrepreneuriat (POLE VIE) dans diverses universit\u00e9s. Cet \u00e9v\u00e9nement \u00e0 Dalaba a marqu\u00e9 l&rsquo;inauguration d&rsquo;un centre novateur, technologique et entrepreneurial, d\u00e9di\u00e9 \u00e0 favoriser les rencontres, les \u00e9changes, les d\u00e9bats, la cr\u00e9ativit\u00e9 et l&rsquo;innovation entre \u00e9tudiants, entrepreneurs, investisseurs et d\u00e9cideurs de tous les secteurs.<\/p>\n\n\n\n<figure class=\"wp-block-image size-full\"><img decoding=\"async\" loading=\"lazy\" width=\"914\" height=\"662\" src=\"http:\/\/universiteactu.com\/wp-content\/uploads\/2024\/01\/20240122_130406.jpg\" alt=\"\" class=\"wp-image-25103\" srcset=\"https:\/\/universiteactu.com\/wp-content\/uploads\/2024\/01\/20240122_130406.jpg 914w, https:\/\/universiteactu.com\/wp-content\/uploads\/2024\/01\/20240122_130406-300x217.jpg 300w, https:\/\/universiteactu.com\/wp-content\/uploads\/2024\/01\/20240122_130406-768x556.jpg 768w, https:\/\/universiteactu.com\/wp-content\/uploads\/2024\/01\/20240122_130406-580x420.jpg 580w, https:\/\/universiteactu.com\/wp-content\/uploads\/2024\/01\/20240122_130406-640x464.jpg 640w, https:\/\/universiteactu.com\/wp-content\/uploads\/2024\/01\/20240122_130406-681x493.jpg 681w\" sizes=\"(max-width: 914px) 100vw, 914px\" \/><\/figure>\n\n\n\n<p> Prenant la parole pour la circonstance, la Ministre de l\u2019Enseignement Sup\u00e9rieur, de la Recherche Scientifique et de l\u2019Innovation, Dre Diaka SIDIBE a rappel\u00e9 l\u2019objectif de la r\u00e9alisation de l\u2019espace P\u00f4le Vie .<em>&nbsp;<\/em><\/p>\n\n\n\n<figure class=\"wp-block-image size-large\"><img decoding=\"async\" loading=\"lazy\" width=\"857\" height=\"1024\" src=\"http:\/\/universiteactu.com\/wp-content\/uploads\/2024\/01\/20240122_130233-857x1024.jpg\" alt=\"\" class=\"wp-image-25096\" srcset=\"https:\/\/universiteactu.com\/wp-content\/uploads\/2024\/01\/20240122_130233-857x1024.jpg 857w, https:\/\/universiteactu.com\/wp-content\/uploads\/2024\/01\/20240122_130233-251x300.jpg 251w, https:\/\/universiteactu.com\/wp-content\/uploads\/2024\/01\/20240122_130233-768x917.jpg 768w, https:\/\/universiteactu.com\/wp-content\/uploads\/2024\/01\/20240122_130233-352x420.jpg 352w, https:\/\/universiteactu.com\/wp-content\/uploads\/2024\/01\/20240122_130233-640x764.jpg 640w, https:\/\/universiteactu.com\/wp-content\/uploads\/2024\/01\/20240122_130233-681x813.jpg 681w, https:\/\/universiteactu.com\/wp-content\/uploads\/2024\/01\/20240122_130233.jpg 968w\" sizes=\"(max-width: 857px) 100vw, 857px\" \/><\/figure>\n\n\n\n<p><em><strong>\u00ab&nbsp;La r\u00e9alisation du P\u00f4le de valorisation de l\u2019innovation et de l\u2019entrepreneuriat de L\u2019ISSMV de Dalaba est une d\u00e9marche contributive \u00e0 la r\u00e9solution de la probl\u00e9matique de l\u2019employabilit\u00e9 de nos dipl\u00f4m\u00e9s. Elle s\u2019inscrit dans la dynamique de mise en \u0153uvre du statut national d\u2019\u00e9tudiant-entrepreneur. Son objectif est de catalyser le d\u00e9veloppement de l\u2019entrepreneuriat en offrant des installations neuves, performantes et des locaux judicieusement am\u00e9nag\u00e9s pour promouvoir la synergie entre acteurs. De cette mani\u00e8re, ce nouvel espace est d\u00e9di\u00e9 donc \u00e0 la vie \u00e9tudiante mais aussi aux usagers et au public autour d\u2019une offre de service entrepreneuriat pour les \u00e9tudiants et les personnels du campus.<\/strong><\/em><\/p>\n\n\n\n<p><strong><em>Les \u00e9tablissements r\u00e9cents ont besoin de modernisation, d\u2019intensification de la promotion de l\u2019entrepreneuriat. Mais, l\u2019une des composantes essentielles qui contribue \u00e0 la mise en \u0153uvre de cette initiative, c\u2019est la qualit\u00e9 de l\u2019infrastructure et des \u00e9quipements. cette raison est celle qui motive les multiples efforts de l\u2019\u00c9tat pour la r\u00e9alisation d\u2019infrastructures modernes et appropri\u00e9s dans nos institutions d\u2019enseignement sup\u00e9rieur. Dans ce contexte, toutes les r\u00e9alisations et transformations graduelles et qualitatives qui s\u2019op\u00e8rent \u00e0 l\u2019ISSMV de Dalaba depuis un certain temps et dont nous sommes fiers ont vu le jour gr\u00e2ce au financement du budget national et surtout \u00e0 la gestion rationnelle des fonds \u00e0 la disposition de l\u2019Institut de Dalaba. Ceci est salutaire. c\u2019est le lieu donc pour moi d\u2019adresser mes f\u00e9licitations aux autorit\u00e9s de l\u2019Institut et de rendre encore une fois de plus un vibrant hommage \u00e0 Monsieur le Pr\u00e9sident de la R\u00e9publique pour son engagement personnel \u00e0 soutenir le syst\u00e8me \u00e9ducatif en g\u00e9n\u00e9ral et le sous secteur de l\u2019enseignement sup\u00e9rieur en particulier<\/em>&nbsp;\u00bb<\/strong> indique t-elle.<\/p>\n\n\n\n<p>Poursuivant, le Colonel Aly Badara CAMARA, Gouverneur de la r\u00e9gion de Mamou, s\u2019est r\u00e9joui de l\u2019\u00e9dification de cette nouvelle infrastructure \u00e0 Dalaba <em><strong>:<\/strong><\/em><\/p>\n\n\n\n<figure class=\"wp-block-image size-large is-resized\"><img decoding=\"async\" loading=\"lazy\" src=\"http:\/\/universiteactu.com\/wp-content\/uploads\/2024\/01\/20240122_130324-768x1024.jpg\" alt=\"\" class=\"wp-image-25100\" width=\"839\" height=\"1119\" srcset=\"https:\/\/universiteactu.com\/wp-content\/uploads\/2024\/01\/20240122_130324-768x1025.jpg 768w, https:\/\/universiteactu.com\/wp-content\/uploads\/2024\/01\/20240122_130324-225x300.jpg 225w, https:\/\/universiteactu.com\/wp-content\/uploads\/2024\/01\/20240122_130324-315x420.jpg 315w, https:\/\/universiteactu.com\/wp-content\/uploads\/2024\/01\/20240122_130324-640x854.jpg 640w, https:\/\/universiteactu.com\/wp-content\/uploads\/2024\/01\/20240122_130324-681x909.jpg 681w, https:\/\/universiteactu.com\/wp-content\/uploads\/2024\/01\/20240122_130324.jpg 862w\" sizes=\"(max-width: 839px) 100vw, 839px\" \/><\/figure>\n\n\n\n<p><em><strong>&nbsp;\u00ab&nbsp;Nous suivons qu\u2019en mati\u00e8re d\u2019innovation, votre d\u00e9partement qui a initi\u00e9 trois projets phares \u00e0 savoir :&nbsp;La mise en place de 17 espaces num\u00e9riques de travail, le projet pilote d\u2019\u00e9tudiants entrepreneurs et le programme de stage en alternance. Ainsi, des actions ont permis: la cr\u00e9ation du statut entrepreneur. L\u2019am\u00e9nagement des premiers sites dans le cadre de l\u2019implantation des p\u00f4les de valorisation, de l\u2019innovation et de l\u2019entrepreneuriat.<\/strong><\/em><\/p>\n\n\n\n<p><em><strong>L\u2019\u00e9dification de cette nouvelle infrastructure confirme une fois de plus l\u2019engagement du gouvernement dans l\u2019am\u00e9lioration permanente des conditions de travail, de vie des \u00e9tudiants et du personnel enseignant.<\/strong><\/em><\/p>\n\n\n\n<p><em><strong>C\u2019est un pas certain dans la recherche de solution au probl\u00e8me r\u00e9current de recherche d\u2019emplois qui se pose aux \u00e9tudiants \u00e0 la fin de leurs \u00e9tudes.&nbsp;<\/strong><\/em><\/p>\n\n\n\n<p><em><strong>A travers les principales actions d\u00e9velopp\u00e9es par le MESRSI  \u00e0 l\u2019int\u00e9rieur du pays, nous constatons donc que l\u2019Institut Sup\u00e9rieur des Sciences et de M\u00e9decine V\u00e9t\u00e9rinaire de Dalaba devient un p\u00f4le d\u2019excellence universitaire, scientifique et technologique, porteur d\u2019espoir pour les acteurs de la r\u00e9gion, mais aussi pour les b\u00e9n\u00e9ficiaires que sont les \u00e9tudiants.<\/strong><\/em><\/p>\n\n\n\n<p><em><strong>La r\u00e9alisation du P\u00f4le Vie constitue non seulement une r\u00e9elle satisfaction pour l\u2019ensemble des \u00e9tudiants et encadrants mais aussi une l\u00e9gitime fiert\u00e9 pour la ville de Dalaba. L\u2019aboutissement de ce projet n\u2019a \u00e9t\u00e9 rendu possible que gr\u00e2ce \u00e0 la bonne utilisation par les autorit\u00e9s universitaires des fonds mis \u00e0 leur disposition par l\u2019Etat.\u00bb<\/strong><\/em>&nbsp;<\/p>\n\n\n\n<p>Dr Mamadou KOUYATE, le Directeur G\u00e9n\u00e9ral de l\u2019ISSMV de Dalaba  a salu\u00e9 les r\u00e9formes engag\u00e9es par Madame la Ministre, Dre Diaka SIDIBE.<\/p>\n\n\n\n<figure class=\"wp-block-image size-large\"><img decoding=\"async\" loading=\"lazy\" width=\"860\" height=\"1024\" src=\"http:\/\/universiteactu.com\/wp-content\/uploads\/2024\/01\/20240122_130259-860x1024.jpg\" alt=\"\" class=\"wp-image-25102\" srcset=\"https:\/\/universiteactu.com\/wp-content\/uploads\/2024\/01\/20240122_130259-860x1024.jpg 860w, https:\/\/universiteactu.com\/wp-content\/uploads\/2024\/01\/20240122_130259-252x300.jpg 252w, https:\/\/universiteactu.com\/wp-content\/uploads\/2024\/01\/20240122_130259-768x914.jpg 768w, https:\/\/universiteactu.com\/wp-content\/uploads\/2024\/01\/20240122_130259-353x420.jpg 353w, https:\/\/universiteactu.com\/wp-content\/uploads\/2024\/01\/20240122_130259-640x762.jpg 640w, https:\/\/universiteactu.com\/wp-content\/uploads\/2024\/01\/20240122_130259-681x811.jpg 681w, https:\/\/universiteactu.com\/wp-content\/uploads\/2024\/01\/20240122_130259.jpg 946w\" sizes=\"(max-width: 860px) 100vw, 860px\" \/><\/figure>\n\n\n\n<figure class=\"wp-block-image size-full is-resized\"><img decoding=\"async\" loading=\"lazy\" src=\"http:\/\/universiteactu.com\/wp-content\/uploads\/2024\/01\/20240122_130516.jpg\" alt=\"\" class=\"wp-image-25099\" width=\"841\" height=\"700\" \/><\/figure>\n\n\n\n<p><strong><em>\u00ab&nbsp;Le P\u00f4le Vie qui est le r\u00e9sultat de votre coutumi\u00e8re clairvoyance constitue une r\u00e9forme majeure pour appuyer la mise en \u0153uvre du statut Etudiant-entrepreneur. C\u2019est un travail exaltant et l\u2019\u0153uvre accomplie est historique et louable. Vous demeurez notre source d\u2019inspiration. Ce fleuron dans notre campus mat\u00e9rialise la preuve de notre adh\u00e9sion sans ambages, aux id\u00e9aux de d\u00e9veloppement multi- sectoriel, induits par la politique du Pr\u00e9sident de la R\u00e9publique, Chef de l\u2019Etat, Chef Supr\u00eame des Arm\u00e9es, Colonel Mamadi DOUMBOUYA.<\/em><\/strong><\/p>\n\n\n\n<p><em><strong>Ces multiples efforts d\u00e9ploy\u00e9s par l\u2019Etat pour l\u2019am\u00e9lioration des conditions d\u2019\u00e9tudes et de travail des \u00e9tudiants et des enseignants, nous engagent \u00e0 donner toujours plus, pour le d\u00e9veloppement de la patrie en g\u00e9n\u00e9ral, celui de notre Institution en particulier.&nbsp;P\u00f4le Vie dont nous avons le bonheur de b\u00e9n\u00e9ficier de la mise en service.&nbsp;La communaut\u00e9 saura en faire bon usage.<\/strong><\/em><\/p>\n\n\n\n<p><em><strong>La pr\u00e9sente c\u00e9r\u00e9monie d\u2019inauguration est le reflet du souci constant du gouvernement de faire de nos universit\u00e9s, de v\u00e9ritables centres d\u2019excellence. Tous ces efforts concourent au renforcement du capital humain. C\u2019est aussi l\u00e0 que notre lien avec le FONIJ ( le fonds national d\u2019insertion des jeunes) prend tout son sens&nbsp;\u00bb.<\/strong><\/em><\/p>\n\n\n\n<figure class=\"wp-block-image size-full is-resized\"><img decoding=\"async\" loading=\"lazy\" src=\"http:\/\/universiteactu.com\/wp-content\/uploads\/2024\/01\/20240122_130348.jpg\" alt=\"\" class=\"wp-image-25097\" width=\"841\" height=\"637\" srcset=\"https:\/\/universiteactu.com\/wp-content\/uploads\/2024\/01\/20240122_130348.jpg 789w, https:\/\/universiteactu.com\/wp-content\/uploads\/2024\/01\/20240122_130348-300x227.jpg 300w, https:\/\/universiteactu.com\/wp-content\/uploads\/2024\/01\/20240122_130348-768x582.jpg 768w, https:\/\/universiteactu.com\/wp-content\/uploads\/2024\/01\/20240122_130348-554x420.jpg 554w, https:\/\/universiteactu.com\/wp-content\/uploads\/2024\/01\/20240122_130348-80x60.jpg 80w, https:\/\/universiteactu.com\/wp-content\/uploads\/2024\/01\/20240122_130348-100x75.jpg 100w, https:\/\/universiteactu.com\/wp-content\/uploads\/2024\/01\/20240122_130348-180x135.jpg 180w, https:\/\/universiteactu.com\/wp-content\/uploads\/2024\/01\/20240122_130348-640x485.jpg 640w, https:\/\/universiteactu.com\/wp-content\/uploads\/2024\/01\/20240122_130348-681x516.jpg 681w\" sizes=\"(max-width: 841px) 100vw, 841px\" \/><\/figure>\n\n\n\n<p>Le P\u00f4le Vie se pr\u00e9sente comme un instrument d&rsquo;accompagnement ouvert, visant \u00e0 stimuler le d\u00e9veloppement du secteur num\u00e9rique en Guin\u00e9e. Il aspire \u00e0 servir de levier pour promouvoir l&rsquo;entrepreneuriat et faciliter l&rsquo;insertion professionnelle des jeunes. Ces initiatives soulignent l&rsquo;engagement continu de Madame la Ministre, Dre Diaka SIDIBE, dans la promotion de l&rsquo;excellence, de l&rsquo;autonomisation et de l&rsquo;insertion socioprofessionnelle comp\u00e9titive des \u00e9tudiants.<\/p>\n\n\n\n<figure class=\"wp-block-image size-large\"><img decoding=\"async\" loading=\"lazy\" width=\"1024\" height=\"683\" src=\"http:\/\/universiteactu.com\/wp-content\/uploads\/2024\/01\/FB_IMG_1705926152760-1024x683.jpg\" alt=\"\" class=\"wp-image-25104\" srcset=\"https:\/\/universiteactu.com\/wp-content\/uploads\/2024\/01\/FB_IMG_1705926152760-1024x683.jpg 1024w, https:\/\/universiteactu.com\/wp-content\/uploads\/2024\/01\/FB_IMG_1705926152760-300x200.jpg 300w, https:\/\/universiteactu.com\/wp-content\/uploads\/2024\/01\/FB_IMG_1705926152760-768x512.jpg 768w, https:\/\/universiteactu.com\/wp-content\/uploads\/2024\/01\/FB_IMG_1705926152760-629x420.jpg 629w, https:\/\/universiteactu.com\/wp-content\/uploads\/2024\/01\/FB_IMG_1705926152760-640x427.jpg 640w, https:\/\/universiteactu.com\/wp-content\/uploads\/2024\/01\/FB_IMG_1705926152760-681x454.jpg 681w, https:\/\/universiteactu.com\/wp-content\/uploads\/2024\/01\/FB_IMG_1705926152760.jpg 1079w\" sizes=\"(max-width: 1024px) 100vw, 1024px\" \/><\/figure>\n\n\n\n<figure class=\"wp-block-image size-full\"><img decoding=\"async\" loading=\"lazy\" width=\"894\" height=\"720\" src=\"http:\/\/universiteactu.com\/wp-content\/uploads\/2024\/01\/20240122_130444.jpg\" alt=\"\" class=\"wp-image-25105\" srcset=\"https:\/\/universiteactu.com\/wp-content\/uploads\/2024\/01\/20240122_130444.jpg 894w, https:\/\/universiteactu.com\/wp-content\/uploads\/2024\/01\/20240122_130444-300x242.jpg 300w, https:\/\/universiteactu.com\/wp-content\/uploads\/2024\/01\/20240122_130444-768x619.jpg 768w, https:\/\/universiteactu.com\/wp-content\/uploads\/2024\/01\/20240122_130444-522x420.jpg 522w, https:\/\/universiteactu.com\/wp-content\/uploads\/2024\/01\/20240122_130444-640x515.jpg 640w, https:\/\/universiteactu.com\/wp-content\/uploads\/2024\/01\/20240122_130444-681x548.jpg 681w\" sizes=\"(max-width: 894px) 100vw, 894px\" \/><\/figure>\n\n\n\n<p>Il faut rappeler que cette ann\u00e9e, ils sont <strong>1 516<\/strong> \u00c9tudiants qui suivent des cours dans les trois d\u00e9partements de l\u2019ISSMV de Dalaba.&nbsp;&nbsp;Le P\u00f4le vie de l\u2019Institut comprend un espace de travail, un caf\u00e9t\u00e9ria, un bureau pour la directrice, un studio photo, un fab lab pour la conception de projets, une cabine pour les appels t\u00e9l\u00e9phoniques, une salle de r\u00e9union et des toilettes.<\/p>\n\n\n\n<p id=\"block-c6e4fb4f-9582-4600-a774-32cf6ae0468b\">Envoy\u00e9e Sp\u00e9cial: <strong>Mariam M Bah, pour Universite Actu.com<\/strong><\/p>\n","protected":false},"excerpt":{"rendered":"<p>Ce lundi 22 janvier 2024, sous la direction de la Ministre du MESRSI, la communaut\u00e9 universitaire de Dalaba s&rsquo;est unie pour c\u00e9l\u00e9brer l&rsquo;inauguration officielle du P\u00f4le Vie de l&rsquo;Institut Sup\u00e9rieur des Sciences et M\u00e9decine V\u00e9t\u00e9rinaire (ISSMV). Depuis la semaine derni\u00e8re, Dre Diaka SIDIBE, aux c\u00f4t\u00e9s de cadres de son d\u00e9partement, a entrepris une s\u00e9rie d&rsquo;inaugurations [&hellip;]<\/p>\n","protected":false},"author":4,"featured_media":25101,"comment_status":"closed","ping_status":"closed","sticky":false,"template":"","format":"standard","meta":[],"categories":[9,17,2,7,6,8],"tags":[],"_links":{"self":[{"href":"https:\/\/universiteactu.com\/index.php?rest_route=\/wp\/v2\/posts\/25107"}],"collection":[{"href":"https:\/\/universiteactu.com\/index.php?rest_route=\/wp\/v2\/posts"}],"about":[{"href":"https:\/\/universiteactu.com\/index.php?rest_route=\/wp\/v2\/types\/post"}],"author":[{"embeddable":true,"href":"https:\/\/universiteactu.com\/index.php?rest_route=\/wp\/v2\/users\/4"}],"replies":[{"embeddable":true,"href":"https:\/\/universiteactu.com\/index.php?rest_route=%2Fwp%2Fv2%2Fcomments&post=25107"}],"version-history":[{"count":2,"href":"https:\/\/universiteactu.com\/index.php?rest_route=\/wp\/v2\/posts\/25107\/revisions"}],"predecessor-version":[{"id":25110,"href":"https:\/\/universiteactu.com\/index.php?rest_route=\/wp\/v2\/posts\/25107\/revisions\/25110"}],"wp:featuredmedia":[{"embeddable":true,"href":"https:\/\/universiteactu.com\/index.php?rest_route=\/wp\/v2\/media\/25101"}],"wp:attachment":[{"href":"https:\/\/universiteactu.com\/index.php?rest_route=%2Fwp%2Fv2%2Fmedia&parent=25107"}],"wp:term":[{"taxonomy":"category","embeddable":true,"href":"https:\/\/universiteactu.com\/index.php?rest_route=%2Fwp%2Fv2%2Fcategories&post=25107"},{"taxonomy":"post_tag","embeddable":true,"href":"https:\/\/universiteactu.com\/index.php?rest_route=%2Fwp%2Fv2%2Ftags&post=25107"}],"curies":[{"name":"wp","href":"https:\/\/api.w.org\/{rel}","templated":true}]}}