{"id":24894,"date":"2023-12-25T13:16:18","date_gmt":"2023-12-25T12:16:18","guid":{"rendered":"https:\/\/universiteactu.com\/?p=24894"},"modified":"2023-12-25T13:16:27","modified_gmt":"2023-12-25T12:16:27","slug":"slecg-soumah-tend-la-main-au-camp-de-kadiatou-bah-je-les-invite-a-revenir-a-la-maison","status":"publish","type":"post","link":"https:\/\/universiteactu.com\/?p=24894","title":{"rendered":"SLECG\u00a0\/SOUMAH tend\u00a0la main au camp de Kadiatou BAH\u00a0: \u00ab\u00a0je les invite \u00e0 revenir \u00e0 la maison\u00a0\u00bb"},"content":{"rendered":"\n<p class=\"has-drop-cap\">Vendredi 15 d\u00e9cembre dernier, des enseignants de Conakry et de l\u2019int\u00e9rieur du pays ont renouvel\u00e9 leur confiance en la personne d\u2019Aboubacar SOUMAH, pour le reconduire \u00e0 son poste de secr\u00e9taire g\u00e9n\u00e9ral du SLECG. C\u2019\u00e9tait lors d\u2019un congr\u00e8s \u00e9lectif qui avait \u00e9t\u00e9 organis\u00e9 \u00e0 cet effet, conform\u00e9ment aux statuts et r\u00e8glements de l\u2019organisation syndicale.<\/p>\n\n\n\n<p>D\u00e9roul\u00e9e dans l\u2019enceinte de l\u2019Universit\u00e9 Gamal Abdel NASSER, la rencontre a connu la pr\u00e9sence des repr\u00e9sentants de plusieurs structures syndicales, du ministre de l\u2019Enseignement Pr\u00e9-Universitaire et de l\u2019Alphab\u00e9tisation et des sections \u00e0 la base.<\/p>\n\n\n\n<p>Fraichement r\u00e9\u00e9lu, Aboubacar SOUMAH s\u2019est exprim\u00e9 en ces termes&nbsp;: <strong><em>\u00ab&nbsp;Je rends un hommage \u00e0 Allah le tout Puissant de m\u2019avoir donn\u00e9 la force physique et mentale pour accomplir loyalement la charge du secr\u00e9taire g\u00e9n\u00e9ral du SLECG qui m\u2019a \u00e9t\u00e9 confi\u00e9e par les braves enseignants et enseignantes de Guin\u00e9e depuis 2018&nbsp;\u00bb, <\/em><\/strong>a-t-il dit d\u2019entr\u00e9e.<\/p>\n\n\n\n<p>Dans son discours qui a retenu les attentions, le patron du SLECG a invit\u00e9 le camp de Kadiatou BAH <strong><em>\u00ab&nbsp;\u00e0 revenir \u00e0 la maison, c\u2019est-\u00e0-dire le SLECG&nbsp;\u00bb.<\/em><\/strong><\/p>\n\n\n\n<p>Selon lui, pour la r\u00e9ussite de leur combat qui consiste \u00e0 d\u00e9fendre les enseignants, il faut une union sacr\u00e9e de toutes les structures, y compris la sienne.<\/p>\n\n\n\n<p>Avenirguinee<\/p>\n","protected":false},"excerpt":{"rendered":"<p>Vendredi 15 d\u00e9cembre dernier, des enseignants de Conakry et de l\u2019int\u00e9rieur du pays ont renouvel\u00e9 leur confiance en la personne d\u2019Aboubacar SOUMAH, pour le reconduire \u00e0 son poste de secr\u00e9taire g\u00e9n\u00e9ral du SLECG. C\u2019\u00e9tait lors d\u2019un congr\u00e8s \u00e9lectif qui avait \u00e9t\u00e9 organis\u00e9 \u00e0 cet effet, conform\u00e9ment aux statuts et r\u00e8glements de l\u2019organisation syndicale. D\u00e9roul\u00e9e dans [&hellip;]<\/p>\n","protected":false},"author":4,"featured_media":2509,"comment_status":"closed","ping_status":"closed","sticky":false,"template":"","format":"standard","meta":[],"categories":[23,17,2,24,21,22],"tags":[],"_links":{"self":[{"href":"https:\/\/universiteactu.com\/index.php?rest_route=\/wp\/v2\/posts\/24894"}],"collection":[{"href":"https:\/\/universiteactu.com\/index.php?rest_route=\/wp\/v2\/posts"}],"about":[{"href":"https:\/\/universiteactu.com\/index.php?rest_route=\/wp\/v2\/types\/post"}],"author":[{"embeddable":true,"href":"https:\/\/universiteactu.com\/index.php?rest_route=\/wp\/v2\/users\/4"}],"replies":[{"embeddable":true,"href":"https:\/\/universiteactu.com\/index.php?rest_route=%2Fwp%2Fv2%2Fcomments&post=24894"}],"version-history":[{"count":1,"href":"https:\/\/universiteactu.com\/index.php?rest_route=\/wp\/v2\/posts\/24894\/revisions"}],"predecessor-version":[{"id":24895,"href":"https:\/\/universiteactu.com\/index.php?rest_route=\/wp\/v2\/posts\/24894\/revisions\/24895"}],"wp:featuredmedia":[{"embeddable":true,"href":"https:\/\/universiteactu.com\/index.php?rest_route=\/wp\/v2\/media\/2509"}],"wp:attachment":[{"href":"https:\/\/universiteactu.com\/index.php?rest_route=%2Fwp%2Fv2%2Fmedia&parent=24894"}],"wp:term":[{"taxonomy":"category","embeddable":true,"href":"https:\/\/universiteactu.com\/index.php?rest_route=%2Fwp%2Fv2%2Fcategories&post=24894"},{"taxonomy":"post_tag","embeddable":true,"href":"https:\/\/universiteactu.com\/index.php?rest_route=%2Fwp%2Fv2%2Ftags&post=24894"}],"curies":[{"name":"wp","href":"https:\/\/api.w.org\/{rel}","templated":true}]}}