{"id":24602,"date":"2023-12-06T20:36:00","date_gmt":"2023-12-06T19:36:00","guid":{"rendered":"https:\/\/universiteactu.com\/?p=24602"},"modified":"2023-12-07T13:30:32","modified_gmt":"2023-12-07T12:30:32","slug":"forum-de-letudiant-guineen-2023-la-4e-edition-souvre-en-fanfare-a-conakry","status":"publish","type":"post","link":"https:\/\/universiteactu.com\/?p=24602","title":{"rendered":"Forum de l&rsquo;\u00c9tudiant Guin\u00e9en 2023: La 4e \u00e9dition s&rsquo;ouvre en fanfare \u00e0 Conakry"},"content":{"rendered":"\n<p class=\"has-drop-cap\">La 4e \u00e9dition du Forum de l&rsquo;\u00c9tudiant Guin\u00e9en a \u00e9t\u00e9 ouverte ce mercredi 6 d\u00e9cembre 2023 au Palais du Peuple de Conakry. La c\u00e9r\u00e9monie d&rsquo;ouverture a r\u00e9uni de nombreuses personnalit\u00e9s du secteur \u00e9ducatif guin\u00e9en, de l&rsquo;\u00c9ducation Nationale et de l&rsquo;Alphab\u00e9tisation \u00e0 l&rsquo;Enseignement Technique et \u00e0 la Formation Professionnelle.<\/p>\n\n\n\n<figure class=\"wp-block-image size-full is-resized\"><img decoding=\"async\" loading=\"lazy\" src=\"http:\/\/universiteactu.com\/wp-content\/uploads\/2023\/12\/IMG-20231206-WA0049-768x512-1.jpg\" alt=\"\" class=\"wp-image-24610\" width=\"842\" height=\"561\" srcset=\"https:\/\/universiteactu.com\/wp-content\/uploads\/2023\/12\/IMG-20231206-WA0049-768x512-1.jpg 768w, https:\/\/universiteactu.com\/wp-content\/uploads\/2023\/12\/IMG-20231206-WA0049-768x512-1-300x200.jpg 300w, https:\/\/universiteactu.com\/wp-content\/uploads\/2023\/12\/IMG-20231206-WA0049-768x512-1-630x420.jpg 630w, https:\/\/universiteactu.com\/wp-content\/uploads\/2023\/12\/IMG-20231206-WA0049-768x512-1-640x427.jpg 640w, https:\/\/universiteactu.com\/wp-content\/uploads\/2023\/12\/IMG-20231206-WA0049-768x512-1-681x454.jpg 681w\" sizes=\"(max-width: 842px) 100vw, 842px\" \/><\/figure>\n\n\n\n<figure class=\"wp-block-image size-large\"><img decoding=\"async\" loading=\"lazy\" width=\"1024\" height=\"683\" src=\"https:\/\/universiteactu.com\/wp-content\/uploads\/2023\/12\/FB_IMG_1701899136272-1024x683.jpg\" alt=\"\" class=\"wp-image-24616\" srcset=\"https:\/\/universiteactu.com\/wp-content\/uploads\/2023\/12\/FB_IMG_1701899136272-1024x683.jpg 1024w, https:\/\/universiteactu.com\/wp-content\/uploads\/2023\/12\/FB_IMG_1701899136272-300x200.jpg 300w, https:\/\/universiteactu.com\/wp-content\/uploads\/2023\/12\/FB_IMG_1701899136272-768x512.jpg 768w, https:\/\/universiteactu.com\/wp-content\/uploads\/2023\/12\/FB_IMG_1701899136272-629x420.jpg 629w, https:\/\/universiteactu.com\/wp-content\/uploads\/2023\/12\/FB_IMG_1701899136272-640x427.jpg 640w, https:\/\/universiteactu.com\/wp-content\/uploads\/2023\/12\/FB_IMG_1701899136272-681x454.jpg 681w, https:\/\/universiteactu.com\/wp-content\/uploads\/2023\/12\/FB_IMG_1701899136272.jpg 1079w\" sizes=\"(max-width: 1024px) 100vw, 1024px\" \/><\/figure>\n\n\n\n<p>Avec pour th\u00e8me :&nbsp;<strong>\u00ab \u00c9tudes sup\u00e9rieures et pratiques professionnelles : le d\u00e9fi des comp\u00e9tences et de l\u2019employabilit\u00e9 \u00bb<\/strong>.<\/p>\n\n\n\n<p>Durant les trois jours, le forum conna\u00eetra la participation de 50000 \u00e9tudiants,18 Institutions d\u2019Enseignement Sup\u00e9rieur ( IES) publiques, 26 Institutions d\u2019Enseignement Sup\u00e9rieur Priv\u00e9es et l\u2019organisation de 15 ateliers, 9 masterclasses et 12 conf\u00e9rences.<\/p>\n\n\n\n<p>La pr\u00e9sence notable de pays invit\u00e9s tels que la C\u00f4te d&rsquo;Ivoire, le Burkina Faso, le B\u00e9nin, le Canada, ainsi que d&rsquo;autres personnalit\u00e9s du monde scientifique et acad\u00e9mique a marqu\u00e9 cette c\u00e9r\u00e9monie.<\/p>\n\n\n\n<figure class=\"wp-block-image size-full is-resized\"><img decoding=\"async\" loading=\"lazy\" src=\"http:\/\/universiteactu.com\/wp-content\/uploads\/2023\/12\/IMG-20231206-WA0020-750x536-1.webp\" alt=\"\" class=\"wp-image-24603\" width=\"838\" height=\"599\" srcset=\"https:\/\/universiteactu.com\/wp-content\/uploads\/2023\/12\/IMG-20231206-WA0020-750x536-1.webp 750w, https:\/\/universiteactu.com\/wp-content\/uploads\/2023\/12\/IMG-20231206-WA0020-750x536-1-300x214.webp 300w, https:\/\/universiteactu.com\/wp-content\/uploads\/2023\/12\/IMG-20231206-WA0020-750x536-1-588x420.webp 588w, https:\/\/universiteactu.com\/wp-content\/uploads\/2023\/12\/IMG-20231206-WA0020-750x536-1-640x457.webp 640w, https:\/\/universiteactu.com\/wp-content\/uploads\/2023\/12\/IMG-20231206-WA0020-750x536-1-681x487.webp 681w\" sizes=\"(max-width: 838px) 100vw, 838px\" \/><\/figure>\n\n\n\n<p>Dans son discours, le Pr\u00e9sident du Conseil National de la Transition, Dr Dansa KOUROUMA, a soulign\u00e9 l&rsquo;importance de la vie \u00e9tudiante. Il a d\u00e9clar\u00e9 :<em><strong> \u00ab\u00a0L&rsquo;enseignement sup\u00e9rieur et la recherche scientifique sont des ingr\u00e9dients cl\u00e9s de l&rsquo;innovation. Sans eux, les syst\u00e8mes, les savoirs et les techniques stagnent dans l&rsquo;inertie, la stagnation et des capacit\u00e9s limit\u00e9es de transformation, entravant ainsi le d\u00e9veloppement. Notre capacit\u00e9 d&rsquo;innovation, de cr\u00e9ation et de cr\u00e9ativit\u00e9 doit \u00eatre le terreau du fa\u00e7onnement du Guin\u00e9en nouveau, du Guin\u00e9en &lsquo;reformat\u00e9&rsquo;. Je parle ici d&rsquo;une recherche scientifique mettant l&rsquo;accent sur l&rsquo;originalit\u00e9 de notre endog\u00e9n\u00e9it\u00e9 tout en suivant les tendances de pointe, notamment dans le domaine de l&rsquo;intelligence artificielle.\u00a0\u00bb<\/strong><\/em><\/p>\n\n\n\n<figure class=\"wp-block-image size-full is-resized\"><img decoding=\"async\" loading=\"lazy\" src=\"http:\/\/universiteactu.com\/wp-content\/uploads\/2023\/12\/IMG-20231206-WA0042-768x512-1.jpg\" alt=\"\" class=\"wp-image-24611\" width=\"837\" height=\"558\" srcset=\"https:\/\/universiteactu.com\/wp-content\/uploads\/2023\/12\/IMG-20231206-WA0042-768x512-1.jpg 768w, https:\/\/universiteactu.com\/wp-content\/uploads\/2023\/12\/IMG-20231206-WA0042-768x512-1-300x200.jpg 300w, https:\/\/universiteactu.com\/wp-content\/uploads\/2023\/12\/IMG-20231206-WA0042-768x512-1-630x420.jpg 630w, https:\/\/universiteactu.com\/wp-content\/uploads\/2023\/12\/IMG-20231206-WA0042-768x512-1-640x427.jpg 640w, https:\/\/universiteactu.com\/wp-content\/uploads\/2023\/12\/IMG-20231206-WA0042-768x512-1-681x454.jpg 681w\" sizes=\"(max-width: 837px) 100vw, 837px\" \/><\/figure>\n\n\n\n<figure class=\"wp-block-image size-large\"><img decoding=\"async\" loading=\"lazy\" width=\"1024\" height=\"683\" src=\"http:\/\/universiteactu.com\/wp-content\/uploads\/2023\/12\/FB_IMG_1701899116194-1024x683.jpg\" alt=\"\" class=\"wp-image-24615\" srcset=\"https:\/\/universiteactu.com\/wp-content\/uploads\/2023\/12\/FB_IMG_1701899116194-1024x683.jpg 1024w, https:\/\/universiteactu.com\/wp-content\/uploads\/2023\/12\/FB_IMG_1701899116194-300x200.jpg 300w, https:\/\/universiteactu.com\/wp-content\/uploads\/2023\/12\/FB_IMG_1701899116194-768x512.jpg 768w, https:\/\/universiteactu.com\/wp-content\/uploads\/2023\/12\/FB_IMG_1701899116194-629x420.jpg 629w, https:\/\/universiteactu.com\/wp-content\/uploads\/2023\/12\/FB_IMG_1701899116194-640x427.jpg 640w, https:\/\/universiteactu.com\/wp-content\/uploads\/2023\/12\/FB_IMG_1701899116194-681x454.jpg 681w, https:\/\/universiteactu.com\/wp-content\/uploads\/2023\/12\/FB_IMG_1701899116194.jpg 1079w\" sizes=\"(max-width: 1024px) 100vw, 1024px\" \/><\/figure>\n\n\n\n<p>Dr Dansa KOUROUMA a exhort\u00e9 les \u00e9tudiants en d\u00e9clarant : <strong><em>\u00ab\u00a0Chers \u00e9tudiants, vous n&rsquo;\u00eates pas des instruments politiques ni des spectateurs de la vie publique, mais des acteurs. Critiquez et proposez ! D\u00e9battez sans complexe et sans complaisance ! Les projets politiques doivent \u00eatre \u00e9valu\u00e9s au prisme de l&rsquo;expertise et de l&rsquo;engagement des codes universitaires.<\/em><\/strong><\/p>\n\n\n\n<p>Le chef de l\u2019organe l\u00e9gislatif de la Transition invite les \u00e9tudiants \u00e0 renoncer \u00e0 la politique faite de violence, de division et de contrevaleurs.<\/p>\n\n\n\n<figure class=\"wp-block-image size-full\"><img decoding=\"async\" loading=\"lazy\" width=\"768\" height=\"512\" src=\"http:\/\/universiteactu.com\/wp-content\/uploads\/2023\/12\/IMG-20231206-WA0043-768x512-1.jpg\" alt=\"\" class=\"wp-image-24609\" srcset=\"https:\/\/universiteactu.com\/wp-content\/uploads\/2023\/12\/IMG-20231206-WA0043-768x512-1.jpg 768w, https:\/\/universiteactu.com\/wp-content\/uploads\/2023\/12\/IMG-20231206-WA0043-768x512-1-300x200.jpg 300w, https:\/\/universiteactu.com\/wp-content\/uploads\/2023\/12\/IMG-20231206-WA0043-768x512-1-630x420.jpg 630w, https:\/\/universiteactu.com\/wp-content\/uploads\/2023\/12\/IMG-20231206-WA0043-768x512-1-640x427.jpg 640w, https:\/\/universiteactu.com\/wp-content\/uploads\/2023\/12\/IMG-20231206-WA0043-768x512-1-681x454.jpg 681w\" sizes=\"(max-width: 768px) 100vw, 768px\" \/><\/figure>\n\n\n\n<p><em><strong>\u00a0\u00bb&nbsp;Chers \u00c9tudiants, nous avons un atout c\u2019est la Paix\u2026alors pr\u00e9servez-la. Pr\u00e9servons ensemble l\u2019int\u00e9grit\u00e9 de notre pays. C\u2019est notre responsabilit\u00e9 collective<\/strong><\/em>\u00a0\u00bb , a d\u00e9clar\u00e9 le Dr Dansa KOUROUMA.<\/p>\n\n\n\n<figure class=\"wp-block-image size-large\"><img decoding=\"async\" loading=\"lazy\" width=\"1024\" height=\"683\" src=\"http:\/\/universiteactu.com\/wp-content\/uploads\/2023\/12\/Doumouya-Honris-Causa-1024x683.jpg\" alt=\"\" class=\"wp-image-24600\" srcset=\"https:\/\/universiteactu.com\/wp-content\/uploads\/2023\/12\/Doumouya-Honris-Causa-1024x683.jpg 1024w, https:\/\/universiteactu.com\/wp-content\/uploads\/2023\/12\/Doumouya-Honris-Causa-300x200.jpg 300w, https:\/\/universiteactu.com\/wp-content\/uploads\/2023\/12\/Doumouya-Honris-Causa-768x512.jpg 768w, https:\/\/universiteactu.com\/wp-content\/uploads\/2023\/12\/Doumouya-Honris-Causa-629x420.jpg 629w, https:\/\/universiteactu.com\/wp-content\/uploads\/2023\/12\/Doumouya-Honris-Causa-640x427.jpg 640w, https:\/\/universiteactu.com\/wp-content\/uploads\/2023\/12\/Doumouya-Honris-Causa-681x454.jpg 681w, https:\/\/universiteactu.com\/wp-content\/uploads\/2023\/12\/Doumouya-Honris-Causa.jpg 1079w\" sizes=\"(max-width: 1024px) 100vw, 1024px\" \/><\/figure>\n\n\n\n<p>Le Premier Ministre, chef de gouvernement Dr Bernard GOUMOU, pr\u00e9sent \u00e0 la c\u00e9r\u00e9monie, a salu\u00e9 les grandes r\u00e9formes de l&rsquo;enseignement sup\u00e9rieur guin\u00e9en. Il a d\u00e9clar\u00e9 : <em><strong>\u00ab\u00a0J&rsquo;instruis madame la ministre de l&rsquo;enseignement sup\u00e9rieur de mettre tout en \u0153uvre pour assurer la disponibilit\u00e9 des services internet dans tous les centres de formation universitaires. Le projet d&rsquo;interconnexion des universit\u00e9s, madame la ministre, doit \u00eatre acc\u00e9l\u00e9r\u00e9.<\/strong><\/em><\/p>\n\n\n\n<figure class=\"wp-block-image size-full is-resized\"><img decoding=\"async\" loading=\"lazy\" src=\"http:\/\/universiteactu.com\/wp-content\/uploads\/2023\/12\/IMG-20231206-WA0018-720x536-1.webp\" alt=\"\" class=\"wp-image-24604\" width=\"837\" height=\"623\" srcset=\"https:\/\/universiteactu.com\/wp-content\/uploads\/2023\/12\/IMG-20231206-WA0018-720x536-1.webp 720w, https:\/\/universiteactu.com\/wp-content\/uploads\/2023\/12\/IMG-20231206-WA0018-720x536-1-300x223.webp 300w, https:\/\/universiteactu.com\/wp-content\/uploads\/2023\/12\/IMG-20231206-WA0018-720x536-1-564x420.webp 564w, https:\/\/universiteactu.com\/wp-content\/uploads\/2023\/12\/IMG-20231206-WA0018-720x536-1-80x60.webp 80w, https:\/\/universiteactu.com\/wp-content\/uploads\/2023\/12\/IMG-20231206-WA0018-720x536-1-100x75.webp 100w, https:\/\/universiteactu.com\/wp-content\/uploads\/2023\/12\/IMG-20231206-WA0018-720x536-1-180x135.webp 180w, https:\/\/universiteactu.com\/wp-content\/uploads\/2023\/12\/IMG-20231206-WA0018-720x536-1-238x178.webp 238w, https:\/\/universiteactu.com\/wp-content\/uploads\/2023\/12\/IMG-20231206-WA0018-720x536-1-640x476.webp 640w, https:\/\/universiteactu.com\/wp-content\/uploads\/2023\/12\/IMG-20231206-WA0018-720x536-1-681x507.webp 681w\" sizes=\"(max-width: 837px) 100vw, 837px\" \/><\/figure>\n\n\n\n<p>Poursuivant, il rassure les \u00e9tudiants quant \u00e0 la volont\u00e9 du Gouvernement de les accompagner. <em><strong>\u00a0\u00bbRassurez-vous que le pr\u00e9sident exige du gouvernement la poursuite des efforts entam\u00e9s et il y&nbsp;veille au grain. Vous \u00eates t\u00e9moins que l\u2019ann\u00e9e derni\u00e8re, le pr\u00e9sident de la R\u00e9publique vous interpellait en ces termes&nbsp;:&nbsp;si vous vous voulez g\u00e9rer le monde, il faut mettre les bases et si nous sommes partis \u00e0 la mort c\u2019est pour vous les \u00e9tudiants. Tout ce que nous ferons c\u2019est pour vous et rien que pour vous mais \u00e0 condition que vous preniez votre responsabilit\u00e9 pour qu\u2019en tant qu\u2019\u00e9tudiants vous proposez des solutions \u00e0 nos probl\u00e8mes. La seule chose dont notre pays a besoin c\u2019est l\u2019engagement, l\u2019amour de son prochain. Nous devons tirer l\u2019ethnie loin de nous puisque nous savons o\u00f9 \u00e7a nous a emmen\u00e9. La solution est avec vous.<\/strong><\/em><\/p>\n\n\n\n<p><em><strong>Donc, cultivez l\u2019excellence en vous. Je suis convaincu que l\u2019avenir de notre cher pays passe par les universit\u00e9s. Donc, qu\u2019on travaille ensemble pour construire notre pays. D\u00e9passons les clivages ethniques et communautaires entretenus par ceux qui n\u2019ont aucun projet viable pour la Guin\u00e9e. Ce pays est votre h\u00e9ritage donc vous avez l\u2019obligation de le servir pour les g\u00e9n\u00e9rations futures. Soyez donc des acteurs pour la transformation positive de notre Guin\u00e9e\u00a0\u00bb<\/strong><\/em><\/p>\n\n\n\n<p>Dr Bernard GOUMOU a remerci\u00e9 d&rsquo;avance la compr\u00e9hension du Pr\u00e9sident du Conseil National de Transition concernant l&rsquo;examen du budget de fonctionnement en cours. Sur la question des dortoirs, il a soulign\u00e9 l&rsquo;appel d&rsquo;un ancien \u00e9tudiant et a promis de travailler \u00e0 leur am\u00e9lioration au nom de la refondation et de la rectification institutionnelle.<\/p>\n\n\n\n<figure class=\"wp-block-image size-full is-resized\"><img decoding=\"async\" loading=\"lazy\" src=\"http:\/\/universiteactu.com\/wp-content\/uploads\/2023\/12\/IMG-20231206-WA0021-750x536-1.webp\" alt=\"\" class=\"wp-image-24605\" width=\"843\" height=\"602\" srcset=\"https:\/\/universiteactu.com\/wp-content\/uploads\/2023\/12\/IMG-20231206-WA0021-750x536-1.webp 750w, https:\/\/universiteactu.com\/wp-content\/uploads\/2023\/12\/IMG-20231206-WA0021-750x536-1-300x214.webp 300w, https:\/\/universiteactu.com\/wp-content\/uploads\/2023\/12\/IMG-20231206-WA0021-750x536-1-588x420.webp 588w, https:\/\/universiteactu.com\/wp-content\/uploads\/2023\/12\/IMG-20231206-WA0021-750x536-1-640x457.webp 640w, https:\/\/universiteactu.com\/wp-content\/uploads\/2023\/12\/IMG-20231206-WA0021-750x536-1-681x487.webp 681w\" sizes=\"(max-width: 843px) 100vw, 843px\" \/><\/figure>\n\n\n\n<figure class=\"wp-block-image size-large\"><img decoding=\"async\" loading=\"lazy\" width=\"1024\" height=\"683\" src=\"https:\/\/universiteactu.com\/wp-content\/uploads\/2023\/12\/FB_IMG_1701899127001-1024x683.jpg\" alt=\"\" class=\"wp-image-24614\" srcset=\"https:\/\/universiteactu.com\/wp-content\/uploads\/2023\/12\/FB_IMG_1701899127001-1024x683.jpg 1024w, https:\/\/universiteactu.com\/wp-content\/uploads\/2023\/12\/FB_IMG_1701899127001-300x200.jpg 300w, https:\/\/universiteactu.com\/wp-content\/uploads\/2023\/12\/FB_IMG_1701899127001-768x512.jpg 768w, https:\/\/universiteactu.com\/wp-content\/uploads\/2023\/12\/FB_IMG_1701899127001-629x420.jpg 629w, https:\/\/universiteactu.com\/wp-content\/uploads\/2023\/12\/FB_IMG_1701899127001-640x427.jpg 640w, https:\/\/universiteactu.com\/wp-content\/uploads\/2023\/12\/FB_IMG_1701899127001-681x454.jpg 681w, https:\/\/universiteactu.com\/wp-content\/uploads\/2023\/12\/FB_IMG_1701899127001.jpg 1079w\" sizes=\"(max-width: 1024px) 100vw, 1024px\" \/><\/figure>\n\n\n\n<p>La Ministre Dre Diaka SIDIBE a exprim\u00e9 l&rsquo;importance de cette 4e \u00e9dition en d\u00e9clarant qu&rsquo;elle doit <em><strong>\u00ab\u00a0\u00eatre bonifiante avec les diff\u00e9rentes activit\u00e9s pr\u00e9vues. Un forum enrichissant avec toutes les innovations des diff\u00e9rentes institutions d&rsquo;enseignement sup\u00e9rieur et des universit\u00e9s guin\u00e9ennes.<\/strong><\/em><\/p>\n\n\n\n<figure class=\"wp-block-image size-large\"><img decoding=\"async\" loading=\"lazy\" width=\"1024\" height=\"683\" src=\"https:\/\/universiteactu.com\/wp-content\/uploads\/2023\/12\/FB_IMG_1701890347501-1024x683.jpg\" alt=\"\" class=\"wp-image-24617\" srcset=\"https:\/\/universiteactu.com\/wp-content\/uploads\/2023\/12\/FB_IMG_1701890347501-1024x683.jpg 1024w, https:\/\/universiteactu.com\/wp-content\/uploads\/2023\/12\/FB_IMG_1701890347501-300x200.jpg 300w, https:\/\/universiteactu.com\/wp-content\/uploads\/2023\/12\/FB_IMG_1701890347501-768x512.jpg 768w, https:\/\/universiteactu.com\/wp-content\/uploads\/2023\/12\/FB_IMG_1701890347501-629x420.jpg 629w, https:\/\/universiteactu.com\/wp-content\/uploads\/2023\/12\/FB_IMG_1701890347501-640x427.jpg 640w, https:\/\/universiteactu.com\/wp-content\/uploads\/2023\/12\/FB_IMG_1701890347501-681x454.jpg 681w, https:\/\/universiteactu.com\/wp-content\/uploads\/2023\/12\/FB_IMG_1701890347501.jpg 1079w\" sizes=\"(max-width: 1024px) 100vw, 1024px\" \/><\/figure>\n\n\n\n<p><em><strong>Le forum de l\u2019\u00e9tudiant guin\u00e9en se veut en cette quatri\u00e8me \u00e9dition, un espace in\u00e9dit orient\u00e9 vers les comp\u00e9tences et l\u2019employabilit\u00e9. Le th\u00e8me de cette quatri\u00e8me \u00e9dition&nbsp;: \u2018\u2019\u00e9tudes sup\u00e9rieures et pratiques professionnelles : le d\u00e9fi des comp\u00e9tences et de l\u2019employabilit\u00e9\u2019\u2019, refl\u00e8te notre engagement collectif envers l\u2019excellence acad\u00e9mique, la recherche novatrice et l\u2019employabilit\u00e9 de nos \u00e9tudiants. En encourageant nos \u00e9tudiants \u00e0 repousser les limites de la connaissance, nous investissons dans un avenir o\u00f9 la Guin\u00e9e brillera par son savoir, sa cr\u00e9ativit\u00e9 et son leadership.<\/strong><\/em><\/p>\n\n\n\n<p><strong><em>En travaillant \u00e9troitement avec le monde socio professionnel, nous offrirons \u00e0 nos \u00e9tudiants l\u2019espoir d\u2019une insertion professionnelle facilit\u00e9. J\u2019invite toutes les entreprises pr\u00e9sentes \u00e0 ce forum \u00e0 aider notre jeunesse \u00e0 acqu\u00e9rir de l\u2019exp\u00e9rience en leur permettant de faire des stages. Je suis certaine mesdames et messieurs, que si l\u2019opportunit\u00e9 leur est offerte, ils feront de grandes choses<\/em> <em>\u00ab\u00a0<\/em><\/strong>a-t-elle expliqu\u00e9.<\/p>\n\n\n\n<figure class=\"wp-block-image size-full is-resized\"><img decoding=\"async\" loading=\"lazy\" src=\"http:\/\/universiteactu.com\/wp-content\/uploads\/2023\/12\/IMG-20231206-WA0023_1.webp\" alt=\"\" class=\"wp-image-24607\" width=\"842\" height=\"473\" srcset=\"https:\/\/universiteactu.com\/wp-content\/uploads\/2023\/12\/IMG-20231206-WA0023_1.webp 770w, https:\/\/universiteactu.com\/wp-content\/uploads\/2023\/12\/IMG-20231206-WA0023_1-300x169.webp 300w, https:\/\/universiteactu.com\/wp-content\/uploads\/2023\/12\/IMG-20231206-WA0023_1-768x432.webp 768w, https:\/\/universiteactu.com\/wp-content\/uploads\/2023\/12\/IMG-20231206-WA0023_1-747x420.webp 747w, https:\/\/universiteactu.com\/wp-content\/uploads\/2023\/12\/IMG-20231206-WA0023_1-640x360.webp 640w, https:\/\/universiteactu.com\/wp-content\/uploads\/2023\/12\/IMG-20231206-WA0023_1-681x383.webp 681w\" sizes=\"(max-width: 842px) 100vw, 842px\" \/><\/figure>\n\n\n\n<p> L\u2019occasion a \u00e9t\u00e9 mise \u00e0 profit par le Pr\u00e9sident du Collectif des \u00c9tudiants, pour solliciter des \u00e9quipements de laboratoire dans leurs Universit\u00e9s pour leur permettre de joindre la th\u00e9orie \u00e0 la pratique. Il a \u00e9galement demand\u00e9 l\u2019installation du r\u00e9seau wifi dans toutes les Institutions d\u2019Enseignement Sup\u00e9rieur public du pays.<\/p>\n\n\n\n<figure class=\"wp-block-image size-large\"><img decoding=\"async\" loading=\"lazy\" width=\"1024\" height=\"576\" src=\"https:\/\/universiteactu.com\/wp-content\/uploads\/2023\/12\/IMG-20231207-WA0023-1024x576.jpg\" alt=\"\" class=\"wp-image-24633\" srcset=\"https:\/\/universiteactu.com\/wp-content\/uploads\/2023\/12\/IMG-20231207-WA0023-1024x576.jpg 1024w, https:\/\/universiteactu.com\/wp-content\/uploads\/2023\/12\/IMG-20231207-WA0023-300x169.jpg 300w, https:\/\/universiteactu.com\/wp-content\/uploads\/2023\/12\/IMG-20231207-WA0023-768x432.jpg 768w, https:\/\/universiteactu.com\/wp-content\/uploads\/2023\/12\/IMG-20231207-WA0023-747x420.jpg 747w, https:\/\/universiteactu.com\/wp-content\/uploads\/2023\/12\/IMG-20231207-WA0023-640x360.jpg 640w, https:\/\/universiteactu.com\/wp-content\/uploads\/2023\/12\/IMG-20231207-WA0023-681x383.jpg 681w, https:\/\/universiteactu.com\/wp-content\/uploads\/2023\/12\/IMG-20231207-WA0023.jpg 1280w\" sizes=\"(max-width: 1024px) 100vw, 1024px\" \/><\/figure>\n\n\n\n<p><em><strong>\u00a0\u00bbMalgr\u00e9 toutes ces r\u00e9formes, nous, \u00e9tudiants, restons confront\u00e9s \u00e0 de nombreux d\u00e9fis, et nous adressons nos plaidoyers aux autorit\u00e9s comp\u00e9tentes&nbsp;: l\u2019\u00e9quipement de nos laboratoires universitaires qui nous permettra de lier la th\u00e9orie \u00e0 la pratique&nbsp;; l\u2019installation du r\u00e9seau WiFi dans toutes les \u00e9coles et universit\u00e9s. L\u2019acc\u00e8s \u00e0 internet est un outil essentiel pour nous, \u00e9l\u00e8ves et \u00e9tudiants, comme tous les citoyens. Il favorise un bon apprentissage et nous permet de d\u00e9velopper des comp\u00e9tences dans plusieurs domaines de la vie. Comme notre pays est en chantier, alors c\u2019est vraiment une urgence. Nous sollicitons aussi l\u2019augmentation du nombre de bus universitaires, la construction de dortoirs universitaires, accorder une opportunit\u00e9 de Master ou de Doctorat \u00e0 tous les majors de promotion<\/strong><\/em>.<em><strong>\u00a0\u00bb ,<\/strong><\/em>&nbsp;a indiqu\u00e9 Sa\u00efdouba Mariko SIDIBE, qui a surtout insist\u00e9 sur l\u2019augmentation des bus et la construction des dortoirs.<\/p>\n\n\n\n<p>\u00c0 la faveur du lancement de la quatri\u00e8me \u00e9dition du Forum de l\u2019\u00e9tudiant Guin\u00e9en (FEG) ce mercredi, 6 d\u00e9cembre 2023, une distinction a \u00e9t\u00e9 d\u00e9cern\u00e9e au pr\u00e9sident de la transition, Colonel Mamadi DOUMBOUYA.<\/p>\n\n\n\n<p>Il s\u2019agit du prestigieux titre de Docteur Honoris Causa, d\u00e9cern\u00e9 par le coll\u00e8ge des Scientifiques de l\u2019Universit\u00e9 Gamal Abdel NASSER de Conakry.<\/p>\n\n\n\n<figure class=\"wp-block-image size-large\"><img decoding=\"async\" loading=\"lazy\" width=\"1024\" height=\"683\" src=\"http:\/\/universiteactu.com\/wp-content\/uploads\/2023\/12\/IMG-20231206-WA0011-1024x683.jpg\" alt=\"\" class=\"wp-image-24606\" srcset=\"https:\/\/universiteactu.com\/wp-content\/uploads\/2023\/12\/IMG-20231206-WA0011-1024x683.jpg 1024w, https:\/\/universiteactu.com\/wp-content\/uploads\/2023\/12\/IMG-20231206-WA0011-300x200.jpg 300w, https:\/\/universiteactu.com\/wp-content\/uploads\/2023\/12\/IMG-20231206-WA0011-768x512.jpg 768w, https:\/\/universiteactu.com\/wp-content\/uploads\/2023\/12\/IMG-20231206-WA0011-629x420.jpg 629w, https:\/\/universiteactu.com\/wp-content\/uploads\/2023\/12\/IMG-20231206-WA0011-640x427.jpg 640w, https:\/\/universiteactu.com\/wp-content\/uploads\/2023\/12\/IMG-20231206-WA0011-681x454.jpg 681w, https:\/\/universiteactu.com\/wp-content\/uploads\/2023\/12\/IMG-20231206-WA0011.jpg 1079w\" sizes=\"(max-width: 1024px) 100vw, 1024px\" \/><\/figure>\n\n\n\n<p>C\u2019est le Premier Ministre chef de gouvernement qui a re\u00e7u les diff\u00e9rentes distinctions d\u00e9cern\u00e9es par le Minist\u00e8re de l\u2019Enseignement Sup\u00e9rieur, de la Recherche Scientifique et de l\u2019Innovation pour dit-il t\u00e9moigner du soutien du Pr\u00e9sident de la transition et son engagement \u00e0 revaloriser l\u2019Enseignement Sup\u00e9rieur guin\u00e9en.<\/p>\n\n\n\n<p>Ce sont :<\/p>\n\n\n\n<p>\u2013 Doctorat Honoris Causa, d\u00e9livr\u00e9 par l&rsquo;Universit\u00e9 Gamal Abdel NASSER de Conakry ;<br>\u2013 Livre de la qualit\u00e9 d\u00e9livr\u00e9 par l&rsquo;ANAQ ;<br>\u2013 Pr\u00e9sent qui sch\u00e9matise la carte de la Guin\u00e9e, mettant en exergue la g\u00e9olocalisation des IES, fait par les \u00e9tudiants de l&rsquo;ISAU.<\/p>\n\n\n\n<figure class=\"wp-block-image size-large\"><img decoding=\"async\" loading=\"lazy\" width=\"1024\" height=\"683\" src=\"https:\/\/universiteactu.com\/wp-content\/uploads\/2023\/12\/FB_IMG_1701886233311-1024x683.jpg\" alt=\"\" class=\"wp-image-24623\" srcset=\"https:\/\/universiteactu.com\/wp-content\/uploads\/2023\/12\/FB_IMG_1701886233311-1024x683.jpg 1024w, https:\/\/universiteactu.com\/wp-content\/uploads\/2023\/12\/FB_IMG_1701886233311-300x200.jpg 300w, https:\/\/universiteactu.com\/wp-content\/uploads\/2023\/12\/FB_IMG_1701886233311-768x512.jpg 768w, https:\/\/universiteactu.com\/wp-content\/uploads\/2023\/12\/FB_IMG_1701886233311-629x420.jpg 629w, https:\/\/universiteactu.com\/wp-content\/uploads\/2023\/12\/FB_IMG_1701886233311-640x427.jpg 640w, https:\/\/universiteactu.com\/wp-content\/uploads\/2023\/12\/FB_IMG_1701886233311-681x454.jpg 681w, https:\/\/universiteactu.com\/wp-content\/uploads\/2023\/12\/FB_IMG_1701886233311.jpg 1079w\" sizes=\"(max-width: 1024px) 100vw, 1024px\" \/><\/figure>\n\n\n\n<p>Du 6 au 8 d\u00e9cembre 2023, l&rsquo;esplanade du Palais de Conakry sera un lieu d&rsquo;\u00e9changes et de partages scientifiques entre \u00c9tudiants et Enseignants Chercheurs guin\u00e9ens et \u00e9trangers.<\/p>\n\n\n\n<p><strong>SOW Telico<\/strong><\/p>\n","protected":false},"excerpt":{"rendered":"<p>La 4e \u00e9dition du Forum de l&rsquo;\u00c9tudiant Guin\u00e9en a \u00e9t\u00e9 ouverte ce mercredi 6 d\u00e9cembre 2023 au Palais du Peuple de Conakry. La c\u00e9r\u00e9monie d&rsquo;ouverture a r\u00e9uni de nombreuses personnalit\u00e9s du secteur \u00e9ducatif guin\u00e9en, de l&rsquo;\u00c9ducation Nationale et de l&rsquo;Alphab\u00e9tisation \u00e0 l&rsquo;Enseignement Technique et \u00e0 la Formation Professionnelle. Avec pour th\u00e8me :&nbsp;\u00ab \u00c9tudes sup\u00e9rieures et [&hellip;]<\/p>\n","protected":false},"author":4,"featured_media":24613,"comment_status":"open","ping_status":"open","sticky":false,"template":"","format":"standard","meta":[],"categories":[9,17,2,13,7,6,8],"tags":[],"_links":{"self":[{"href":"https:\/\/universiteactu.com\/index.php?rest_route=\/wp\/v2\/posts\/24602"}],"collection":[{"href":"https:\/\/universiteactu.com\/index.php?rest_route=\/wp\/v2\/posts"}],"about":[{"href":"https:\/\/universiteactu.com\/index.php?rest_route=\/wp\/v2\/types\/post"}],"author":[{"embeddable":true,"href":"https:\/\/universiteactu.com\/index.php?rest_route=\/wp\/v2\/users\/4"}],"replies":[{"embeddable":true,"href":"https:\/\/universiteactu.com\/index.php?rest_route=%2Fwp%2Fv2%2Fcomments&post=24602"}],"version-history":[{"count":4,"href":"https:\/\/universiteactu.com\/index.php?rest_route=\/wp\/v2\/posts\/24602\/revisions"}],"predecessor-version":[{"id":24634,"href":"https:\/\/universiteactu.com\/index.php?rest_route=\/wp\/v2\/posts\/24602\/revisions\/24634"}],"wp:featuredmedia":[{"embeddable":true,"href":"https:\/\/universiteactu.com\/index.php?rest_route=\/wp\/v2\/media\/24613"}],"wp:attachment":[{"href":"https:\/\/universiteactu.com\/index.php?rest_route=%2Fwp%2Fv2%2Fmedia&parent=24602"}],"wp:term":[{"taxonomy":"category","embeddable":true,"href":"https:\/\/universiteactu.com\/index.php?rest_route=%2Fwp%2Fv2%2Fcategories&post=24602"},{"taxonomy":"post_tag","embeddable":true,"href":"https:\/\/universiteactu.com\/index.php?rest_route=%2Fwp%2Fv2%2Ftags&post=24602"}],"curies":[{"name":"wp","href":"https:\/\/api.w.org\/{rel}","templated":true}]}}