{"id":23730,"date":"2023-10-21T12:19:07","date_gmt":"2023-10-21T10:19:07","guid":{"rendered":"http:\/\/universiteactu.com\/?p=23730"},"modified":"2023-10-21T12:28:44","modified_gmt":"2023-10-21T10:28:44","slug":"enseignement-technique-le-cfp-de-donka-renove-et-rebaptise-cfp-camara-laye","status":"publish","type":"post","link":"https:\/\/universiteactu.com\/?p=23730","title":{"rendered":"<strong>Enseignement technique : le CFP de donka r\u00e9nov\u00e9 et rebaptis\u00e9 \u00ab\u00a0CFP Camara Laye\u00a0\u00bb<\/strong>"},"content":{"rendered":"\n<p class=\"has-drop-cap\"><strong>Accompagn\u00e9 d&rsquo;une forte d\u00e9l\u00e9gation gouvernementale, le premier ministre a proc\u00e9d\u00e9 \u00e0 l&rsquo;inauguration du CFP de Donka ce vendredi, 20 octobre 2023. Rebaptis\u00e9e \u00ab\u00a0CFP&nbsp; Camara Laye \u00ab\u00a0,l&rsquo;\u00e9cole a \u00e9t\u00e9 enti\u00e8rement r\u00e9nov\u00e9e par ses \u00e9tudiants. L&rsquo;infrastructure est Compos\u00e9e de six salles de classe et chaque ateliers \u00e0 une classe de technologie. &nbsp;Avec&nbsp; cette r\u00e9novation, cet l&rsquo;\u00e9tablissement pourrait accueillir jusqu&rsquo;\u00e0 900 \u00e9tudiants dans des fili\u00e8re comme la menuiserie, la chaudronnerie, la plomberie, l&rsquo;\u00e9lectricit\u00e9 de b\u00e2timent&#8230;<\/strong><\/p>\n\n\n\n<figure class=\"wp-block-image size-large\"><img decoding=\"async\" loading=\"lazy\" width=\"1024\" height=\"683\" src=\"http:\/\/universiteactu.com\/wp-content\/uploads\/2023\/10\/FB_IMG_1697836734363-1-1024x683.jpg\" alt=\"\" class=\"wp-image-23735\" srcset=\"https:\/\/universiteactu.com\/wp-content\/uploads\/2023\/10\/FB_IMG_1697836734363-1-1024x683.jpg 1024w, https:\/\/universiteactu.com\/wp-content\/uploads\/2023\/10\/FB_IMG_1697836734363-1-300x200.jpg 300w, https:\/\/universiteactu.com\/wp-content\/uploads\/2023\/10\/FB_IMG_1697836734363-1-768x512.jpg 768w, https:\/\/universiteactu.com\/wp-content\/uploads\/2023\/10\/FB_IMG_1697836734363-1-630x420.jpg 630w, https:\/\/universiteactu.com\/wp-content\/uploads\/2023\/10\/FB_IMG_1697836734363-1-640x427.jpg 640w, https:\/\/universiteactu.com\/wp-content\/uploads\/2023\/10\/FB_IMG_1697836734363-1-681x454.jpg 681w, https:\/\/universiteactu.com\/wp-content\/uploads\/2023\/10\/FB_IMG_1697836734363-1.jpg 1080w\" sizes=\"(max-width: 1024px) 100vw, 1024px\" \/><\/figure>\n\n\n\n<figure class=\"wp-block-image size-large is-resized\"><img decoding=\"async\" loading=\"lazy\" src=\"http:\/\/universiteactu.com\/wp-content\/uploads\/2023\/10\/FB_IMG_1697836763666-683x1024.jpg\" alt=\"\" class=\"wp-image-23731\" width=\"837\" height=\"1255\" srcset=\"https:\/\/universiteactu.com\/wp-content\/uploads\/2023\/10\/FB_IMG_1697836763666-683x1024.jpg 683w, https:\/\/universiteactu.com\/wp-content\/uploads\/2023\/10\/FB_IMG_1697836763666-200x300.jpg 200w, https:\/\/universiteactu.com\/wp-content\/uploads\/2023\/10\/FB_IMG_1697836763666-768x1152.jpg 768w, https:\/\/universiteactu.com\/wp-content\/uploads\/2023\/10\/FB_IMG_1697836763666-1024x1536.jpg 1024w, https:\/\/universiteactu.com\/wp-content\/uploads\/2023\/10\/FB_IMG_1697836763666-280x420.jpg 280w, https:\/\/universiteactu.com\/wp-content\/uploads\/2023\/10\/FB_IMG_1697836763666-640x960.jpg 640w, https:\/\/universiteactu.com\/wp-content\/uploads\/2023\/10\/FB_IMG_1697836763666-681x1022.jpg 681w, https:\/\/universiteactu.com\/wp-content\/uploads\/2023\/10\/FB_IMG_1697836763666.jpg 1080w\" sizes=\"(max-width: 837px) 100vw, 837px\" \/><\/figure>\n\n\n\n<p>Lanc\u00e9 il y a deux ans, la r\u00e9novation et l&rsquo;\u00e9quipement de ce centre a \u00e9t\u00e9 enti\u00e8rement financ\u00e9s par l&rsquo;argent issus de la vente des voitures de luxe qui \u00e9taient \u00e0 la pr\u00e9sidence de la R\u00e9publique au temps de l&rsquo;ancien r\u00e9gime.<\/p>\n\n\n\n<figure class=\"wp-block-image size-large\"><img decoding=\"async\" loading=\"lazy\" width=\"1024\" height=\"683\" src=\"http:\/\/universiteactu.com\/wp-content\/uploads\/2023\/10\/FB_IMG_1697836790399-1024x683.jpg\" alt=\"\" class=\"wp-image-23733\" srcset=\"https:\/\/universiteactu.com\/wp-content\/uploads\/2023\/10\/FB_IMG_1697836790399-1024x683.jpg 1024w, https:\/\/universiteactu.com\/wp-content\/uploads\/2023\/10\/FB_IMG_1697836790399-300x200.jpg 300w, https:\/\/universiteactu.com\/wp-content\/uploads\/2023\/10\/FB_IMG_1697836790399-768x512.jpg 768w, https:\/\/universiteactu.com\/wp-content\/uploads\/2023\/10\/FB_IMG_1697836790399-630x420.jpg 630w, https:\/\/universiteactu.com\/wp-content\/uploads\/2023\/10\/FB_IMG_1697836790399-640x427.jpg 640w, https:\/\/universiteactu.com\/wp-content\/uploads\/2023\/10\/FB_IMG_1697836790399-681x454.jpg 681w, https:\/\/universiteactu.com\/wp-content\/uploads\/2023\/10\/FB_IMG_1697836790399.jpg 1080w\" sizes=\"(max-width: 1024px) 100vw, 1024px\" \/><\/figure>\n\n\n\n<p>Le ministre de l\u2019Enseignement technique de la formation professionnelle dans son discours de circonstance a salu\u00e9 un mod\u00e8le de financement qui permettra de faire des \u00e9conomies. <strong><em>\u00a0\u00bbCette \u00e9cole a \u00e9t\u00e9 financ\u00e9s sur fond propre et r\u00e9nov\u00e9e compl\u00e8tement par les \u00e9l\u00e8ves du centre professionnel de donka et \u00e7a nous a fait \u00e9pargner beaucoup d&rsquo;argent pour le BND. Pour certaines des \u00e9coles que nous&nbsp; allons prochainement construire, cette approche pourrait permettre \u00e0 l&rsquo;\u00c9tat de ma\u00eetriser les co\u00fbts de construction.<\/em><\/strong>\u00a0\u00bb S&rsquo;est f\u00e9licit\u00e9 Alpha Bacar BARRY<\/p>\n\n\n\n<figure class=\"wp-block-image size-large is-resized\"><img decoding=\"async\" loading=\"lazy\" src=\"http:\/\/universiteactu.com\/wp-content\/uploads\/2023\/10\/FB_IMG_1697836763666-683x1024.jpg\" alt=\"\" class=\"wp-image-23731\" width=\"867\" height=\"1300\" srcset=\"https:\/\/universiteactu.com\/wp-content\/uploads\/2023\/10\/FB_IMG_1697836763666-683x1024.jpg 683w, https:\/\/universiteactu.com\/wp-content\/uploads\/2023\/10\/FB_IMG_1697836763666-200x300.jpg 200w, https:\/\/universiteactu.com\/wp-content\/uploads\/2023\/10\/FB_IMG_1697836763666-768x1152.jpg 768w, https:\/\/universiteactu.com\/wp-content\/uploads\/2023\/10\/FB_IMG_1697836763666-1024x1536.jpg 1024w, https:\/\/universiteactu.com\/wp-content\/uploads\/2023\/10\/FB_IMG_1697836763666-280x420.jpg 280w, https:\/\/universiteactu.com\/wp-content\/uploads\/2023\/10\/FB_IMG_1697836763666-640x960.jpg 640w, https:\/\/universiteactu.com\/wp-content\/uploads\/2023\/10\/FB_IMG_1697836763666-681x1022.jpg 681w, https:\/\/universiteactu.com\/wp-content\/uploads\/2023\/10\/FB_IMG_1697836763666.jpg 1080w\" sizes=\"(max-width: 867px) 100vw, 867px\" \/><\/figure>\n\n\n\n<p>S&rsquo;exprimant devant les \u00e9tudiants de ce centre sur le choix du nom de l&rsquo;\u00e9crivain guin\u00e9en, il affirme. \u00a0\u00bbCamara<strong><em> Laye est connu&nbsp; pour \u00eatre l&rsquo;auteur de l&rsquo;enfant noir. Mais savez-vous dans quelle condition il a \u00e9crit l&rsquo;enfant noir? Camara Laye a quitt\u00e9 Kouroussa et venu \u00e0 conakry \u00e0 l&rsquo;\u00e2ge de 16ans. Il a commenc\u00e9 \u00e0 \u00e9tudier dans un centre de formation professionnelle appel\u00e9 George Poir\u00e9 \u00e0 l&rsquo;\u00e9poque. Et vous savez o\u00f9 se trouvait ce centre ? C&rsquo;est l\u00e0 o\u00f9 vous \u00eates arr\u00eat\u00e9. Il a fait l&rsquo;\u00e9cole professionnelle ici. Il a obtenu un CAP de m\u00e9canicien avant d&rsquo;aller \u00e0 l&rsquo;\u00e9tranger poursuivre ses \u00e9tudes. Et c&rsquo;est dans une autre \u00e9cole professionnelle qu&rsquo;il a&nbsp; pens\u00e9 \u00e0 \u00e9crire l&rsquo;enfant noir qui est l&rsquo;ouvrage guin\u00e9en le plus lu, le plus traduit, le plus diss\u00e9min\u00e9 dans le monde. C&rsquo;est le guin\u00e9en le plus connu depuis l&rsquo;ind\u00e9pendance. Et nous avons tenu \u00e0 lui donner le nom de cette \u00e9cole&nbsp; pour qu&rsquo;on puisse comprendre que c&rsquo;est pas parce qu&rsquo;on a fait l&rsquo;\u00e9cole professionnelle qu&rsquo;on est un citoyen de seconde zone. Que de l&rsquo;\u00e9cole professionnelle on peut \u00eatre l&rsquo;homme le plus connu de la Guin\u00e9e.<\/em><\/strong>\u00a0\u00bb Explique Alpha Bacar BARRY<\/p>\n\n\n\n<p>Le directeur du centre, tr\u00e8s enthousiaste, a affirm\u00e9 que la r\u00e9novation et l&rsquo;\u00e9quipement de cet \u00e9tablissement va impacter positivement le niveau de la formation.<strong><em>\u00ab\u00a0Cel\u00e0 va booster les performances pour avoir le meilleur rendement possible. N&rsquo;oubliez pas pendant l&rsquo;examen de sortie session 2023, sur les 50 laur\u00e9ats, notre centre a eu la moiti\u00e9.\u00a0\u00bb<\/em><\/strong> Explique bri\u00e8vement Elhadj Mamadou Oury BAH, directeur du centre.<\/p>\n\n\n\n<p>Du c\u00f4t\u00e9 des apprenants c&rsquo;est un sentiment de joie et du devoir accompli qui anime tout le monde. M\u00eame si certains se plaignent du retard accus\u00e9 dans l&rsquo;\u00e9quipement du centre. C&rsquo;est le cas de Demba KEITA \u00e9tudiant en 3\u00e8me ann\u00e9e \u00e9lectricit\u00e9 de b\u00e2timent. <em><strong>\u00a0\u00bbBien s\u00fbr que l&rsquo;\u00e9cole est r\u00e9nov\u00e9e. C&rsquo;est quelque chose que nous appr\u00e9cions parce que \u00e7a va chang\u00e9 notre condition d&rsquo;\u00e9tude. Mais s&rsquo;ils peuvent nous aider sur le c\u00f4t\u00e9 \u00e9quipement \u00e7a va vraiment nous aider.\u00a0\u00bb <\/strong><\/em>Explique t-il<\/p>\n\n\n\n<p>L&rsquo;\u00e9v\u00e9nement a pris fin par la plantation de plusieurs arbres dans l&rsquo;enceinte du centre.<\/p>\n\n\n\n<p><strong>MAliou Bah, pour UniverActu.com<\/strong><\/p>\n","protected":false},"excerpt":{"rendered":"<p>Accompagn\u00e9 d&rsquo;une forte d\u00e9l\u00e9gation gouvernementale, le premier ministre a proc\u00e9d\u00e9 \u00e0 l&rsquo;inauguration du CFP de Donka ce vendredi, 20 octobre 2023. Rebaptis\u00e9e \u00ab\u00a0CFP&nbsp; Camara Laye \u00ab\u00a0,l&rsquo;\u00e9cole a \u00e9t\u00e9 enti\u00e8rement r\u00e9nov\u00e9e par ses \u00e9tudiants. L&rsquo;infrastructure est Compos\u00e9e de six salles de classe et chaque ateliers \u00e0 une classe de technologie. &nbsp;Avec&nbsp; cette r\u00e9novation, cet l&rsquo;\u00e9tablissement pourrait [&hellip;]<\/p>\n","protected":false},"author":4,"featured_media":23734,"comment_status":"open","ping_status":"open","sticky":false,"template":"","format":"standard","meta":[],"categories":[12,2,15,16],"tags":[],"_links":{"self":[{"href":"https:\/\/universiteactu.com\/index.php?rest_route=\/wp\/v2\/posts\/23730"}],"collection":[{"href":"https:\/\/universiteactu.com\/index.php?rest_route=\/wp\/v2\/posts"}],"about":[{"href":"https:\/\/universiteactu.com\/index.php?rest_route=\/wp\/v2\/types\/post"}],"author":[{"embeddable":true,"href":"https:\/\/universiteactu.com\/index.php?rest_route=\/wp\/v2\/users\/4"}],"replies":[{"embeddable":true,"href":"https:\/\/universiteactu.com\/index.php?rest_route=%2Fwp%2Fv2%2Fcomments&post=23730"}],"version-history":[{"count":2,"href":"https:\/\/universiteactu.com\/index.php?rest_route=\/wp\/v2\/posts\/23730\/revisions"}],"predecessor-version":[{"id":23738,"href":"https:\/\/universiteactu.com\/index.php?rest_route=\/wp\/v2\/posts\/23730\/revisions\/23738"}],"wp:featuredmedia":[{"embeddable":true,"href":"https:\/\/universiteactu.com\/index.php?rest_route=\/wp\/v2\/media\/23734"}],"wp:attachment":[{"href":"https:\/\/universiteactu.com\/index.php?rest_route=%2Fwp%2Fv2%2Fmedia&parent=23730"}],"wp:term":[{"taxonomy":"category","embeddable":true,"href":"https:\/\/universiteactu.com\/index.php?rest_route=%2Fwp%2Fv2%2Fcategories&post=23730"},{"taxonomy":"post_tag","embeddable":true,"href":"https:\/\/universiteactu.com\/index.php?rest_route=%2Fwp%2Fv2%2Ftags&post=23730"}],"curies":[{"name":"wp","href":"https:\/\/api.w.org\/{rel}","templated":true}]}}