{"id":23035,"date":"2023-09-16T10:15:55","date_gmt":"2023-09-16T08:15:55","guid":{"rendered":"https:\/\/universiteactu.com\/?p=23035"},"modified":"2023-09-16T10:18:00","modified_gmt":"2023-09-16T08:18:00","slug":"rentree-scolaire-2023-2024-jupes-serrees-voile-integral-guillaume-hawing-proscrit-certains-habillements-dans-les-ecoles","status":"publish","type":"post","link":"https:\/\/universiteactu.com\/?p=23035","title":{"rendered":"Rentr\u00e9e Scolaire 2023-2024 : jupes serr\u00e9es, voile int\u00e9gral, \u2026Guillaume HAWING proscrit certains habillements dans les \u00e9coles"},"content":{"rendered":"\n<p class=\"has-drop-cap\">A deux semaines de la r\u00e9ouverture des classes, le ministre de l\u2019Enseignement pr\u00e9-universitaire et de l\u2019Alphab\u00e9tisation annonce\u2026les couleurs. Pour le moment, Guillaume HAWING ne se prononce ni sur un \u00e9ventuel nouveau programme \u00e0 enseigner, ni sur la question de contractuels, encore moins sur la probl\u00e9matique des infrastructures v\u00e9tustes par endroit et totalement inexistantes dans d\u2019autres localit\u00e9s. C\u2019est au mode vestimentaire des \u00e9l\u00e8ves que le ministre r\u00e9serve davantage son attention. Ainsi, il vient de publier une lettre circulaire portant sur le mode vestimentaire et la coiffure des \u00e9l\u00e8ves. <strong>&nbsp;&nbsp;<\/strong><\/p>\n\n\n\n<p>Dans cette lettre, soulignant que les <strong>\u00ab&nbsp;<em>modes vestimentaires et coiffures auxquels tous les \u00e9l\u00e8ves sont soumis ne doivent pas souffrir d\u2019extravagance<\/em>&nbsp;\u00bb, <\/strong>il annonce&nbsp;une batterie de mesures destin\u00e9es \u00e0 \u00e9viter, de la part des apprenants, des<strong> \u00ab&nbsp;<em>comportements d\u00e9viants dans leurs modes vestimentaires et dans leurs coiffure, pr\u00e9judiciables \u00e0 la discipline scolaire<\/em>&nbsp;\u00bb.<\/strong><\/p>\n\n\n\n<p>Les habillements proscrits vont, entre autres, de la jupe serr\u00e9e, fendue et courte aux chainettes aux pieds, en passant par le voile int\u00e9gral et les boucles accroch\u00e9es au nez.<\/p>\n\n\n\n<p>Au sujet de la coiffure, le ministre interdit celles <strong>\u00ab&nbsp;<em>vulgaires<\/em>&nbsp;\u00bb, <\/strong>les m\u00e8ches pour les filles de l\u2019\u00e9l\u00e9mentaire ainsi que la casquette.<\/p>\n\n\n\n<figure class=\"wp-block-image size-large\"><img decoding=\"async\" loading=\"lazy\" width=\"704\" height=\"1024\" src=\"https:\/\/universiteactu.com\/wp-content\/uploads\/2023\/09\/WhatsApp-Image-2023-09-15-at-13.04.08-704x1024.jpeg\" alt=\"\" class=\"wp-image-23036\" srcset=\"https:\/\/universiteactu.com\/wp-content\/uploads\/2023\/09\/WhatsApp-Image-2023-09-15-at-13.04.08-704x1024.jpeg 704w, https:\/\/universiteactu.com\/wp-content\/uploads\/2023\/09\/WhatsApp-Image-2023-09-15-at-13.04.08-206x300.jpeg 206w, https:\/\/universiteactu.com\/wp-content\/uploads\/2023\/09\/WhatsApp-Image-2023-09-15-at-13.04.08-768x1117.jpeg 768w, https:\/\/universiteactu.com\/wp-content\/uploads\/2023\/09\/WhatsApp-Image-2023-09-15-at-13.04.08-289x420.jpeg 289w, https:\/\/universiteactu.com\/wp-content\/uploads\/2023\/09\/WhatsApp-Image-2023-09-15-at-13.04.08-640x931.jpeg 640w, https:\/\/universiteactu.com\/wp-content\/uploads\/2023\/09\/WhatsApp-Image-2023-09-15-at-13.04.08-681x991.jpeg 681w, https:\/\/universiteactu.com\/wp-content\/uploads\/2023\/09\/WhatsApp-Image-2023-09-15-at-13.04.08.jpeg 871w\" sizes=\"(max-width: 704px) 100vw, 704px\" \/><\/figure>\n\n\n\n<figure class=\"wp-block-image size-large\"><img decoding=\"async\" loading=\"lazy\" width=\"728\" height=\"1024\" src=\"https:\/\/universiteactu.com\/wp-content\/uploads\/2023\/09\/WhatsApp-Image-2023-09-15-at-13.04.08-1-728x1024.jpeg\" alt=\"\" class=\"wp-image-23037\" srcset=\"https:\/\/universiteactu.com\/wp-content\/uploads\/2023\/09\/WhatsApp-Image-2023-09-15-at-13.04.08-1-728x1024.jpeg 728w, https:\/\/universiteactu.com\/wp-content\/uploads\/2023\/09\/WhatsApp-Image-2023-09-15-at-13.04.08-1-213x300.jpeg 213w, https:\/\/universiteactu.com\/wp-content\/uploads\/2023\/09\/WhatsApp-Image-2023-09-15-at-13.04.08-1-768x1081.jpeg 768w, https:\/\/universiteactu.com\/wp-content\/uploads\/2023\/09\/WhatsApp-Image-2023-09-15-at-13.04.08-1-298x420.jpeg 298w, https:\/\/universiteactu.com\/wp-content\/uploads\/2023\/09\/WhatsApp-Image-2023-09-15-at-13.04.08-1-640x901.jpeg 640w, https:\/\/universiteactu.com\/wp-content\/uploads\/2023\/09\/WhatsApp-Image-2023-09-15-at-13.04.08-1-681x959.jpeg 681w, https:\/\/universiteactu.com\/wp-content\/uploads\/2023\/09\/WhatsApp-Image-2023-09-15-at-13.04.08-1.jpeg 881w\" sizes=\"(max-width: 728px) 100vw, 728px\" \/><figcaption class=\"wp-element-caption\">Le djely<\/figcaption><\/figure>\n","protected":false},"excerpt":{"rendered":"<p>A deux semaines de la r\u00e9ouverture des classes, le ministre de l\u2019Enseignement pr\u00e9-universitaire et de l\u2019Alphab\u00e9tisation annonce\u2026les couleurs. Pour le moment, Guillaume HAWING ne se prononce ni sur un \u00e9ventuel nouveau programme \u00e0 enseigner, ni sur la question de contractuels, encore moins sur la probl\u00e9matique des infrastructures v\u00e9tustes par endroit et totalement inexistantes dans d\u2019autres [&hellip;]<\/p>\n","protected":false},"author":4,"featured_media":15192,"comment_status":"open","ping_status":"open","sticky":false,"template":"","format":"standard","meta":[],"categories":[23,17,2,24,21,22],"tags":[],"_links":{"self":[{"href":"https:\/\/universiteactu.com\/index.php?rest_route=\/wp\/v2\/posts\/23035"}],"collection":[{"href":"https:\/\/universiteactu.com\/index.php?rest_route=\/wp\/v2\/posts"}],"about":[{"href":"https:\/\/universiteactu.com\/index.php?rest_route=\/wp\/v2\/types\/post"}],"author":[{"embeddable":true,"href":"https:\/\/universiteactu.com\/index.php?rest_route=\/wp\/v2\/users\/4"}],"replies":[{"embeddable":true,"href":"https:\/\/universiteactu.com\/index.php?rest_route=%2Fwp%2Fv2%2Fcomments&post=23035"}],"version-history":[{"count":2,"href":"https:\/\/universiteactu.com\/index.php?rest_route=\/wp\/v2\/posts\/23035\/revisions"}],"predecessor-version":[{"id":23040,"href":"https:\/\/universiteactu.com\/index.php?rest_route=\/wp\/v2\/posts\/23035\/revisions\/23040"}],"wp:featuredmedia":[{"embeddable":true,"href":"https:\/\/universiteactu.com\/index.php?rest_route=\/wp\/v2\/media\/15192"}],"wp:attachment":[{"href":"https:\/\/universiteactu.com\/index.php?rest_route=%2Fwp%2Fv2%2Fmedia&parent=23035"}],"wp:term":[{"taxonomy":"category","embeddable":true,"href":"https:\/\/universiteactu.com\/index.php?rest_route=%2Fwp%2Fv2%2Fcategories&post=23035"},{"taxonomy":"post_tag","embeddable":true,"href":"https:\/\/universiteactu.com\/index.php?rest_route=%2Fwp%2Fv2%2Ftags&post=23035"}],"curies":[{"name":"wp","href":"https:\/\/api.w.org\/{rel}","templated":true}]}}