{"id":22704,"date":"2023-08-23T17:20:02","date_gmt":"2023-08-23T15:20:02","guid":{"rendered":"https:\/\/universiteactu.com\/?p=22704"},"modified":"2023-08-23T19:12:34","modified_gmt":"2023-08-23T17:12:34","slug":"mesrsi-vers-lauthentification-des-diplomes-delivres-depuis-ces-10-dernieres-annees","status":"publish","type":"post","link":"https:\/\/universiteactu.com\/?p=22704","title":{"rendered":"MESRSI : Vers l&rsquo;authentification des dipl\u00f4mes des 10 derni\u00e8res ann\u00e9es\u2026"},"content":{"rendered":"\n<p class=\"has-drop-cap\">La Guin\u00e9e sera bient\u00f4t dot\u00e9e d&rsquo;une plateforme nationale de s\u00e9curisation et de tra\u00e7abilit\u00e9 des dipl\u00f4mes universitaire. C&rsquo;est dans ce cadre que se tient ce 23 ao\u00fbt 2023, un atelier de formation dans un r\u00e9ceptif h\u00f4telier de la place. Durant deux jours successifs, les Recteurs, Vice-Recteurs, Directeurs G\u00e9n\u00e9raux, Directeurs de Scolarit\u00e9 et des \u00c9tudes Avanc\u00e9es des \u00e9tablissements d&rsquo;Enseignements Sup\u00e9rieurs publics et priv\u00e9s seront outill\u00e9s sur le fonctionnement de ladite plateforme.<\/p>\n\n\n\n<figure class=\"wp-block-image size-large\"><img decoding=\"async\" loading=\"lazy\" width=\"1024\" height=\"450\" src=\"http:\/\/universiteactu.com\/wp-content\/uploads\/2023\/08\/369697623_3499651933618451_7875058216612703213_n-1024x450.jpg\" alt=\"\" class=\"wp-image-22721\" srcset=\"https:\/\/universiteactu.com\/wp-content\/uploads\/2023\/08\/369697623_3499651933618451_7875058216612703213_n-1024x450.jpg 1024w, https:\/\/universiteactu.com\/wp-content\/uploads\/2023\/08\/369697623_3499651933618451_7875058216612703213_n-300x132.jpg 300w, https:\/\/universiteactu.com\/wp-content\/uploads\/2023\/08\/369697623_3499651933618451_7875058216612703213_n-768x337.jpg 768w, https:\/\/universiteactu.com\/wp-content\/uploads\/2023\/08\/369697623_3499651933618451_7875058216612703213_n-1536x674.jpg 1536w, https:\/\/universiteactu.com\/wp-content\/uploads\/2023\/08\/369697623_3499651933618451_7875058216612703213_n-957x420.jpg 957w, https:\/\/universiteactu.com\/wp-content\/uploads\/2023\/08\/369697623_3499651933618451_7875058216612703213_n-640x281.jpg 640w, https:\/\/universiteactu.com\/wp-content\/uploads\/2023\/08\/369697623_3499651933618451_7875058216612703213_n-681x299.jpg 681w, https:\/\/universiteactu.com\/wp-content\/uploads\/2023\/08\/369697623_3499651933618451_7875058216612703213_n.jpg 1722w\" sizes=\"(max-width: 1024px) 100vw, 1024px\" \/><\/figure>\n\n\n\n<p>Dans son discours de bienvenue, Dr Mamadou Sa\u00efdou BAH, Directeur G\u00e9n\u00e9ral adjoint de l&rsquo;Innovation, a expliqu\u00e9 que cet ni\u00e8me atelier est la suite d&rsquo;une s\u00e9rie d&rsquo;actions entam\u00e9es le 29 avril 2023 par le d\u00e9partement de tutelle. <em><strong>\u00a0\u00bb A l&rsquo;issue de cet atelier de r\u00e9flexion, nous avons consult\u00e9 tout le monde, chacun des acteurs que vous \u00eates a apport\u00e9 ses contributions et nous sommes tomb\u00e9s d&rsquo;accord sur un certain nombre de normes \u00e0 respecter pour nous permettre d&rsquo;atteindre ces objectifs\u00a0\u00bb<\/strong><\/em> rappelle t-il.<\/p>\n\n\n\n<figure class=\"wp-block-image size-full is-resized\"><img decoding=\"async\" loading=\"lazy\" src=\"http:\/\/universiteactu.com\/wp-content\/uploads\/2023\/08\/20230823_141043.jpg\" alt=\"\" class=\"wp-image-22708\" width=\"840\" height=\"1023\" srcset=\"https:\/\/universiteactu.com\/wp-content\/uploads\/2023\/08\/20230823_141043.jpg 591w, https:\/\/universiteactu.com\/wp-content\/uploads\/2023\/08\/20230823_141043-246x300.jpg 246w, https:\/\/universiteactu.com\/wp-content\/uploads\/2023\/08\/20230823_141043-345x420.jpg 345w\" sizes=\"(max-width: 840px) 100vw, 840px\" \/><\/figure>\n\n\n\n<p><br>Atelier \u00e0 la suite duquel, des sp\u00e9cialistes auraient \u00e9t\u00e9 choisi afin de trouver un sp\u00e9cimen uniforme \u00e0 toutes les reformes s\u00e9curitaires standard poursuit-il.<em><strong> \u00ab\u00a0Un second atelier est venu justement pour valider encore, avec toutes les parties prenantes, le sp\u00e9cimen uniforme\u00a0\u00bb <\/strong><\/em>rappelle t-il.<\/p>\n\n\n\n<figure class=\"wp-block-image size-full is-resized\"><img decoding=\"async\" loading=\"lazy\" src=\"http:\/\/universiteactu.com\/wp-content\/uploads\/2023\/08\/20230823_122441.jpg\" alt=\"\" class=\"wp-image-22694\" width=\"847\" height=\"949\" srcset=\"https:\/\/universiteactu.com\/wp-content\/uploads\/2023\/08\/20230823_122441.jpg 621w, https:\/\/universiteactu.com\/wp-content\/uploads\/2023\/08\/20230823_122441-268x300.jpg 268w, https:\/\/universiteactu.com\/wp-content\/uploads\/2023\/08\/20230823_122441-375x420.jpg 375w\" sizes=\"(max-width: 847px) 100vw, 847px\" \/><\/figure>\n\n\n\n<p><br>Pour sa part, M. Thierno Hamidou BAH, Chef de Cabinet du MESRSI a expliqu\u00e9 que cette Innovation s&rsquo;inscrit dans le cadre des mutations technologiques en cours au niveau du d\u00e9partement. <strong><em>\u00a0\u00bb Cela consiste \u00e0 s\u00e9curiser et \u00e0 tracer les dipl\u00f4mes d\u00e9livr\u00e9s par nos institutions \u00e0 travers la cr\u00e9ation d&rsquo;une base de donn\u00e9es de r\u00e9f\u00e9rence pour analyser la tra\u00e7abilit\u00e9, mais aussi l&rsquo;archivage des dipl\u00f4mes, compl\u00e9t\u00e9 par l&rsquo;harmonisation des sp\u00e9cimen du processus d&rsquo;\u00e9mission \u00ab\u00a0.<\/em><\/strong><\/p>\n\n\n\n<figure class=\"wp-block-image size-full is-resized\"><img decoding=\"async\" loading=\"lazy\" src=\"http:\/\/universiteactu.com\/wp-content\/uploads\/2023\/08\/20230823_134359.jpg\" alt=\"\" class=\"wp-image-22705\" width=\"838\" height=\"907\" srcset=\"https:\/\/universiteactu.com\/wp-content\/uploads\/2023\/08\/20230823_134359.jpg 817w, https:\/\/universiteactu.com\/wp-content\/uploads\/2023\/08\/20230823_134359-277x300.jpg 277w, https:\/\/universiteactu.com\/wp-content\/uploads\/2023\/08\/20230823_134359-768x831.jpg 768w, https:\/\/universiteactu.com\/wp-content\/uploads\/2023\/08\/20230823_134359-388x420.jpg 388w, https:\/\/universiteactu.com\/wp-content\/uploads\/2023\/08\/20230823_134359-640x692.jpg 640w, https:\/\/universiteactu.com\/wp-content\/uploads\/2023\/08\/20230823_134359-681x737.jpg 681w\" sizes=\"(max-width: 838px) 100vw, 838px\" \/><\/figure>\n\n\n\n<p>Pour lui cela permettra d\u00e9sormais aux guin\u00e9ens de ne plus \u00eatre confront\u00e9 \u00e0 ce qu&rsquo;on appelle<strong> <\/strong>\u00ab\u00a0\u00e9quivalence des dipl\u00f4mes\u00a0\u00bb. <em><strong>\u00a0\u00bb Il est de notre responsabilit\u00e9 de corriger cela, il y va de l&rsquo;honorer de notre pays, d&rsquo;honorer Notre syst\u00e8me d&rsquo;enseignement Sup\u00e9rieur et de recherche \u00a0\u00bb <\/strong><\/em>souligne t-il.<\/p>\n\n\n\n<p>Avant d&rsquo;appeler les diff\u00e9rents acteurs \u00e0 utiliser la plateforme a bon escient. <em><strong>\u00ab\u00a0Chaque participant ici devra \u00eatre en mesure de maitriser parfaitement le fonctionnement de cette plateforme et de faire la restitution aux membres de son Institution. Il est extr\u00eamement important de rappeler la responsabilit\u00e9 de chacun de vous sur la stricte confidentialit\u00e9 li\u00e9e \u00e0 la gestion de cette plateforme\u00a0\u00bb.<\/strong><\/em><\/p>\n\n\n\n<p>De leurs c\u00f4t\u00e9s, les participants saluent cette initiative. <em><strong>\u00ab\u00a0Il y a trop de faux dipl\u00f4mes, C&rsquo;est devenus une entreprise pour certains. Cela va nous permettre de discerner \u00a0\u00bb <\/strong><\/em>a d\u00e9clar\u00e9 Dr Mamadi Yaya CISSE, Directeur G\u00e9n\u00e9ral adjoint charg\u00e9 des \u00c9tudes \u00e0 l&rsquo;Institut Sup\u00e9rieur de l&rsquo;Information et de la Communication de Kountia.<\/p>\n\n\n\n<p>Notons que ce processus va concerner tous les dipl\u00f4mes d\u00e9livr\u00e9s \u00e0 partir des six ann\u00e9es pr\u00e9c\u00e9dente.<\/p>\n\n\n\n<p><strong>Hawa Bah<\/strong><\/p>\n","protected":false},"excerpt":{"rendered":"<p>La Guin\u00e9e sera bient\u00f4t dot\u00e9e d&rsquo;une plateforme nationale de s\u00e9curisation et de tra\u00e7abilit\u00e9 des dipl\u00f4mes universitaire. C&rsquo;est dans ce cadre que se tient ce 23 ao\u00fbt 2023, un atelier de formation dans un r\u00e9ceptif h\u00f4telier de la place. Durant deux jours successifs, les Recteurs, Vice-Recteurs, Directeurs G\u00e9n\u00e9raux, Directeurs de Scolarit\u00e9 et des \u00c9tudes Avanc\u00e9es des [&hellip;]<\/p>\n","protected":false},"author":4,"featured_media":22695,"comment_status":"open","ping_status":"open","sticky":false,"template":"","format":"standard","meta":[],"categories":[9,17,2,13,7,6,8],"tags":[],"_links":{"self":[{"href":"https:\/\/universiteactu.com\/index.php?rest_route=\/wp\/v2\/posts\/22704"}],"collection":[{"href":"https:\/\/universiteactu.com\/index.php?rest_route=\/wp\/v2\/posts"}],"about":[{"href":"https:\/\/universiteactu.com\/index.php?rest_route=\/wp\/v2\/types\/post"}],"author":[{"embeddable":true,"href":"https:\/\/universiteactu.com\/index.php?rest_route=\/wp\/v2\/users\/4"}],"replies":[{"embeddable":true,"href":"https:\/\/universiteactu.com\/index.php?rest_route=%2Fwp%2Fv2%2Fcomments&post=22704"}],"version-history":[{"count":6,"href":"https:\/\/universiteactu.com\/index.php?rest_route=\/wp\/v2\/posts\/22704\/revisions"}],"predecessor-version":[{"id":22722,"href":"https:\/\/universiteactu.com\/index.php?rest_route=\/wp\/v2\/posts\/22704\/revisions\/22722"}],"wp:featuredmedia":[{"embeddable":true,"href":"https:\/\/universiteactu.com\/index.php?rest_route=\/wp\/v2\/media\/22695"}],"wp:attachment":[{"href":"https:\/\/universiteactu.com\/index.php?rest_route=%2Fwp%2Fv2%2Fmedia&parent=22704"}],"wp:term":[{"taxonomy":"category","embeddable":true,"href":"https:\/\/universiteactu.com\/index.php?rest_route=%2Fwp%2Fv2%2Fcategories&post=22704"},{"taxonomy":"post_tag","embeddable":true,"href":"https:\/\/universiteactu.com\/index.php?rest_route=%2Fwp%2Fv2%2Ftags&post=22704"}],"curies":[{"name":"wp","href":"https:\/\/api.w.org\/{rel}","templated":true}]}}