{"id":22303,"date":"2023-08-05T14:35:38","date_gmt":"2023-08-05T12:35:38","guid":{"rendered":"http:\/\/universiteactu.com\/?p=22303"},"modified":"2023-08-05T15:04:47","modified_gmt":"2023-08-05T13:04:47","slug":"mesrsi-evaluations-du-contrat-de-performance-orientations-des-bacheliersau-coeur-du-conseil-de-cabinet-elargi","status":"publish","type":"post","link":"https:\/\/universiteactu.com\/?p=22303","title":{"rendered":"MESRSI : Evaluations du contrat de performance, orientations des bacheliers\u2026au c\u0153ur du conseil de cabinet \u00e9largi"},"content":{"rendered":"\n<p class=\"has-drop-cap\">La salle de conf\u00e9rence de l&rsquo;Universit\u00e9 Nongo Conakry (UNC) a servi de cadre, ce 04 ao\u00fbt 2023, au deuxi\u00e8me conseil de cabinet \u00e9largi aux Institutions d&rsquo;Enseignement Sup\u00e9rieurs, Institutions de Recherche Scientifique ainsi qu&rsquo;aux Centres de Documentation et d&rsquo;Information (IES\/IRS\/CDI). Une rencontre organis\u00e9e par le Minist\u00e8re de l&rsquo;Enseignement Sup\u00e9rieur, de la Recherche Scientifique et de l&rsquo;Innovation, qui a connu une forte mobilisations des Institutions d&rsquo;Enseignements Sup\u00e9rieurs Publiques et Priv\u00e9s et l&rsquo;Agence Nationale d&rsquo;Assurance Qualit\u00e9 dans l&rsquo;Enseignement (ANAQ). L&rsquo;occasion a \u00e9t\u00e9 mise \u00e0 profit par ledit d\u00e9partement, ainsi que les repr\u00e9sentants des diff\u00e9rentes parties prenantes, pour passer en revue le bilan de l&rsquo;ann\u00e9e \u00e9coul\u00e9e et d\u00e9cliner leurs perspectives.<\/p>\n\n\n\n<figure class=\"wp-block-image size-large\"><img decoding=\"async\" loading=\"lazy\" width=\"1024\" height=\"683\" src=\"http:\/\/universiteactu.com\/wp-content\/uploads\/2023\/08\/FB_IMG_1691166187212-1024x683.jpg\" alt=\"\" class=\"wp-image-22308\" srcset=\"https:\/\/universiteactu.com\/wp-content\/uploads\/2023\/08\/FB_IMG_1691166187212-1024x683.jpg 1024w, https:\/\/universiteactu.com\/wp-content\/uploads\/2023\/08\/FB_IMG_1691166187212-300x200.jpg 300w, https:\/\/universiteactu.com\/wp-content\/uploads\/2023\/08\/FB_IMG_1691166187212-768x512.jpg 768w, https:\/\/universiteactu.com\/wp-content\/uploads\/2023\/08\/FB_IMG_1691166187212-629x420.jpg 629w, https:\/\/universiteactu.com\/wp-content\/uploads\/2023\/08\/FB_IMG_1691166187212-640x427.jpg 640w, https:\/\/universiteactu.com\/wp-content\/uploads\/2023\/08\/FB_IMG_1691166187212-681x454.jpg 681w, https:\/\/universiteactu.com\/wp-content\/uploads\/2023\/08\/FB_IMG_1691166187212.jpg 1079w\" sizes=\"(max-width: 1024px) 100vw, 1024px\" \/><\/figure>\n\n\n\n<figure class=\"wp-block-image size-large\"><img decoding=\"async\" loading=\"lazy\" width=\"1024\" height=\"683\" src=\"http:\/\/universiteactu.com\/wp-content\/uploads\/2023\/08\/FB_IMG_1691166183162-1024x683.jpg\" alt=\"\" class=\"wp-image-22310\" srcset=\"https:\/\/universiteactu.com\/wp-content\/uploads\/2023\/08\/FB_IMG_1691166183162-1024x683.jpg 1024w, https:\/\/universiteactu.com\/wp-content\/uploads\/2023\/08\/FB_IMG_1691166183162-300x200.jpg 300w, https:\/\/universiteactu.com\/wp-content\/uploads\/2023\/08\/FB_IMG_1691166183162-768x512.jpg 768w, https:\/\/universiteactu.com\/wp-content\/uploads\/2023\/08\/FB_IMG_1691166183162-629x420.jpg 629w, https:\/\/universiteactu.com\/wp-content\/uploads\/2023\/08\/FB_IMG_1691166183162-640x427.jpg 640w, https:\/\/universiteactu.com\/wp-content\/uploads\/2023\/08\/FB_IMG_1691166183162-681x454.jpg 681w, https:\/\/universiteactu.com\/wp-content\/uploads\/2023\/08\/FB_IMG_1691166183162.jpg 1079w\" sizes=\"(max-width: 1024px) 100vw, 1024px\" \/><\/figure>\n\n\n\n<p>En plus des cadres du Cabinet de Madame la Ministre, des Recteurs et Directeurs G\u00e9n\u00e9raux des Institutions d\u2019Enseignement Sup\u00e9rieur du pays.<\/p>\n\n\n\n<figure class=\"wp-block-image size-large\"><img decoding=\"async\" loading=\"lazy\" width=\"1024\" height=\"755\" src=\"http:\/\/universiteactu.com\/wp-content\/uploads\/2023\/08\/20230804_170607-1024x755.jpg\" alt=\"\" class=\"wp-image-22344\" srcset=\"https:\/\/universiteactu.com\/wp-content\/uploads\/2023\/08\/20230804_170607-1024x755.jpg 1024w, https:\/\/universiteactu.com\/wp-content\/uploads\/2023\/08\/20230804_170607-300x221.jpg 300w, https:\/\/universiteactu.com\/wp-content\/uploads\/2023\/08\/20230804_170607-768x567.jpg 768w, https:\/\/universiteactu.com\/wp-content\/uploads\/2023\/08\/20230804_170607-569x420.jpg 569w, https:\/\/universiteactu.com\/wp-content\/uploads\/2023\/08\/20230804_170607-80x60.jpg 80w, https:\/\/universiteactu.com\/wp-content\/uploads\/2023\/08\/20230804_170607-100x75.jpg 100w, https:\/\/universiteactu.com\/wp-content\/uploads\/2023\/08\/20230804_170607-640x472.jpg 640w, https:\/\/universiteactu.com\/wp-content\/uploads\/2023\/08\/20230804_170607-681x502.jpg 681w, https:\/\/universiteactu.com\/wp-content\/uploads\/2023\/08\/20230804_170607.jpg 1464w\" sizes=\"(max-width: 1024px) 100vw, 1024px\" \/><\/figure>\n\n\n\n<p>Dans son propos, Dre Diaka SIDIBE, Ministre de l&rsquo;Enseignement Sup\u00e9rieur, de la Recherche Scientifique et de l&rsquo;Innovation a indiqu\u00e9 que cette initiative vise \u00e0 perp\u00e9tuer des concertations p\u00e9riodiques entre les services centraux et les structures d\u00e9concentr\u00e9es. <\/p>\n\n\n\n<figure class=\"wp-block-image size-large\"><img decoding=\"async\" loading=\"lazy\" width=\"1024\" height=\"883\" src=\"http:\/\/universiteactu.com\/wp-content\/uploads\/2023\/08\/20230804_170809-1024x883.jpg\" alt=\"\" class=\"wp-image-22347\" srcset=\"https:\/\/universiteactu.com\/wp-content\/uploads\/2023\/08\/20230804_170809-1024x883.jpg 1024w, https:\/\/universiteactu.com\/wp-content\/uploads\/2023\/08\/20230804_170809-300x259.jpg 300w, https:\/\/universiteactu.com\/wp-content\/uploads\/2023\/08\/20230804_170809-768x662.jpg 768w, https:\/\/universiteactu.com\/wp-content\/uploads\/2023\/08\/20230804_170809-487x420.jpg 487w, https:\/\/universiteactu.com\/wp-content\/uploads\/2023\/08\/20230804_170809-640x552.jpg 640w, https:\/\/universiteactu.com\/wp-content\/uploads\/2023\/08\/20230804_170809-681x587.jpg 681w, https:\/\/universiteactu.com\/wp-content\/uploads\/2023\/08\/20230804_170809.jpg 1119w\" sizes=\"(max-width: 1024px) 100vw, 1024px\" \/><\/figure>\n\n\n\n<p><em><strong>\u00ab\u00a0Notre d\u00e9partement est \u00e0 la fois transversal et strat\u00e9gique dans le gouvernement, dans la mesure o\u00f9 il est charg\u00e9 de former un capital humain de haut niveau dans tous les acteurs capable de contribuer efficacement au D\u00e9veloppement socio\u00e9conomique de notre pays<\/strong><\/em>. <\/p>\n\n\n\n<p><strong><em>Nous devons r\u00e9ussir ensemble \u00e0 relever les d\u00e9fis de notre sous-secteur et \u00e0 conduire les r\u00e9formes n\u00e9cessaires \u00e0 la transformation de l\u2019\u00e9ducation sup\u00e9rieure. C\u2019est pourquoi, je vous invite \u00e0 vous impliquer sans r\u00e9serve dans les discussions pour enrichir les d\u00e9bats sur l\u2019ensemble des sujets qui ont \u00e9t\u00e9 abord\u00e9s, \u00e0 travers les points inscrits \u00e0 l\u2019ordre du jour. Nous pourrons approfondir les diff\u00e9rentes questions au fur et \u00e0 mesure du traitement des diff\u00e9rentes th\u00e9matiques. Je compte enti\u00e8rement sur votre engagement et votre disponibilit\u00e9 habituels pour collaborer \u00e0 l\u2019ach\u00e8vement des diff\u00e9rentes activit\u00e9s inscrites dans vos lettres de mission et vos contrats de performances respectifs. Je voudrais avant de conclure vous exprimer les mots de remerciements de mon Cabinet pour non seulement vos accompagnements \u00e0 l\u2019atteinte de nos objectifs, mais aussi pour votre implication constante pour la r\u00e9ussite de la premi\u00e8re \u00e9dition de la Semaine Nationale de la Recherche et de l\u2019Innovation (SENARI), dans le prolongement de l\u2019atelier de remise des livrables de l\u2019\u00e9tat des lieux de la PNRI<\/em><\/strong> <em><strong>\u00a0\u00bb <\/strong><\/em>ajoutant que toutes les Institutions doivent s&rsquo;inscrire dans une d\u00e9marche coop\u00e9rative pour y parvenir.<\/p>\n\n\n\n<figure class=\"wp-block-image size-large\"><img decoding=\"async\" loading=\"lazy\" width=\"1024\" height=\"820\" src=\"http:\/\/universiteactu.com\/wp-content\/uploads\/2023\/08\/20230804_171212-1024x820.jpg\" alt=\"\" class=\"wp-image-22350\" srcset=\"https:\/\/universiteactu.com\/wp-content\/uploads\/2023\/08\/20230804_171212-1024x820.jpg 1024w, https:\/\/universiteactu.com\/wp-content\/uploads\/2023\/08\/20230804_171212-300x240.jpg 300w, https:\/\/universiteactu.com\/wp-content\/uploads\/2023\/08\/20230804_171212-768x615.jpg 768w, https:\/\/universiteactu.com\/wp-content\/uploads\/2023\/08\/20230804_171212-525x420.jpg 525w, https:\/\/universiteactu.com\/wp-content\/uploads\/2023\/08\/20230804_171212-640x512.jpg 640w, https:\/\/universiteactu.com\/wp-content\/uploads\/2023\/08\/20230804_171212-681x545.jpg 681w, https:\/\/universiteactu.com\/wp-content\/uploads\/2023\/08\/20230804_171212.jpg 1349w\" sizes=\"(max-width: 1024px) 100vw, 1024px\" \/><\/figure>\n\n\n\n<p>Poursuivant, elle a exprim\u00e9 sa gratitude aux diff\u00e9rents participants pour leur contribution dans le cadre des performances obtenues lors de l&rsquo;\u00e9valuation du contrat de performance de son d\u00e9partement, par le premier Ministre du gouvernement, Dr Bernard GOUMOU. <\/p>\n\n\n\n<figure class=\"wp-block-image size-large\"><img decoding=\"async\" loading=\"lazy\" width=\"1024\" height=\"869\" src=\"http:\/\/universiteactu.com\/wp-content\/uploads\/2023\/08\/20230804_171431-1024x869.jpg\" alt=\"\" class=\"wp-image-22356\" srcset=\"https:\/\/universiteactu.com\/wp-content\/uploads\/2023\/08\/20230804_171431-1024x869.jpg 1024w, https:\/\/universiteactu.com\/wp-content\/uploads\/2023\/08\/20230804_171431-300x255.jpg 300w, https:\/\/universiteactu.com\/wp-content\/uploads\/2023\/08\/20230804_171431-768x652.jpg 768w, https:\/\/universiteactu.com\/wp-content\/uploads\/2023\/08\/20230804_171431-495x420.jpg 495w, https:\/\/universiteactu.com\/wp-content\/uploads\/2023\/08\/20230804_171431-640x543.jpg 640w, https:\/\/universiteactu.com\/wp-content\/uploads\/2023\/08\/20230804_171431-681x578.jpg 681w, https:\/\/universiteactu.com\/wp-content\/uploads\/2023\/08\/20230804_171431.jpg 1273w\" sizes=\"(max-width: 1024px) 100vw, 1024px\" \/><\/figure>\n\n\n\n<p><strong><em>\u00ab\u00a0Dans le cadre des activit\u00e9s entreprises au sein de notre d\u00e9partement figurent en bonne place la r\u00e9forme des programmes, la plateforme nationale de s\u00e9curisation des dipl\u00f4mes et toutes les innovations p\u00e9dagogique, technologiques et d&rsquo;aide \u00e0 l&rsquo;insertion \u00e0 travers les projets phares d\u00e9nomm\u00e9 P\u00f4le Vie, dans le cadre de la mise en \u0153uvre du statut Etudiant-Entrepreneur (SEE), politique de Stage et d&rsquo;Alternance\u00a0\u00bb <\/em><\/strong>\u00e9num\u00e8re t-elle.<\/p>\n\n\n\n<figure class=\"wp-block-image size-large\"><img decoding=\"async\" loading=\"lazy\" width=\"1024\" height=\"900\" src=\"http:\/\/universiteactu.com\/wp-content\/uploads\/2023\/08\/20230804_164934-1024x900.jpg\" alt=\"\" class=\"wp-image-22330\" srcset=\"https:\/\/universiteactu.com\/wp-content\/uploads\/2023\/08\/20230804_164934-1024x900.jpg 1024w, https:\/\/universiteactu.com\/wp-content\/uploads\/2023\/08\/20230804_164934-300x264.jpg 300w, https:\/\/universiteactu.com\/wp-content\/uploads\/2023\/08\/20230804_164934-768x675.jpg 768w, https:\/\/universiteactu.com\/wp-content\/uploads\/2023\/08\/20230804_164934-478x420.jpg 478w, https:\/\/universiteactu.com\/wp-content\/uploads\/2023\/08\/20230804_164934-640x562.jpg 640w, https:\/\/universiteactu.com\/wp-content\/uploads\/2023\/08\/20230804_164934-681x598.jpg 681w, https:\/\/universiteactu.com\/wp-content\/uploads\/2023\/08\/20230804_164934.jpg 1229w\" sizes=\"(max-width: 1024px) 100vw, 1024px\" \/><\/figure>\n\n\n\n<p>Pour sa part, Mamoudou BAGAGA, Directeur G\u00e9n\u00e9ral du Bureau de Strat\u00e9gie et de D\u00e9veloppement (BSD) du MESRSI est revenu sur le bilan \u00e0 mi-parcours du d\u00e9partement qui sont entre autres : <\/p>\n\n\n\n<figure class=\"wp-block-image size-large\"><img decoding=\"async\" loading=\"lazy\" width=\"1024\" height=\"683\" src=\"http:\/\/universiteactu.com\/wp-content\/uploads\/2023\/08\/FB_IMG_1691166246250-1024x683.jpg\" alt=\"\" class=\"wp-image-22321\" srcset=\"https:\/\/universiteactu.com\/wp-content\/uploads\/2023\/08\/FB_IMG_1691166246250-1024x683.jpg 1024w, https:\/\/universiteactu.com\/wp-content\/uploads\/2023\/08\/FB_IMG_1691166246250-300x200.jpg 300w, https:\/\/universiteactu.com\/wp-content\/uploads\/2023\/08\/FB_IMG_1691166246250-768x512.jpg 768w, https:\/\/universiteactu.com\/wp-content\/uploads\/2023\/08\/FB_IMG_1691166246250-629x420.jpg 629w, https:\/\/universiteactu.com\/wp-content\/uploads\/2023\/08\/FB_IMG_1691166246250-640x427.jpg 640w, https:\/\/universiteactu.com\/wp-content\/uploads\/2023\/08\/FB_IMG_1691166246250-681x454.jpg 681w, https:\/\/universiteactu.com\/wp-content\/uploads\/2023\/08\/FB_IMG_1691166246250.jpg 1079w\" sizes=\"(max-width: 1024px) 100vw, 1024px\" \/><\/figure>\n\n\n\n<p><strong><em>la Revalorisation des bourses d&rsquo;entretien , la Signature de contrats de performance avec les diff\u00e9rents Institutions et centres de recherche , la R\u00e9alisation d&rsquo;une \u00e9tude sur l&rsquo;harc\u00e8lement en milieu universitaire , la Refonte de la plateforme d&rsquo;orientation Gupol et le D\u00e9marrage des activit\u00e9s sur la refonte des programmes.<\/em><\/strong><\/p>\n\n\n\n<figure class=\"wp-block-image size-large\"><img decoding=\"async\" loading=\"lazy\" width=\"1024\" height=\"683\" src=\"http:\/\/universiteactu.com\/wp-content\/uploads\/2023\/08\/FB_IMG_1691166239484-1024x683.jpg\" alt=\"\" class=\"wp-image-22318\" srcset=\"https:\/\/universiteactu.com\/wp-content\/uploads\/2023\/08\/FB_IMG_1691166239484-1024x683.jpg 1024w, https:\/\/universiteactu.com\/wp-content\/uploads\/2023\/08\/FB_IMG_1691166239484-300x200.jpg 300w, https:\/\/universiteactu.com\/wp-content\/uploads\/2023\/08\/FB_IMG_1691166239484-768x512.jpg 768w, https:\/\/universiteactu.com\/wp-content\/uploads\/2023\/08\/FB_IMG_1691166239484-629x420.jpg 629w, https:\/\/universiteactu.com\/wp-content\/uploads\/2023\/08\/FB_IMG_1691166239484-640x427.jpg 640w, https:\/\/universiteactu.com\/wp-content\/uploads\/2023\/08\/FB_IMG_1691166239484-681x454.jpg 681w, https:\/\/universiteactu.com\/wp-content\/uploads\/2023\/08\/FB_IMG_1691166239484.jpg 1079w\" sizes=\"(max-width: 1024px) 100vw, 1024px\" \/><\/figure>\n\n\n\n<p>De son c\u00f4t\u00e9, Dr Facinet CONTE, Secr\u00e9taire G\u00e9n\u00e9ral du MESRSI a exhort\u00e9 les diff\u00e9rentes parties \u00e0 trouver des sources de financement au del\u00e0 du budget national, citant au passage l&rsquo;Universit\u00e9 de Lab\u00e9 qui a mis en place un fond pour soutenir les enseignants chercheurs et les \u00e9tudiants entrepreneurs. <\/p>\n\n\n\n<figure class=\"wp-block-image size-large is-resized\"><img decoding=\"async\" loading=\"lazy\" src=\"http:\/\/universiteactu.com\/wp-content\/uploads\/2023\/08\/FB_IMG_1691166217426-683x1024.jpg\" alt=\"\" class=\"wp-image-22315\" width=\"842\" height=\"1262\" srcset=\"https:\/\/universiteactu.com\/wp-content\/uploads\/2023\/08\/FB_IMG_1691166217426-683x1024.jpg 683w, https:\/\/universiteactu.com\/wp-content\/uploads\/2023\/08\/FB_IMG_1691166217426-200x300.jpg 200w, https:\/\/universiteactu.com\/wp-content\/uploads\/2023\/08\/FB_IMG_1691166217426-768x1151.jpg 768w, https:\/\/universiteactu.com\/wp-content\/uploads\/2023\/08\/FB_IMG_1691166217426-1025x1536.jpg 1025w, https:\/\/universiteactu.com\/wp-content\/uploads\/2023\/08\/FB_IMG_1691166217426-280x420.jpg 280w, https:\/\/universiteactu.com\/wp-content\/uploads\/2023\/08\/FB_IMG_1691166217426-640x959.jpg 640w, https:\/\/universiteactu.com\/wp-content\/uploads\/2023\/08\/FB_IMG_1691166217426-681x1021.jpg 681w, https:\/\/universiteactu.com\/wp-content\/uploads\/2023\/08\/FB_IMG_1691166217426.jpg 1080w\" sizes=\"(max-width: 842px) 100vw, 842px\" \/><\/figure>\n\n\n\n<p><strong><em>\u00ab\u00a0Il faut tisser de nouvelles relations, il faut aller vers des programmes de financement consistants et cr\u00e9er de la valeur au niveau des programmes dans les Institutions, il faut cr\u00e9er des activit\u00e9s g\u00e9n\u00e9ratrices de revenus comme des services de restauration\u00a0\u00bb.<\/em><\/strong><\/p>\n\n\n\n<figure class=\"wp-block-image size-large\"><img decoding=\"async\" loading=\"lazy\" width=\"1024\" height=\"683\" src=\"http:\/\/universiteactu.com\/wp-content\/uploads\/2023\/08\/FB_IMG_1691166419954-1024x683.jpg\" alt=\"\" class=\"wp-image-22309\" srcset=\"https:\/\/universiteactu.com\/wp-content\/uploads\/2023\/08\/FB_IMG_1691166419954-1024x683.jpg 1024w, https:\/\/universiteactu.com\/wp-content\/uploads\/2023\/08\/FB_IMG_1691166419954-300x200.jpg 300w, https:\/\/universiteactu.com\/wp-content\/uploads\/2023\/08\/FB_IMG_1691166419954-768x512.jpg 768w, https:\/\/universiteactu.com\/wp-content\/uploads\/2023\/08\/FB_IMG_1691166419954-629x420.jpg 629w, https:\/\/universiteactu.com\/wp-content\/uploads\/2023\/08\/FB_IMG_1691166419954-640x427.jpg 640w, https:\/\/universiteactu.com\/wp-content\/uploads\/2023\/08\/FB_IMG_1691166419954-681x454.jpg 681w, https:\/\/universiteactu.com\/wp-content\/uploads\/2023\/08\/FB_IMG_1691166419954.jpg 1079w\" sizes=\"(max-width: 1024px) 100vw, 1024px\" \/><\/figure>\n\n\n\n<p>Mamadou Cellou SOUAR\u00c9, Fondateur de l\u2019Universit\u00e9 Nongo Conakry (UNC) et Pr\u00e9sident de la Chambre repr\u00e9sentative des Universit\u00e9s Priv\u00e9es salue cette initiative. Il se dit satisfait de cette rencontre qui selon lui t\u00e9moigne de la volont\u00e9 du d\u00e9partement de tutelle \u00e0 donner plus de force \u00e0 ses partenaires.<\/p>\n\n\n\n<figure class=\"wp-block-image size-large\"><img decoding=\"async\" loading=\"lazy\" width=\"1024\" height=\"980\" src=\"http:\/\/universiteactu.com\/wp-content\/uploads\/2023\/08\/20230804_163932-1024x980.jpg\" alt=\"\" class=\"wp-image-22323\" srcset=\"https:\/\/universiteactu.com\/wp-content\/uploads\/2023\/08\/20230804_163932-1024x980.jpg 1024w, https:\/\/universiteactu.com\/wp-content\/uploads\/2023\/08\/20230804_163932-300x287.jpg 300w, https:\/\/universiteactu.com\/wp-content\/uploads\/2023\/08\/20230804_163932-768x735.jpg 768w, https:\/\/universiteactu.com\/wp-content\/uploads\/2023\/08\/20230804_163932-439x420.jpg 439w, https:\/\/universiteactu.com\/wp-content\/uploads\/2023\/08\/20230804_163932-640x613.jpg 640w, https:\/\/universiteactu.com\/wp-content\/uploads\/2023\/08\/20230804_163932-681x652.jpg 681w, https:\/\/universiteactu.com\/wp-content\/uploads\/2023\/08\/20230804_163932.jpg 1128w\" sizes=\"(max-width: 1024px) 100vw, 1024px\" \/><\/figure>\n\n\n\n<p><strong><em>\u00ab&nbsp;C\u2019est une satisfaction totale&nbsp;! Je voudrais profiter de l\u2019occasion pour f\u00e9liciter Madame la ministre d\u2019avoir d\u00e9cid\u00e9 de faire abriter cette 2e&nbsp;\u00e9dition du Conseil \u00e9largi du Cabinet dans une universit\u00e9 priv\u00e9e de la place notamment l\u2019Universit\u00e9 Nongo Conakry.&nbsp; \u00c7a montre combien de fois elle est pour les universit\u00e9s publiques et priv\u00e9es. Donc, c\u2019est une belle initiative \u00e0 saluer et qui d\u00e9montre que Madame la ministre t\u00e9moigne avec force les liens qui existent entre les universit\u00e9s priv\u00e9es et leur minist\u00e8re de tutelle&nbsp;\u00bb,<\/em><\/strong><em>&nbsp;<\/em>a-t-il indiqu\u00e9.<\/p>\n\n\n\n<figure class=\"wp-block-image size-large\"><img decoding=\"async\" loading=\"lazy\" width=\"1024\" height=\"683\" src=\"http:\/\/universiteactu.com\/wp-content\/uploads\/2023\/08\/DSC_0164-1024x683.jpg\" alt=\"\" class=\"wp-image-22332\" srcset=\"https:\/\/universiteactu.com\/wp-content\/uploads\/2023\/08\/DSC_0164-1024x683.jpg 1024w, https:\/\/universiteactu.com\/wp-content\/uploads\/2023\/08\/DSC_0164-300x200.jpg 300w, https:\/\/universiteactu.com\/wp-content\/uploads\/2023\/08\/DSC_0164-768x512.jpg 768w, https:\/\/universiteactu.com\/wp-content\/uploads\/2023\/08\/DSC_0164-1536x1024.jpg 1536w, https:\/\/universiteactu.com\/wp-content\/uploads\/2023\/08\/DSC_0164-630x420.jpg 630w, https:\/\/universiteactu.com\/wp-content\/uploads\/2023\/08\/DSC_0164-640x427.jpg 640w, https:\/\/universiteactu.com\/wp-content\/uploads\/2023\/08\/DSC_0164-681x454.jpg 681w, https:\/\/universiteactu.com\/wp-content\/uploads\/2023\/08\/DSC_0164.jpg 1620w\" sizes=\"(max-width: 1024px) 100vw, 1024px\" \/><\/figure>\n\n\n\n<figure class=\"wp-block-image size-large\"><img decoding=\"async\" loading=\"lazy\" width=\"1024\" height=\"722\" src=\"http:\/\/universiteactu.com\/wp-content\/uploads\/2023\/08\/20230804_165111-1024x722.jpg\" alt=\"\" class=\"wp-image-22333\" srcset=\"https:\/\/universiteactu.com\/wp-content\/uploads\/2023\/08\/20230804_165111-1024x722.jpg 1024w, https:\/\/universiteactu.com\/wp-content\/uploads\/2023\/08\/20230804_165111-300x211.jpg 300w, https:\/\/universiteactu.com\/wp-content\/uploads\/2023\/08\/20230804_165111-768x541.jpg 768w, https:\/\/universiteactu.com\/wp-content\/uploads\/2023\/08\/20230804_165111-596x420.jpg 596w, https:\/\/universiteactu.com\/wp-content\/uploads\/2023\/08\/20230804_165111-640x451.jpg 640w, https:\/\/universiteactu.com\/wp-content\/uploads\/2023\/08\/20230804_165111-681x480.jpg 681w, https:\/\/universiteactu.com\/wp-content\/uploads\/2023\/08\/20230804_165111.jpg 1532w\" sizes=\"(max-width: 1024px) 100vw, 1024px\" \/><\/figure>\n\n\n\n<figure class=\"wp-block-image size-large\"><img decoding=\"async\" loading=\"lazy\" width=\"1024\" height=\"683\" src=\"http:\/\/universiteactu.com\/wp-content\/uploads\/2023\/08\/FB_IMG_1691166167641-1024x683.jpg\" alt=\"\" class=\"wp-image-22316\" srcset=\"https:\/\/universiteactu.com\/wp-content\/uploads\/2023\/08\/FB_IMG_1691166167641-1024x683.jpg 1024w, https:\/\/universiteactu.com\/wp-content\/uploads\/2023\/08\/FB_IMG_1691166167641-300x200.jpg 300w, https:\/\/universiteactu.com\/wp-content\/uploads\/2023\/08\/FB_IMG_1691166167641-768x512.jpg 768w, https:\/\/universiteactu.com\/wp-content\/uploads\/2023\/08\/FB_IMG_1691166167641-629x420.jpg 629w, https:\/\/universiteactu.com\/wp-content\/uploads\/2023\/08\/FB_IMG_1691166167641-640x427.jpg 640w, https:\/\/universiteactu.com\/wp-content\/uploads\/2023\/08\/FB_IMG_1691166167641-681x454.jpg 681w, https:\/\/universiteactu.com\/wp-content\/uploads\/2023\/08\/FB_IMG_1691166167641.jpg 1079w\" sizes=\"(max-width: 1024px) 100vw, 1024px\" \/><\/figure>\n\n\n\n<figure class=\"wp-block-image size-large\"><img decoding=\"async\" loading=\"lazy\" width=\"1024\" height=\"683\" src=\"http:\/\/universiteactu.com\/wp-content\/uploads\/2023\/08\/DSC_0147_1-1024x683.jpg\" alt=\"\" class=\"wp-image-22328\" srcset=\"https:\/\/universiteactu.com\/wp-content\/uploads\/2023\/08\/DSC_0147_1-1024x683.jpg 1024w, https:\/\/universiteactu.com\/wp-content\/uploads\/2023\/08\/DSC_0147_1-300x200.jpg 300w, https:\/\/universiteactu.com\/wp-content\/uploads\/2023\/08\/DSC_0147_1-768x512.jpg 768w, https:\/\/universiteactu.com\/wp-content\/uploads\/2023\/08\/DSC_0147_1-1536x1024.jpg 1536w, https:\/\/universiteactu.com\/wp-content\/uploads\/2023\/08\/DSC_0147_1-630x420.jpg 630w, https:\/\/universiteactu.com\/wp-content\/uploads\/2023\/08\/DSC_0147_1-640x427.jpg 640w, https:\/\/universiteactu.com\/wp-content\/uploads\/2023\/08\/DSC_0147_1-681x454.jpg 681w, https:\/\/universiteactu.com\/wp-content\/uploads\/2023\/08\/DSC_0147_1.jpg 1620w\" sizes=\"(max-width: 1024px) 100vw, 1024px\" \/><\/figure>\n\n\n\n<p>Au sortir de cette deuxi\u00e8me session du Conseil de Cabinet \u00e9largi du minist\u00e8re de l\u2019enseignement sup\u00e9rieur, Dr Daouda KEITA, Directeur G\u00e9n\u00e9ral de l\u2019Institut Sup\u00e9rieur des Mines et G\u00e9ologie de Bok\u00e9, se f\u00e9licite et salue l\u2019initiative.<\/p>\n\n\n\n<figure class=\"wp-block-image size-large\"><img decoding=\"async\" loading=\"lazy\" width=\"1024\" height=\"768\" src=\"http:\/\/universiteactu.com\/wp-content\/uploads\/2023\/08\/20230804_164026-1024x768.jpg\" alt=\"\" class=\"wp-image-22326\" srcset=\"https:\/\/universiteactu.com\/wp-content\/uploads\/2023\/08\/20230804_164026-1024x768.jpg 1024w, https:\/\/universiteactu.com\/wp-content\/uploads\/2023\/08\/20230804_164026-300x225.jpg 300w, https:\/\/universiteactu.com\/wp-content\/uploads\/2023\/08\/20230804_164026-768x576.jpg 768w, https:\/\/universiteactu.com\/wp-content\/uploads\/2023\/08\/20230804_164026-560x420.jpg 560w, https:\/\/universiteactu.com\/wp-content\/uploads\/2023\/08\/20230804_164026-80x60.jpg 80w, https:\/\/universiteactu.com\/wp-content\/uploads\/2023\/08\/20230804_164026-100x75.jpg 100w, https:\/\/universiteactu.com\/wp-content\/uploads\/2023\/08\/20230804_164026-180x135.jpg 180w, https:\/\/universiteactu.com\/wp-content\/uploads\/2023\/08\/20230804_164026-238x178.jpg 238w, https:\/\/universiteactu.com\/wp-content\/uploads\/2023\/08\/20230804_164026-640x480.jpg 640w, https:\/\/universiteactu.com\/wp-content\/uploads\/2023\/08\/20230804_164026-681x511.jpg 681w, https:\/\/universiteactu.com\/wp-content\/uploads\/2023\/08\/20230804_164026.jpg 1439w\" sizes=\"(max-width: 1024px) 100vw, 1024px\" \/><\/figure>\n\n\n\n<p><strong><em>\u00ab\u00a0C&rsquo;est une grande opportunit\u00e9 d&rsquo;\u00eatre \u00e0 ce conseil parce que c&rsquo;est l&rsquo;occasion de faire le bilan de l&rsquo;ann\u00e9e. Notre d\u00e9partement, comme vous l&rsquo;avez toujours observ\u00e9, nous sommes en mouvement, en coordination et en synergie. Toutes institutions d&rsquo;enseignement sup\u00e9rieur sont en coordination avec le minist\u00e8re pour avoir les instructions \u00e0 ex\u00e9cuter sur le terrain. Vous savez, toutes les institutions d&rsquo;enseignement sup\u00e9rieur ont sign\u00e9 des contrats de performance et nous avons exerc\u00e9 pendant plus de six mois ces r\u00e8gles de performance. Chacun voulait venir en groupe, parce que les IES ont \u00e9t\u00e9 regroup\u00e9e en deux, il y a les IES publiques et celles priv\u00e9es, il y a les centres de recherche et les centres de documentation. Ceux-ci aussi sont regroup\u00e9s en structure de coordination.<\/em><\/strong><\/p>\n\n\n\n<p><em><b>J&rsquo;appr\u00e9cie ce conseil de cabinet parce que c&rsquo;est de la nouveaut\u00e9, c&rsquo;est une fa\u00e7on de venir savoir ce qu&rsquo;on a fait. C&rsquo;est l&rsquo;occasion de dire ce qui a \u00e9t\u00e9 fait et ce qui reste \u00e0 faire de ce qui a \u00e9t\u00e9 instruit. Et \u00e9galement parler des perspectives pour l&rsquo;avenir, nous sommes en innovation et cette perspective nous permet de nous mirer \u00e0 travers ce que nous avons fait. Quand le bilan est dict\u00e9 par l&rsquo;hi\u00e9rarchie, nous nous sentons heureux. Vous avez constat\u00e9 \u00e0 la fin, madame a encourag\u00e9 tous les gestionnaires des institutions, \u00e0 redorer le blason pour que l&rsquo;enseignement sup\u00e9rieur soir d\u00e9sormais, le <\/b><\/em><strong><em>porte flambeau du d\u00e9veloppement de notre pays\u00a0\u00bb <\/em><\/strong>, a-t-il indiqu\u00e9.<\/p>\n\n\n\n<p>M\u00eame sonne de cloche ce M. Ibrahima Sory BAH, Vice Recteur de l&rsquo;Universit\u00e9 Mercure International (UMI).<\/p>\n\n\n\n<figure class=\"wp-block-image size-large\"><img decoding=\"async\" loading=\"lazy\" width=\"1024\" height=\"937\" src=\"http:\/\/universiteactu.com\/wp-content\/uploads\/2023\/08\/20230804_164559-1024x937.jpg\" alt=\"\" class=\"wp-image-22324\" srcset=\"https:\/\/universiteactu.com\/wp-content\/uploads\/2023\/08\/20230804_164559-1024x937.jpg 1024w, https:\/\/universiteactu.com\/wp-content\/uploads\/2023\/08\/20230804_164559-300x275.jpg 300w, https:\/\/universiteactu.com\/wp-content\/uploads\/2023\/08\/20230804_164559-768x703.jpg 768w, https:\/\/universiteactu.com\/wp-content\/uploads\/2023\/08\/20230804_164559-459x420.jpg 459w, https:\/\/universiteactu.com\/wp-content\/uploads\/2023\/08\/20230804_164559-640x586.jpg 640w, https:\/\/universiteactu.com\/wp-content\/uploads\/2023\/08\/20230804_164559-681x623.jpg 681w, https:\/\/universiteactu.com\/wp-content\/uploads\/2023\/08\/20230804_164559.jpg 1180w\" sizes=\"(max-width: 1024px) 100vw, 1024px\" \/><\/figure>\n\n\n\n<figure class=\"wp-block-image size-large\"><img decoding=\"async\" loading=\"lazy\" width=\"1024\" height=\"837\" src=\"http:\/\/universiteactu.com\/wp-content\/uploads\/2023\/08\/20230804_165823-1024x837.jpg\" alt=\"\" class=\"wp-image-22334\" srcset=\"https:\/\/universiteactu.com\/wp-content\/uploads\/2023\/08\/20230804_165823-1024x837.jpg 1024w, https:\/\/universiteactu.com\/wp-content\/uploads\/2023\/08\/20230804_165823-300x245.jpg 300w, https:\/\/universiteactu.com\/wp-content\/uploads\/2023\/08\/20230804_165823-768x628.jpg 768w, https:\/\/universiteactu.com\/wp-content\/uploads\/2023\/08\/20230804_165823-514x420.jpg 514w, https:\/\/universiteactu.com\/wp-content\/uploads\/2023\/08\/20230804_165823-640x523.jpg 640w, https:\/\/universiteactu.com\/wp-content\/uploads\/2023\/08\/20230804_165823-681x557.jpg 681w, https:\/\/universiteactu.com\/wp-content\/uploads\/2023\/08\/20230804_165823.jpg 1321w\" sizes=\"(max-width: 1024px) 100vw, 1024px\" \/><\/figure>\n\n\n\n<p><strong><em>\u00a0\u00bbNous sommes honor\u00e9s de prendre part \u00e0 cette rencontre car le conseil \u00e9largi, c&rsquo;est la deuxi\u00e8me fois, la premi\u00e8re fois c&rsquo;\u00e9tait dans une universit\u00e9 publique et cette fois, nous sommes dans une universit\u00e9 priv\u00e9e. Cela nous r\u00e9conforte et nous rassure surtout que le minist\u00e8re cherche \u00e0 faire de l&rsquo;inclusion, une priorit\u00e9 dans son programme\u00a0\u00bb.<\/em><\/strong><\/p>\n\n\n\n<figure class=\"wp-block-image size-large\"><img decoding=\"async\" loading=\"lazy\" width=\"1024\" height=\"683\" src=\"http:\/\/universiteactu.com\/wp-content\/uploads\/2023\/08\/DSC_0012-1024x683.jpg\" alt=\"\" class=\"wp-image-22353\" srcset=\"https:\/\/universiteactu.com\/wp-content\/uploads\/2023\/08\/DSC_0012-1024x683.jpg 1024w, https:\/\/universiteactu.com\/wp-content\/uploads\/2023\/08\/DSC_0012-300x200.jpg 300w, https:\/\/universiteactu.com\/wp-content\/uploads\/2023\/08\/DSC_0012-768x512.jpg 768w, https:\/\/universiteactu.com\/wp-content\/uploads\/2023\/08\/DSC_0012-1536x1024.jpg 1536w, https:\/\/universiteactu.com\/wp-content\/uploads\/2023\/08\/DSC_0012-630x420.jpg 630w, https:\/\/universiteactu.com\/wp-content\/uploads\/2023\/08\/DSC_0012-640x427.jpg 640w, https:\/\/universiteactu.com\/wp-content\/uploads\/2023\/08\/DSC_0012-681x454.jpg 681w, https:\/\/universiteactu.com\/wp-content\/uploads\/2023\/08\/DSC_0012.jpg 1620w\" sizes=\"(max-width: 1024px) 100vw, 1024px\" \/><\/figure>\n\n\n\n<figure class=\"wp-block-image size-large\"><img decoding=\"async\" loading=\"lazy\" width=\"1024\" height=\"876\" src=\"http:\/\/universiteactu.com\/wp-content\/uploads\/2023\/08\/20230804_171335-1024x876.jpg\" alt=\"\" class=\"wp-image-22354\" srcset=\"https:\/\/universiteactu.com\/wp-content\/uploads\/2023\/08\/20230804_171335-1024x876.jpg 1024w, https:\/\/universiteactu.com\/wp-content\/uploads\/2023\/08\/20230804_171335-300x257.jpg 300w, https:\/\/universiteactu.com\/wp-content\/uploads\/2023\/08\/20230804_171335-768x657.jpg 768w, https:\/\/universiteactu.com\/wp-content\/uploads\/2023\/08\/20230804_171335-491x420.jpg 491w, https:\/\/universiteactu.com\/wp-content\/uploads\/2023\/08\/20230804_171335-640x547.jpg 640w, https:\/\/universiteactu.com\/wp-content\/uploads\/2023\/08\/20230804_171335-681x582.jpg 681w, https:\/\/universiteactu.com\/wp-content\/uploads\/2023\/08\/20230804_171335.jpg 1263w\" sizes=\"(max-width: 1024px) 100vw, 1024px\" \/><\/figure>\n\n\n\n<figure class=\"wp-block-image size-large\"><img decoding=\"async\" loading=\"lazy\" width=\"1024\" height=\"683\" src=\"http:\/\/universiteactu.com\/wp-content\/uploads\/2023\/08\/DSC_0008-1-1024x683.jpg\" alt=\"\" class=\"wp-image-22355\" srcset=\"https:\/\/universiteactu.com\/wp-content\/uploads\/2023\/08\/DSC_0008-1-1024x683.jpg 1024w, https:\/\/universiteactu.com\/wp-content\/uploads\/2023\/08\/DSC_0008-1-300x200.jpg 300w, https:\/\/universiteactu.com\/wp-content\/uploads\/2023\/08\/DSC_0008-1-768x512.jpg 768w, https:\/\/universiteactu.com\/wp-content\/uploads\/2023\/08\/DSC_0008-1-1536x1024.jpg 1536w, https:\/\/universiteactu.com\/wp-content\/uploads\/2023\/08\/DSC_0008-1-630x420.jpg 630w, https:\/\/universiteactu.com\/wp-content\/uploads\/2023\/08\/DSC_0008-1-640x427.jpg 640w, https:\/\/universiteactu.com\/wp-content\/uploads\/2023\/08\/DSC_0008-1-681x454.jpg 681w, https:\/\/universiteactu.com\/wp-content\/uploads\/2023\/08\/DSC_0008-1.jpg 1620w\" sizes=\"(max-width: 1024px) 100vw, 1024px\" \/><\/figure>\n\n\n\n<figure class=\"wp-block-image size-large\"><img decoding=\"async\" loading=\"lazy\" width=\"1024\" height=\"775\" src=\"http:\/\/universiteactu.com\/wp-content\/uploads\/2023\/08\/20230804_165550-1024x775.jpg\" alt=\"\" class=\"wp-image-22341\" srcset=\"https:\/\/universiteactu.com\/wp-content\/uploads\/2023\/08\/20230804_165550-1024x775.jpg 1024w, https:\/\/universiteactu.com\/wp-content\/uploads\/2023\/08\/20230804_165550-300x227.jpg 300w, https:\/\/universiteactu.com\/wp-content\/uploads\/2023\/08\/20230804_165550-768x581.jpg 768w, https:\/\/universiteactu.com\/wp-content\/uploads\/2023\/08\/20230804_165550-555x420.jpg 555w, https:\/\/universiteactu.com\/wp-content\/uploads\/2023\/08\/20230804_165550-80x60.jpg 80w, https:\/\/universiteactu.com\/wp-content\/uploads\/2023\/08\/20230804_165550-100x75.jpg 100w, https:\/\/universiteactu.com\/wp-content\/uploads\/2023\/08\/20230804_165550-180x135.jpg 180w, https:\/\/universiteactu.com\/wp-content\/uploads\/2023\/08\/20230804_165550-640x484.jpg 640w, https:\/\/universiteactu.com\/wp-content\/uploads\/2023\/08\/20230804_165550-681x515.jpg 681w, https:\/\/universiteactu.com\/wp-content\/uploads\/2023\/08\/20230804_165550.jpg 1427w\" sizes=\"(max-width: 1024px) 100vw, 1024px\" \/><\/figure>\n\n\n\n<figure class=\"wp-block-image size-large\"><img decoding=\"async\" loading=\"lazy\" width=\"1024\" height=\"759\" src=\"http:\/\/universiteactu.com\/wp-content\/uploads\/2023\/08\/20230804_171539-1024x759.jpg\" alt=\"\" class=\"wp-image-22357\" srcset=\"https:\/\/universiteactu.com\/wp-content\/uploads\/2023\/08\/20230804_171539-1024x759.jpg 1024w, https:\/\/universiteactu.com\/wp-content\/uploads\/2023\/08\/20230804_171539-300x222.jpg 300w, https:\/\/universiteactu.com\/wp-content\/uploads\/2023\/08\/20230804_171539-768x569.jpg 768w, https:\/\/universiteactu.com\/wp-content\/uploads\/2023\/08\/20230804_171539-567x420.jpg 567w, https:\/\/universiteactu.com\/wp-content\/uploads\/2023\/08\/20230804_171539-80x60.jpg 80w, https:\/\/universiteactu.com\/wp-content\/uploads\/2023\/08\/20230804_171539-100x75.jpg 100w, https:\/\/universiteactu.com\/wp-content\/uploads\/2023\/08\/20230804_171539-640x474.jpg 640w, https:\/\/universiteactu.com\/wp-content\/uploads\/2023\/08\/20230804_171539-681x505.jpg 681w, https:\/\/universiteactu.com\/wp-content\/uploads\/2023\/08\/20230804_171539.jpg 1270w\" sizes=\"(max-width: 1024px) 100vw, 1024px\" \/><\/figure>\n\n\n\n<figure class=\"wp-block-image size-large\"><img decoding=\"async\" loading=\"lazy\" width=\"1024\" height=\"683\" src=\"http:\/\/universiteactu.com\/wp-content\/uploads\/2023\/08\/DSC_0088-1024x683.jpg\" alt=\"\" class=\"wp-image-22340\" srcset=\"https:\/\/universiteactu.com\/wp-content\/uploads\/2023\/08\/DSC_0088-1024x683.jpg 1024w, https:\/\/universiteactu.com\/wp-content\/uploads\/2023\/08\/DSC_0088-300x200.jpg 300w, https:\/\/universiteactu.com\/wp-content\/uploads\/2023\/08\/DSC_0088-768x512.jpg 768w, https:\/\/universiteactu.com\/wp-content\/uploads\/2023\/08\/DSC_0088-1536x1024.jpg 1536w, https:\/\/universiteactu.com\/wp-content\/uploads\/2023\/08\/DSC_0088-630x420.jpg 630w, https:\/\/universiteactu.com\/wp-content\/uploads\/2023\/08\/DSC_0088-640x427.jpg 640w, https:\/\/universiteactu.com\/wp-content\/uploads\/2023\/08\/DSC_0088-681x454.jpg 681w, https:\/\/universiteactu.com\/wp-content\/uploads\/2023\/08\/DSC_0088.jpg 1620w\" sizes=\"(max-width: 1024px) 100vw, 1024px\" \/><\/figure>\n\n\n\n<figure class=\"wp-block-image size-large\"><img decoding=\"async\" loading=\"lazy\" width=\"1024\" height=\"683\" src=\"http:\/\/universiteactu.com\/wp-content\/uploads\/2023\/08\/DSC_0140-1024x683.jpg\" alt=\"\" class=\"wp-image-22331\" srcset=\"https:\/\/universiteactu.com\/wp-content\/uploads\/2023\/08\/DSC_0140-1024x683.jpg 1024w, https:\/\/universiteactu.com\/wp-content\/uploads\/2023\/08\/DSC_0140-300x200.jpg 300w, https:\/\/universiteactu.com\/wp-content\/uploads\/2023\/08\/DSC_0140-768x512.jpg 768w, https:\/\/universiteactu.com\/wp-content\/uploads\/2023\/08\/DSC_0140-1536x1024.jpg 1536w, https:\/\/universiteactu.com\/wp-content\/uploads\/2023\/08\/DSC_0140-630x420.jpg 630w, https:\/\/universiteactu.com\/wp-content\/uploads\/2023\/08\/DSC_0140-640x427.jpg 640w, https:\/\/universiteactu.com\/wp-content\/uploads\/2023\/08\/DSC_0140-681x454.jpg 681w, https:\/\/universiteactu.com\/wp-content\/uploads\/2023\/08\/DSC_0140.jpg 1620w\" sizes=\"(max-width: 1024px) 100vw, 1024px\" \/><\/figure>\n\n\n\n<figure class=\"wp-block-image size-large\"><img decoding=\"async\" loading=\"lazy\" width=\"1024\" height=\"683\" src=\"http:\/\/universiteactu.com\/wp-content\/uploads\/2023\/08\/DSC_0016-1024x683.jpg\" alt=\"\" class=\"wp-image-22351\" srcset=\"https:\/\/universiteactu.com\/wp-content\/uploads\/2023\/08\/DSC_0016-1024x683.jpg 1024w, https:\/\/universiteactu.com\/wp-content\/uploads\/2023\/08\/DSC_0016-300x200.jpg 300w, https:\/\/universiteactu.com\/wp-content\/uploads\/2023\/08\/DSC_0016-768x512.jpg 768w, https:\/\/universiteactu.com\/wp-content\/uploads\/2023\/08\/DSC_0016-1536x1024.jpg 1536w, https:\/\/universiteactu.com\/wp-content\/uploads\/2023\/08\/DSC_0016-630x420.jpg 630w, https:\/\/universiteactu.com\/wp-content\/uploads\/2023\/08\/DSC_0016-640x427.jpg 640w, https:\/\/universiteactu.com\/wp-content\/uploads\/2023\/08\/DSC_0016-681x454.jpg 681w, https:\/\/universiteactu.com\/wp-content\/uploads\/2023\/08\/DSC_0016.jpg 1620w\" sizes=\"(max-width: 1024px) 100vw, 1024px\" \/><\/figure>\n\n\n\n<figure class=\"wp-block-image size-large\"><img decoding=\"async\" loading=\"lazy\" width=\"1024\" height=\"683\" src=\"http:\/\/universiteactu.com\/wp-content\/uploads\/2023\/08\/DSC_0101-1024x683.jpg\" alt=\"\" class=\"wp-image-22358\" srcset=\"https:\/\/universiteactu.com\/wp-content\/uploads\/2023\/08\/DSC_0101-1024x683.jpg 1024w, https:\/\/universiteactu.com\/wp-content\/uploads\/2023\/08\/DSC_0101-300x200.jpg 300w, https:\/\/universiteactu.com\/wp-content\/uploads\/2023\/08\/DSC_0101-768x512.jpg 768w, https:\/\/universiteactu.com\/wp-content\/uploads\/2023\/08\/DSC_0101-1536x1024.jpg 1536w, https:\/\/universiteactu.com\/wp-content\/uploads\/2023\/08\/DSC_0101-630x420.jpg 630w, https:\/\/universiteactu.com\/wp-content\/uploads\/2023\/08\/DSC_0101-640x427.jpg 640w, https:\/\/universiteactu.com\/wp-content\/uploads\/2023\/08\/DSC_0101-681x454.jpg 681w, https:\/\/universiteactu.com\/wp-content\/uploads\/2023\/08\/DSC_0101.jpg 1620w\" sizes=\"(max-width: 1024px) 100vw, 1024px\" \/><\/figure>\n\n\n\n<figure class=\"wp-block-image size-large\"><img decoding=\"async\" loading=\"lazy\" width=\"1024\" height=\"683\" src=\"http:\/\/universiteactu.com\/wp-content\/uploads\/2023\/08\/DSC_0022-2-1024x683.jpg\" alt=\"\" class=\"wp-image-22349\" srcset=\"https:\/\/universiteactu.com\/wp-content\/uploads\/2023\/08\/DSC_0022-2-1024x683.jpg 1024w, https:\/\/universiteactu.com\/wp-content\/uploads\/2023\/08\/DSC_0022-2-300x200.jpg 300w, https:\/\/universiteactu.com\/wp-content\/uploads\/2023\/08\/DSC_0022-2-768x512.jpg 768w, https:\/\/universiteactu.com\/wp-content\/uploads\/2023\/08\/DSC_0022-2-1536x1024.jpg 1536w, https:\/\/universiteactu.com\/wp-content\/uploads\/2023\/08\/DSC_0022-2-630x420.jpg 630w, https:\/\/universiteactu.com\/wp-content\/uploads\/2023\/08\/DSC_0022-2-640x427.jpg 640w, https:\/\/universiteactu.com\/wp-content\/uploads\/2023\/08\/DSC_0022-2-681x454.jpg 681w, https:\/\/universiteactu.com\/wp-content\/uploads\/2023\/08\/DSC_0022-2.jpg 1620w\" sizes=\"(max-width: 1024px) 100vw, 1024px\" \/><\/figure>\n\n\n\n<figure class=\"wp-block-image size-large\"><img decoding=\"async\" loading=\"lazy\" width=\"1024\" height=\"683\" src=\"http:\/\/universiteactu.com\/wp-content\/uploads\/2023\/08\/DSC_0078-1024x683.jpg\" alt=\"\" class=\"wp-image-22343\" srcset=\"https:\/\/universiteactu.com\/wp-content\/uploads\/2023\/08\/DSC_0078-1024x683.jpg 1024w, https:\/\/universiteactu.com\/wp-content\/uploads\/2023\/08\/DSC_0078-300x200.jpg 300w, https:\/\/universiteactu.com\/wp-content\/uploads\/2023\/08\/DSC_0078-768x512.jpg 768w, https:\/\/universiteactu.com\/wp-content\/uploads\/2023\/08\/DSC_0078-1536x1024.jpg 1536w, https:\/\/universiteactu.com\/wp-content\/uploads\/2023\/08\/DSC_0078-630x420.jpg 630w, https:\/\/universiteactu.com\/wp-content\/uploads\/2023\/08\/DSC_0078-640x427.jpg 640w, https:\/\/universiteactu.com\/wp-content\/uploads\/2023\/08\/DSC_0078-681x454.jpg 681w, https:\/\/universiteactu.com\/wp-content\/uploads\/2023\/08\/DSC_0078.jpg 1620w\" sizes=\"(max-width: 1024px) 100vw, 1024px\" \/><\/figure>\n\n\n\n<figure class=\"wp-block-image size-large\"><img decoding=\"async\" loading=\"lazy\" width=\"1024\" height=\"683\" src=\"http:\/\/universiteactu.com\/wp-content\/uploads\/2023\/08\/DSC_0128-1024x683.jpg\" alt=\"\" class=\"wp-image-22336\" srcset=\"https:\/\/universiteactu.com\/wp-content\/uploads\/2023\/08\/DSC_0128-1024x683.jpg 1024w, https:\/\/universiteactu.com\/wp-content\/uploads\/2023\/08\/DSC_0128-300x200.jpg 300w, https:\/\/universiteactu.com\/wp-content\/uploads\/2023\/08\/DSC_0128-768x512.jpg 768w, https:\/\/universiteactu.com\/wp-content\/uploads\/2023\/08\/DSC_0128-1536x1024.jpg 1536w, https:\/\/universiteactu.com\/wp-content\/uploads\/2023\/08\/DSC_0128-630x420.jpg 630w, https:\/\/universiteactu.com\/wp-content\/uploads\/2023\/08\/DSC_0128-640x427.jpg 640w, https:\/\/universiteactu.com\/wp-content\/uploads\/2023\/08\/DSC_0128-681x454.jpg 681w, https:\/\/universiteactu.com\/wp-content\/uploads\/2023\/08\/DSC_0128.jpg 1620w\" sizes=\"(max-width: 1024px) 100vw, 1024px\" \/><\/figure>\n\n\n\n<figure class=\"wp-block-image size-large\"><img decoding=\"async\" loading=\"lazy\" width=\"1024\" height=\"683\" src=\"http:\/\/universiteactu.com\/wp-content\/uploads\/2023\/08\/DSC_0015-1024x683.jpg\" alt=\"\" class=\"wp-image-22352\" srcset=\"https:\/\/universiteactu.com\/wp-content\/uploads\/2023\/08\/DSC_0015-1024x683.jpg 1024w, https:\/\/universiteactu.com\/wp-content\/uploads\/2023\/08\/DSC_0015-300x200.jpg 300w, https:\/\/universiteactu.com\/wp-content\/uploads\/2023\/08\/DSC_0015-768x512.jpg 768w, https:\/\/universiteactu.com\/wp-content\/uploads\/2023\/08\/DSC_0015-1536x1024.jpg 1536w, https:\/\/universiteactu.com\/wp-content\/uploads\/2023\/08\/DSC_0015-630x420.jpg 630w, https:\/\/universiteactu.com\/wp-content\/uploads\/2023\/08\/DSC_0015-640x427.jpg 640w, https:\/\/universiteactu.com\/wp-content\/uploads\/2023\/08\/DSC_0015-681x454.jpg 681w, https:\/\/universiteactu.com\/wp-content\/uploads\/2023\/08\/DSC_0015.jpg 1620w\" sizes=\"(max-width: 1024px) 100vw, 1024px\" \/><\/figure>\n\n\n\n<figure class=\"wp-block-image size-large\"><img decoding=\"async\" loading=\"lazy\" width=\"1024\" height=\"960\" src=\"http:\/\/universiteactu.com\/wp-content\/uploads\/2023\/08\/20230804_165702-1024x960.jpg\" alt=\"\" class=\"wp-image-22337\" srcset=\"https:\/\/universiteactu.com\/wp-content\/uploads\/2023\/08\/20230804_165702-1024x960.jpg 1024w, https:\/\/universiteactu.com\/wp-content\/uploads\/2023\/08\/20230804_165702-300x281.jpg 300w, https:\/\/universiteactu.com\/wp-content\/uploads\/2023\/08\/20230804_165702-768x720.jpg 768w, https:\/\/universiteactu.com\/wp-content\/uploads\/2023\/08\/20230804_165702-448x420.jpg 448w, https:\/\/universiteactu.com\/wp-content\/uploads\/2023\/08\/20230804_165702-640x600.jpg 640w, https:\/\/universiteactu.com\/wp-content\/uploads\/2023\/08\/20230804_165702-681x638.jpg 681w, https:\/\/universiteactu.com\/wp-content\/uploads\/2023\/08\/20230804_165702.jpg 1152w\" sizes=\"(max-width: 1024px) 100vw, 1024px\" \/><\/figure>\n\n\n\n<figure class=\"wp-block-image size-large\"><img decoding=\"async\" loading=\"lazy\" width=\"1024\" height=\"683\" src=\"http:\/\/universiteactu.com\/wp-content\/uploads\/2023\/08\/FB_IMG_1691166225180-1024x683.jpg\" alt=\"\" class=\"wp-image-22311\" srcset=\"https:\/\/universiteactu.com\/wp-content\/uploads\/2023\/08\/FB_IMG_1691166225180-1024x683.jpg 1024w, https:\/\/universiteactu.com\/wp-content\/uploads\/2023\/08\/FB_IMG_1691166225180-300x200.jpg 300w, https:\/\/universiteactu.com\/wp-content\/uploads\/2023\/08\/FB_IMG_1691166225180-768x512.jpg 768w, https:\/\/universiteactu.com\/wp-content\/uploads\/2023\/08\/FB_IMG_1691166225180-629x420.jpg 629w, https:\/\/universiteactu.com\/wp-content\/uploads\/2023\/08\/FB_IMG_1691166225180-640x427.jpg 640w, https:\/\/universiteactu.com\/wp-content\/uploads\/2023\/08\/FB_IMG_1691166225180-681x454.jpg 681w, https:\/\/universiteactu.com\/wp-content\/uploads\/2023\/08\/FB_IMG_1691166225180.jpg 1079w\" sizes=\"(max-width: 1024px) 100vw, 1024px\" \/><\/figure>\n\n\n\n<figure class=\"wp-block-image size-large\"><img decoding=\"async\" loading=\"lazy\" width=\"1024\" height=\"683\" src=\"http:\/\/universiteactu.com\/wp-content\/uploads\/2023\/08\/FB_IMG_1691166167641-1024x683.jpg\" alt=\"\" class=\"wp-image-22316\" srcset=\"https:\/\/universiteactu.com\/wp-content\/uploads\/2023\/08\/FB_IMG_1691166167641-1024x683.jpg 1024w, https:\/\/universiteactu.com\/wp-content\/uploads\/2023\/08\/FB_IMG_1691166167641-300x200.jpg 300w, https:\/\/universiteactu.com\/wp-content\/uploads\/2023\/08\/FB_IMG_1691166167641-768x512.jpg 768w, https:\/\/universiteactu.com\/wp-content\/uploads\/2023\/08\/FB_IMG_1691166167641-629x420.jpg 629w, https:\/\/universiteactu.com\/wp-content\/uploads\/2023\/08\/FB_IMG_1691166167641-640x427.jpg 640w, https:\/\/universiteactu.com\/wp-content\/uploads\/2023\/08\/FB_IMG_1691166167641-681x454.jpg 681w, https:\/\/universiteactu.com\/wp-content\/uploads\/2023\/08\/FB_IMG_1691166167641.jpg 1079w\" sizes=\"(max-width: 1024px) 100vw, 1024px\" \/><\/figure>\n\n\n\n<figure class=\"wp-block-image size-large\"><img decoding=\"async\" loading=\"lazy\" width=\"1024\" height=\"683\" src=\"http:\/\/universiteactu.com\/wp-content\/uploads\/2023\/08\/FB_IMG_1691166273326-1024x683.jpg\" alt=\"\" class=\"wp-image-22320\" srcset=\"https:\/\/universiteactu.com\/wp-content\/uploads\/2023\/08\/FB_IMG_1691166273326-1024x683.jpg 1024w, https:\/\/universiteactu.com\/wp-content\/uploads\/2023\/08\/FB_IMG_1691166273326-300x200.jpg 300w, https:\/\/universiteactu.com\/wp-content\/uploads\/2023\/08\/FB_IMG_1691166273326-768x512.jpg 768w, https:\/\/universiteactu.com\/wp-content\/uploads\/2023\/08\/FB_IMG_1691166273326-629x420.jpg 629w, https:\/\/universiteactu.com\/wp-content\/uploads\/2023\/08\/FB_IMG_1691166273326-640x427.jpg 640w, https:\/\/universiteactu.com\/wp-content\/uploads\/2023\/08\/FB_IMG_1691166273326-681x454.jpg 681w, https:\/\/universiteactu.com\/wp-content\/uploads\/2023\/08\/FB_IMG_1691166273326.jpg 1079w\" sizes=\"(max-width: 1024px) 100vw, 1024px\" \/><\/figure>\n\n\n\n<figure class=\"wp-block-image size-large\"><img decoding=\"async\" loading=\"lazy\" width=\"1024\" height=\"683\" src=\"http:\/\/universiteactu.com\/wp-content\/uploads\/2023\/08\/FB_IMG_1691166379056-1024x683.jpg\" alt=\"\" class=\"wp-image-22305\" srcset=\"https:\/\/universiteactu.com\/wp-content\/uploads\/2023\/08\/FB_IMG_1691166379056-1024x683.jpg 1024w, https:\/\/universiteactu.com\/wp-content\/uploads\/2023\/08\/FB_IMG_1691166379056-300x200.jpg 300w, https:\/\/universiteactu.com\/wp-content\/uploads\/2023\/08\/FB_IMG_1691166379056-768x512.jpg 768w, https:\/\/universiteactu.com\/wp-content\/uploads\/2023\/08\/FB_IMG_1691166379056-629x420.jpg 629w, https:\/\/universiteactu.com\/wp-content\/uploads\/2023\/08\/FB_IMG_1691166379056-640x427.jpg 640w, https:\/\/universiteactu.com\/wp-content\/uploads\/2023\/08\/FB_IMG_1691166379056-681x454.jpg 681w, https:\/\/universiteactu.com\/wp-content\/uploads\/2023\/08\/FB_IMG_1691166379056.jpg 1079w\" sizes=\"(max-width: 1024px) 100vw, 1024px\" \/><\/figure>\n\n\n\n<figure class=\"wp-block-image size-large is-resized\"><img decoding=\"async\" loading=\"lazy\" src=\"http:\/\/universiteactu.com\/wp-content\/uploads\/2023\/08\/FB_IMG_1691166196403-683x1024.jpg\" alt=\"\" class=\"wp-image-22306\" width=\"845\" height=\"1267\" srcset=\"https:\/\/universiteactu.com\/wp-content\/uploads\/2023\/08\/FB_IMG_1691166196403-683x1024.jpg 683w, https:\/\/universiteactu.com\/wp-content\/uploads\/2023\/08\/FB_IMG_1691166196403-200x300.jpg 200w, https:\/\/universiteactu.com\/wp-content\/uploads\/2023\/08\/FB_IMG_1691166196403-768x1151.jpg 768w, https:\/\/universiteactu.com\/wp-content\/uploads\/2023\/08\/FB_IMG_1691166196403-1025x1536.jpg 1025w, https:\/\/universiteactu.com\/wp-content\/uploads\/2023\/08\/FB_IMG_1691166196403-280x420.jpg 280w, https:\/\/universiteactu.com\/wp-content\/uploads\/2023\/08\/FB_IMG_1691166196403-640x959.jpg 640w, https:\/\/universiteactu.com\/wp-content\/uploads\/2023\/08\/FB_IMG_1691166196403-681x1021.jpg 681w, https:\/\/universiteactu.com\/wp-content\/uploads\/2023\/08\/FB_IMG_1691166196403.jpg 1080w\" sizes=\"(max-width: 845px) 100vw, 845px\" \/><\/figure>\n\n\n\n<figure class=\"wp-block-image size-large\"><img decoding=\"async\" loading=\"lazy\" width=\"1024\" height=\"683\" src=\"http:\/\/universiteactu.com\/wp-content\/uploads\/2023\/08\/FB_IMG_1691166432255-1024x683.jpg\" alt=\"\" class=\"wp-image-22317\" srcset=\"https:\/\/universiteactu.com\/wp-content\/uploads\/2023\/08\/FB_IMG_1691166432255-1024x683.jpg 1024w, https:\/\/universiteactu.com\/wp-content\/uploads\/2023\/08\/FB_IMG_1691166432255-300x200.jpg 300w, https:\/\/universiteactu.com\/wp-content\/uploads\/2023\/08\/FB_IMG_1691166432255-768x512.jpg 768w, https:\/\/universiteactu.com\/wp-content\/uploads\/2023\/08\/FB_IMG_1691166432255-629x420.jpg 629w, https:\/\/universiteactu.com\/wp-content\/uploads\/2023\/08\/FB_IMG_1691166432255-640x427.jpg 640w, https:\/\/universiteactu.com\/wp-content\/uploads\/2023\/08\/FB_IMG_1691166432255-681x454.jpg 681w, https:\/\/universiteactu.com\/wp-content\/uploads\/2023\/08\/FB_IMG_1691166432255.jpg 1079w\" sizes=\"(max-width: 1024px) 100vw, 1024px\" \/><\/figure>\n\n\n\n<p>Cette rencontre a \u00e9t\u00e9 mise \u00e0 profit par la conf\u00e9rence des Recteurs et Directeurs G\u00e9n\u00e9raux des IES pour soumettre une dol\u00e9ance \u00e0 madame la Ministre, qui est celle d\u2019accepter que la remise de dipl\u00f4mes se fasse sur la premi\u00e8re quinzaine du mois de janvier 2024. Et, Madame la ministre, Dre Diaka SIDIBE, a accueilli cette dol\u00e9ance et a par ailleurs rappel\u00e9 qu\u2019il est imp\u00e9ratif que les institutions d\u2019enseignement sup\u00e9rieur puissent d\u00e9livrer une attestation de fin de cycle. Parce que selon elle, les \u00e9tudiants ne peuvent pas attendre 6 mois pour pouvoir \u00eatre en possession d\u2019un document qui leur permettrait de postuler \u00e0 des appels \u00e0 candidature. <\/p>\n\n\n\n<figure class=\"wp-block-image size-large\"><img decoding=\"async\" loading=\"lazy\" width=\"1024\" height=\"683\" src=\"http:\/\/universiteactu.com\/wp-content\/uploads\/2023\/08\/FB_IMG_1691166445396-1024x683.jpg\" alt=\"\" class=\"wp-image-22307\" srcset=\"https:\/\/universiteactu.com\/wp-content\/uploads\/2023\/08\/FB_IMG_1691166445396-1024x683.jpg 1024w, https:\/\/universiteactu.com\/wp-content\/uploads\/2023\/08\/FB_IMG_1691166445396-300x200.jpg 300w, https:\/\/universiteactu.com\/wp-content\/uploads\/2023\/08\/FB_IMG_1691166445396-768x512.jpg 768w, https:\/\/universiteactu.com\/wp-content\/uploads\/2023\/08\/FB_IMG_1691166445396-629x420.jpg 629w, https:\/\/universiteactu.com\/wp-content\/uploads\/2023\/08\/FB_IMG_1691166445396-640x427.jpg 640w, https:\/\/universiteactu.com\/wp-content\/uploads\/2023\/08\/FB_IMG_1691166445396-681x454.jpg 681w, https:\/\/universiteactu.com\/wp-content\/uploads\/2023\/08\/FB_IMG_1691166445396.jpg 1079w\" sizes=\"(max-width: 1024px) 100vw, 1024px\" \/><\/figure>\n\n\n\n<p>En terme de perspectives, notons l&rsquo;ouverture prochaine des orientations des bacheliers le 4 septembre 2023, qui seront d\u00e9sormais \u00e9largies \u00e0 l&rsquo;Institut Sup\u00e9rieur de Formation \u00e0 distance (ISFAD) et l&rsquo;Institut Sup\u00e9rieur de commerce et l&rsquo;Administration des Entreprises de Guin\u00e9e (ISCAEG).<\/p>\n\n\n\n<p><strong>Hawa Bah, pour Universiteactu.com<\/strong><\/p>\n","protected":false},"excerpt":{"rendered":"<p>La salle de conf\u00e9rence de l&rsquo;Universit\u00e9 Nongo Conakry (UNC) a servi de cadre, ce 04 ao\u00fbt 2023, au deuxi\u00e8me conseil de cabinet \u00e9largi aux Institutions d&rsquo;Enseignement Sup\u00e9rieurs, Institutions de Recherche Scientifique ainsi qu&rsquo;aux Centres de Documentation et d&rsquo;Information (IES\/IRS\/CDI). Une rencontre organis\u00e9e par le Minist\u00e8re de l&rsquo;Enseignement Sup\u00e9rieur, de la Recherche Scientifique et de l&rsquo;Innovation, [&hellip;]<\/p>\n","protected":false},"author":4,"featured_media":22314,"comment_status":"open","ping_status":"open","sticky":false,"template":"","format":"standard","meta":[],"categories":[9,17,2,13,7,6,8],"tags":[],"_links":{"self":[{"href":"https:\/\/universiteactu.com\/index.php?rest_route=\/wp\/v2\/posts\/22303"}],"collection":[{"href":"https:\/\/universiteactu.com\/index.php?rest_route=\/wp\/v2\/posts"}],"about":[{"href":"https:\/\/universiteactu.com\/index.php?rest_route=\/wp\/v2\/types\/post"}],"author":[{"embeddable":true,"href":"https:\/\/universiteactu.com\/index.php?rest_route=\/wp\/v2\/users\/4"}],"replies":[{"embeddable":true,"href":"https:\/\/universiteactu.com\/index.php?rest_route=%2Fwp%2Fv2%2Fcomments&post=22303"}],"version-history":[{"count":3,"href":"https:\/\/universiteactu.com\/index.php?rest_route=\/wp\/v2\/posts\/22303\/revisions"}],"predecessor-version":[{"id":22363,"href":"https:\/\/universiteactu.com\/index.php?rest_route=\/wp\/v2\/posts\/22303\/revisions\/22363"}],"wp:featuredmedia":[{"embeddable":true,"href":"https:\/\/universiteactu.com\/index.php?rest_route=\/wp\/v2\/media\/22314"}],"wp:attachment":[{"href":"https:\/\/universiteactu.com\/index.php?rest_route=%2Fwp%2Fv2%2Fmedia&parent=22303"}],"wp:term":[{"taxonomy":"category","embeddable":true,"href":"https:\/\/universiteactu.com\/index.php?rest_route=%2Fwp%2Fv2%2Fcategories&post=22303"},{"taxonomy":"post_tag","embeddable":true,"href":"https:\/\/universiteactu.com\/index.php?rest_route=%2Fwp%2Fv2%2Ftags&post=22303"}],"curies":[{"name":"wp","href":"https:\/\/api.w.org\/{rel}","templated":true}]}}