{"id":2025,"date":"2019-08-19T23:59:49","date_gmt":"2019-08-19T21:59:49","guid":{"rendered":"http:\/\/universiteactu.com\/?p=2025"},"modified":"2019-08-24T18:14:36","modified_gmt":"2019-08-24T16:14:36","slug":"%ef%bb%bfenseignement-superieur-orientations-en-faculte-de-medecine-en-guinee","status":"publish","type":"post","link":"https:\/\/universiteactu.com\/?p=2025","title":{"rendered":"\ufeffEnseignement sup\u00e9rieur: Orientations  en facult\u00e9 de m\u00e9decine en Guin\u00e9e"},"content":{"rendered":"\n<p><br><\/p>\n\n\n\n<p class=\"has-drop-cap\"><strong>Apr\u00e8s trois ann\u00e9es de suspension, la facult\u00e9 des sciences et techniques de la sant\u00e9, autrefois appel\u00e9e facult\u00e9 de m\u00e9decine, pourrait d\u00e8s cette ann\u00e9e rouvrir en Guin\u00e9e.<\/strong><\/p>\n\n\n\n<p>Cette facult\u00e9, au dire du ministre de\nl\u2019enseignement sup\u00e9rieur et de la recherche scientifique, avait \u00e9t\u00e9 ferm\u00e9e dans\nla dynamique d\u2019assainir le syst\u00e8me \u00e9ducatif.<\/p>\n\n\n\n<p>Et depuis quelques mois maintenant, des\nr\u00e9formes sont engag\u00e9es en vue d\u2019une \u00e9ventuelle possibilit\u00e9 de r\u00e9ouverture du\nd\u00e9partement aux nouveaux bacheliers.<\/p>\n\n\n\n<p>Joint \u00e0 cet effet, le directeur de la cellule\nde communication de la dite d\u00e9partement, a eu \u00e0 apporter des \u00e9claircissements.<\/p>\n\n\n\n<p>\u00ab&nbsp;<em>Les\nr\u00e9formes sont en cours au niveau de la facult\u00e9 des sciences et techniques de la\nsant\u00e9 et il y a d\u00e9j\u00e0 une commission en place qui est en train d\u2019\u00e9valuer l\u2019\u00e9tat\nd\u2019avancement des r\u00e9formes engag\u00e9es. Alors, le ministre avait dit que si les\nr\u00e9sultats sont concluants, on va orienter cette ann\u00e9e des \u00e9tudiants l\u00e0-bas avec\ndes crit\u00e8res de s\u00e9lection biens d\u00e9finis<\/em>&nbsp;\u00bb, a expliqu\u00e9 Diakariaou\nDiallo.<\/p>\n\n\n\n<p>Cependant, \u00e0 en croire notre\ninterlocuteur, le Minist\u00e8re n\u2019exclut pas aussi de sursoir \u00e0 cette mesure si\ntoutefois les r\u00e9sultats desdites r\u00e9formes, ne s\u2019av\u00e9raient pas satisfaisants.<\/p>\n\n\n\n<p>\u00ab&nbsp;<em>Si les r\u00e9sultats ne sont pas concluants, on sera oblig\u00e9 d\u2019attendre encore l\u2019ann\u00e9e \u00e0 venir avant d\u2019orienter des gens l\u00e0-bas<\/em>&nbsp;\u00bb, a-t-il pr\u00e9cis\u00e9.<\/p>\n\n\n\n<p>Alhassane Fofana<\/p>\n","protected":false},"excerpt":{"rendered":"<p>Apr\u00e8s trois ann\u00e9es de suspension, la facult\u00e9 des sciences et techniques de la sant\u00e9, autrefois appel\u00e9e facult\u00e9 de m\u00e9decine, pourrait d\u00e8s cette ann\u00e9e rouvrir en Guin\u00e9e. Cette facult\u00e9, au dire du ministre de l\u2019enseignement sup\u00e9rieur et de la recherche scientifique, avait \u00e9t\u00e9 ferm\u00e9e dans la dynamique d\u2019assainir le syst\u00e8me \u00e9ducatif. Et depuis quelques mois maintenant, [&hellip;]<\/p>\n","protected":false},"author":4,"featured_media":432,"comment_status":"open","ping_status":"open","sticky":false,"template":"","format":"standard","meta":[],"categories":[20,9,17,2,7,6,8],"tags":[],"_links":{"self":[{"href":"https:\/\/universiteactu.com\/index.php?rest_route=\/wp\/v2\/posts\/2025"}],"collection":[{"href":"https:\/\/universiteactu.com\/index.php?rest_route=\/wp\/v2\/posts"}],"about":[{"href":"https:\/\/universiteactu.com\/index.php?rest_route=\/wp\/v2\/types\/post"}],"author":[{"embeddable":true,"href":"https:\/\/universiteactu.com\/index.php?rest_route=\/wp\/v2\/users\/4"}],"replies":[{"embeddable":true,"href":"https:\/\/universiteactu.com\/index.php?rest_route=%2Fwp%2Fv2%2Fcomments&post=2025"}],"version-history":[{"count":2,"href":"https:\/\/universiteactu.com\/index.php?rest_route=\/wp\/v2\/posts\/2025\/revisions"}],"predecessor-version":[{"id":2065,"href":"https:\/\/universiteactu.com\/index.php?rest_route=\/wp\/v2\/posts\/2025\/revisions\/2065"}],"wp:featuredmedia":[{"embeddable":true,"href":"https:\/\/universiteactu.com\/index.php?rest_route=\/wp\/v2\/media\/432"}],"wp:attachment":[{"href":"https:\/\/universiteactu.com\/index.php?rest_route=%2Fwp%2Fv2%2Fmedia&parent=2025"}],"wp:term":[{"taxonomy":"category","embeddable":true,"href":"https:\/\/universiteactu.com\/index.php?rest_route=%2Fwp%2Fv2%2Fcategories&post=2025"},{"taxonomy":"post_tag","embeddable":true,"href":"https:\/\/universiteactu.com\/index.php?rest_route=%2Fwp%2Fv2%2Ftags&post=2025"}],"curies":[{"name":"wp","href":"https:\/\/api.w.org\/{rel}","templated":true}]}}