{"id":19897,"date":"2023-03-21T11:34:50","date_gmt":"2023-03-21T10:34:50","guid":{"rendered":"http:\/\/universiteactu.com\/?p=19897"},"modified":"2023-03-21T11:34:53","modified_gmt":"2023-03-21T10:34:53","slug":"etudiant-tue-a-hamdallaye-il-memorisait-aussi-le-coran-selon-son-pere","status":"publish","type":"post","link":"https:\/\/universiteactu.com\/?p=19897","title":{"rendered":"\u00c9tudiant tu\u00e9 \u00e0 Hamdallaye : \u00ab Il m\u00e9morisait aussi le Coran\u2026 \u00bb, selon son p\u00e8re"},"content":{"rendered":"\n<p class=\"has-drop-cap\">Mamadou Aliou BARRY, \u00e9tudiant en Droit licence 2 \u00e0 l\u2019universit\u00e9 g\u00e9n\u00e9ral Lansana Cont\u00e9 de Sonfonia, a \u00e9t\u00e9 tu\u00e9 par balle \u00e0 Hamdallaye, aux environs de 23 heures, dans la nuit du dimanche \u00e0 ce lundi 20 mars 2023.<\/p>\n\n\n\n<p>\u00c2g\u00e9 de 22 ans, il \u00e9tait l\u2019unique fils chez sa maman. Dans la famille de son oncle situ\u00e9e \u00e0 Sonfonia l\u00e0 o\u00f9 le corps du d\u00e9funt a \u00e9t\u00e9 envoy\u00e9 pour son l\u2019inhumation, l\u2019\u00e9motion est vive.&nbsp; Tristesse et d\u00e9solation se lisaient sur les visages des parents, proches et amis.<\/p>\n\n\n\n<p>Elhadj Mamoudou Mourcidi DIALLO, son oncle vivait avec cet \u00e9tudiant. C\u2019est un homme inconsolable que nous avons interrog\u00e9.&nbsp; Il a du mal \u00e0 trouver les mots pour expliquer les circonstances dans lesquelles, Mamadou Aliou BARRY est d\u00e9c\u00e9d\u00e9.<\/p>\n\n\n\n<p><strong><em>\u00ab\u00a0J\u2019ai deux concessions, l\u2019une se trouve \u00e0 Cimenterie, l\u2019autre \u00e0 Hamdallaye. Cette derni\u00e8re qui se trouve \u00e0 Hamdallaye doit \u00eatre r\u00e9nov\u00e9e. Donc, hier j\u2019ai envoy\u00e9 un ma\u00e7on pour faire les travaux. J\u2019ai appel\u00e9 Mamadou Aliou Barry pour l\u2019informer qu\u2019il y a un ma\u00e7on qui doit partir \u00e0 Hamdallaye pour changer les carreaux au niveau de la terrasse.\u00a0 Alors, le ma\u00e7on est parti le trouver l\u00e0-bas, ils ont travaill\u00e9 toute la journ\u00e9e. A 22 heures, il a dit \u00e0 sa tante qu\u2019il se rendait chez son ami pour veiller un peu. Donc, aux environs de 23 heures, il \u00e9tait assis avec ses amis devant un immeuble \u00e0 \u00e9tage au bord de la route.<\/em><\/strong><\/p>\n\n\n\n<p><em><strong>C\u2019est l\u00e0 que des gendarmes sont venus dans un pick-up. Ils ont tir\u00e9 deux fois. Mamadou Aliou Barry a \u00e9t\u00e9 touch\u00e9 \u00e0 la t\u00eate. Il est tomb\u00e9. Lorsque les gendarmes ont quitt\u00e9, ses amis sont venus le prendre pour l\u2019emmener \u00e0 l\u2019h\u00f4pital Jean-Paul 2. Mais, avant d\u2019arriver l\u00e0-bas il \u00e9tait d\u00e9j\u00e0 mort. Ses amis nous ont appel\u00e9s pour nous informer de sa mort. Quand nous sommes arriv\u00e9s \u00e0 l\u2019h\u00f4pital, les m\u00e9decins nous ont dit que c\u2019est un corps qu\u2019ils leur ont \u00e9t\u00e9 d\u00e9pos\u00e9, l\u00e0-bas. Apr\u00e8s l\u2019autopsie, ils nous ont remis le corps\u00a0\u00bb\u00a0<\/strong><\/em>a-t-il expliqu\u00e9 tout en pr\u00e9cisant que le d\u00e9funt va \u00eatre inhum\u00e9 dans l\u2019apr\u00e8s de lundi 20 mars.<\/p>\n\n\n\n<p>Mamadou Alpha BARRY est le p\u00e8re de la victime. Il t\u00e9moigne\u00a0:<em><strong>\u00a0\u00ab\u00a0C\u2019est ce matin qu\u2019on m\u2019a appel\u00e9 pour me dire que des gendarmes ont tir\u00e9 sur Mamadou Aliou Barry et il en est mort. C\u2019est une triste nouvelle m\u2019a beaucoup \u00e9tonn\u00e9 car il vivait avec son oncle depuis longtemps. Il aimait beaucoup les \u00e9tudes, apr\u00e8s, l\u2019universit\u00e9 il partait \u00e0 la mosqu\u00e9e de Hamdallaye pour m\u00e9moriser le Coran\u00a0\u00bb,<\/strong>\u00a0<\/em>a-t-il t\u00e9moign\u00e9<em>,<\/em>\u00a0affirmant qu\u2019il ne pardonnera pas celui qui a tu\u00e9 son fils.<\/p>\n\n\n\n<p>La famille de feu Mamadou Aliou annonce qu\u2019elle va se retrouver pour d\u00e9cider de porter plainte contre le bourreau de leur fils.<em><strong>\u00ab\u00a0Nous allons nous mobiliser pour voir si nous allons porter plainte ou pas. Mais, nous demandons aux autorit\u00e9s de retrouver la personne qui a tu\u00e9 mon fils\u00a0\u00bb\u00a0<\/strong><\/em>a ajout\u00e9 Mamadou Alpha BARRY<em>.<\/em><\/p>\n\n\n\n<p>Africaguinee<\/p>\n","protected":false},"excerpt":{"rendered":"<p>Mamadou Aliou BARRY, \u00e9tudiant en Droit licence 2 \u00e0 l\u2019universit\u00e9 g\u00e9n\u00e9ral Lansana Cont\u00e9 de Sonfonia, a \u00e9t\u00e9 tu\u00e9 par balle \u00e0 Hamdallaye, aux environs de 23 heures, dans la nuit du dimanche \u00e0 ce lundi 20 mars 2023. \u00c2g\u00e9 de 22 ans, il \u00e9tait l\u2019unique fils chez sa maman. Dans la famille de son oncle [&hellip;]<\/p>\n","protected":false},"author":4,"featured_media":19888,"comment_status":"open","ping_status":"open","sticky":false,"template":"","format":"standard","meta":[],"categories":[9,17,2,13,7,6,8],"tags":[],"_links":{"self":[{"href":"https:\/\/universiteactu.com\/index.php?rest_route=\/wp\/v2\/posts\/19897"}],"collection":[{"href":"https:\/\/universiteactu.com\/index.php?rest_route=\/wp\/v2\/posts"}],"about":[{"href":"https:\/\/universiteactu.com\/index.php?rest_route=\/wp\/v2\/types\/post"}],"author":[{"embeddable":true,"href":"https:\/\/universiteactu.com\/index.php?rest_route=\/wp\/v2\/users\/4"}],"replies":[{"embeddable":true,"href":"https:\/\/universiteactu.com\/index.php?rest_route=%2Fwp%2Fv2%2Fcomments&post=19897"}],"version-history":[{"count":1,"href":"https:\/\/universiteactu.com\/index.php?rest_route=\/wp\/v2\/posts\/19897\/revisions"}],"predecessor-version":[{"id":19898,"href":"https:\/\/universiteactu.com\/index.php?rest_route=\/wp\/v2\/posts\/19897\/revisions\/19898"}],"wp:featuredmedia":[{"embeddable":true,"href":"https:\/\/universiteactu.com\/index.php?rest_route=\/wp\/v2\/media\/19888"}],"wp:attachment":[{"href":"https:\/\/universiteactu.com\/index.php?rest_route=%2Fwp%2Fv2%2Fmedia&parent=19897"}],"wp:term":[{"taxonomy":"category","embeddable":true,"href":"https:\/\/universiteactu.com\/index.php?rest_route=%2Fwp%2Fv2%2Fcategories&post=19897"},{"taxonomy":"post_tag","embeddable":true,"href":"https:\/\/universiteactu.com\/index.php?rest_route=%2Fwp%2Fv2%2Ftags&post=19897"}],"curies":[{"name":"wp","href":"https:\/\/api.w.org\/{rel}","templated":true}]}}