{"id":1826,"date":"2019-07-31T11:57:39","date_gmt":"2019-07-31T09:57:39","guid":{"rendered":"http:\/\/universiteactu.com\/?p=1826"},"modified":"2019-07-31T11:57:40","modified_gmt":"2019-07-31T09:57:40","slug":"catastrophe-au-bepc-des-citoyens-craignent-le-pire-au-bac","status":"publish","type":"post","link":"https:\/\/universiteactu.com\/?p=1826","title":{"rendered":"Catastrophe au BEPC : Des citoyens craignent le pire au BAC\u2026"},"content":{"rendered":"\n<p><\/p>\n\n\n\n<p class=\"has-drop-cap\"><strong>Ce lundi, 29 juillet 2019, le minist\u00e8re de l\u2019\u00e9ducation nationale et de l\u2019alphab\u00e9tisation (MEN-A), a publi\u00e9 les r\u00e9sultats du BEPC session 2019. Le Brevet d\u2019Etudes du Premier Cycle affiche cette ann\u00e9e, un pourcentage d\u2019admission de 44,11%.<\/strong><\/p>\n\n\n\n<p>Ce mardi, 30 juillet, notre reporter a\ntendu son micro \u00e0 quelques citoyens de Conakry, la capitale guin\u00e9enne.<\/p>\n\n\n\n<p>Djogo Balde, dipl\u00f4m\u00e9 sans emploi, pointe\nune catastrophique. \u00ab&nbsp;Vraiment cette ann\u00e9e, les r\u00e9sultats ont \u00e9t\u00e9\ncatastrophiques. Apr\u00e8s les 44,46% \u00e0 l\u2019examen d\u2019entr\u00e9e en 7e ann\u00e9e, nous y voil\u00e0\navec 44,11% au Brevet d\u2019\u00e9tudes du premier cycle. C\u2019est vraiment\nd\u00e9plorable&nbsp;\u00bb, encha\u00eene-t-il.<\/p>\n\n\n\n<p>Mamoudou Koumbassa, p\u00e8re de famille, lui\nemboite le pas. \u00ab&nbsp;Un tel \u00e9chec est inacceptable. On ne comprend plus rien\ndans le syst\u00e8me \u00e9ducatif guin\u00e9en. Des enseignants organisent des\nmanifestations, ce, pendant que le gouvernement en g\u00e9n\u00e9ral et le MENA en\nparticulier, font la t\u00eate dure. Et puis apr\u00e8s tout, ce sont les candidats aux diff\u00e9rents\nexamens qui en paient les pots cass\u00e9s. C\u2019est injuste&nbsp;!&nbsp;\u00bb,\nd\u00e9nonce-t-il. \u00ab&nbsp;Il faut qu\u2019on arr\u00eate de faire souffrir les enfants.\nImaginez qu\u2019un candidat suive les cours durant neuf mois, qu\u2019il fasse des\nr\u00e9visions, que son sommeil se r\u00e9duise,\u2026 Avec toute cette souffrance, tous ces\nsoucis, des responsables de l\u2019\u00e9ducation nous disent qu\u2019ils ont besoin de tel ou\ntel nombre d\u2019amis, mais c\u2019est injuste, trop c\u2019est trop&nbsp;\u00bb, a ajout\u00e9 M.\nKoumbassa.<\/p>\n\n\n\n<p>Cet autre interlocuteur, Gabriel Tolno,\nlui, s\u2019interroge d\u00e9j\u00e0 sur le sort des candidats au Bac, apr\u00e8s l\u2019\u00e9chec constat\u00e9\n\u00e0 l\u2019entr\u00e9e en 7e ann\u00e9e et au BEPC. \u00ab&nbsp;Avec les pourcentages que nous venons\nde voir \u00e0 ces deux niveaux, je me demande quel sera le sort des candidats au\nBac ? Nous sommes pour le moment en de\u00e7\u00e0 de 50%. Alors, nous prions pour que\nDieu aide au moins ceux du Bac. La v\u00e9ritable formation ne se situe pas au\nniveau du nombre d\u2019admis, mais plut\u00f4t elle s\u2019acquiert \u00e0 travers des actes\npendant les cours m\u00eame\u2026&nbsp;\u00bb, a-t-il tranch\u00e9, visiblement agac\u00e9.<strong>&nbsp;<\/strong><\/p>\n\n\n\n<p><strong>SOW Telico<\/strong>,pour universiteactu.com<\/p>\n","protected":false},"excerpt":{"rendered":"<p>Ce lundi, 29 juillet 2019, le minist\u00e8re de l\u2019\u00e9ducation nationale et de l\u2019alphab\u00e9tisation (MEN-A), a publi\u00e9 les r\u00e9sultats du BEPC session 2019. Le Brevet d\u2019Etudes du Premier Cycle affiche cette ann\u00e9e, un pourcentage d\u2019admission de 44,11%. Ce mardi, 30 juillet, notre reporter a tendu son micro \u00e0 quelques citoyens de Conakry, la capitale guin\u00e9enne. Djogo [&hellip;]<\/p>\n","protected":false},"author":4,"featured_media":1395,"comment_status":"open","ping_status":"open","sticky":false,"template":"","format":"standard","meta":[],"categories":[23,17,2,24,21],"tags":[],"_links":{"self":[{"href":"https:\/\/universiteactu.com\/index.php?rest_route=\/wp\/v2\/posts\/1826"}],"collection":[{"href":"https:\/\/universiteactu.com\/index.php?rest_route=\/wp\/v2\/posts"}],"about":[{"href":"https:\/\/universiteactu.com\/index.php?rest_route=\/wp\/v2\/types\/post"}],"author":[{"embeddable":true,"href":"https:\/\/universiteactu.com\/index.php?rest_route=\/wp\/v2\/users\/4"}],"replies":[{"embeddable":true,"href":"https:\/\/universiteactu.com\/index.php?rest_route=%2Fwp%2Fv2%2Fcomments&post=1826"}],"version-history":[{"count":1,"href":"https:\/\/universiteactu.com\/index.php?rest_route=\/wp\/v2\/posts\/1826\/revisions"}],"predecessor-version":[{"id":1827,"href":"https:\/\/universiteactu.com\/index.php?rest_route=\/wp\/v2\/posts\/1826\/revisions\/1827"}],"wp:featuredmedia":[{"embeddable":true,"href":"https:\/\/universiteactu.com\/index.php?rest_route=\/wp\/v2\/media\/1395"}],"wp:attachment":[{"href":"https:\/\/universiteactu.com\/index.php?rest_route=%2Fwp%2Fv2%2Fmedia&parent=1826"}],"wp:term":[{"taxonomy":"category","embeddable":true,"href":"https:\/\/universiteactu.com\/index.php?rest_route=%2Fwp%2Fv2%2Fcategories&post=1826"},{"taxonomy":"post_tag","embeddable":true,"href":"https:\/\/universiteactu.com\/index.php?rest_route=%2Fwp%2Fv2%2Ftags&post=1826"}],"curies":[{"name":"wp","href":"https:\/\/api.w.org\/{rel}","templated":true}]}}