{"id":1775,"date":"2019-07-27T14:43:46","date_gmt":"2019-07-27T12:43:46","guid":{"rendered":"http:\/\/universiteactu.com\/?p=1775"},"modified":"2019-07-27T14:43:48","modified_gmt":"2019-07-27T12:43:48","slug":"feuilleton-aboubacar-soumah-mohamed-bangoura-et-kadiatou-bah-la-date-louverture-du-proces-est-fixee-le-31-juillet-2019-avocat","status":"publish","type":"post","link":"https:\/\/universiteactu.com\/?p=1775","title":{"rendered":"Feuilleton  Aboubacar Soumah ,Mohamed Bangoura et Kadiatou Bah: la date  l\u2019ouverture du proc\u00e8s est  fix\u00e9e le 31 juillet 2019 ( avocat )"},"content":{"rendered":"\n<p> <br><strong>Madame\u00a0 Kadiatou Bah, a finalement repris la citation directe adress\u00e9e au\u00a0 \u00a0secr\u00e9taire g\u00e9n\u00e9ral du SLECG, Aboubacar Soumah et \u00e0 son charg\u00e9 de communication Mohamed Bangoura\u00a0 \u00ab\u00a0Rom\u00e9o\u00a0\u00bb, qu\u2019elle poursuit pour diffamation et injures publiques.<\/strong><\/p>\n\n\n\n<figure class=\"wp-block-image\"><img decoding=\"async\" loading=\"lazy\" width=\"259\" height=\"194\" src=\"http:\/\/universiteactu.com\/wp-content\/uploads\/2019\/07\/romeo-1.jpg\" alt=\"\" class=\"wp-image-1622\" srcset=\"https:\/\/universiteactu.com\/wp-content\/uploads\/2019\/07\/romeo-1.jpg 259w, https:\/\/universiteactu.com\/wp-content\/uploads\/2019\/07\/romeo-1-80x60.jpg 80w, https:\/\/universiteactu.com\/wp-content\/uploads\/2019\/07\/romeo-1-100x75.jpg 100w, https:\/\/universiteactu.com\/wp-content\/uploads\/2019\/07\/romeo-1-180x135.jpg 180w, https:\/\/universiteactu.com\/wp-content\/uploads\/2019\/07\/romeo-1-238x178.jpg 238w\" sizes=\"(max-width: 259px) 100vw, 259px\" \/><\/figure>\n\n\n\n<p><br>La date pour l\u2019ouverture de ce proc\u00e8s, a \u00e9t\u00e9 fix\u00e9e au mercredi 31 juillet prochain, devant le tribunal de premi\u00e8re instance de Dixinn.<br>En attendant, l\u2019avocat des mis en cause, rassure que ses clients sont sereins dans cette affaire.<\/p>\n\n\n\n<figure class=\"wp-block-image\"><img decoding=\"async\" loading=\"lazy\" width=\"960\" height=\"540\" src=\"http:\/\/universiteactu.com\/wp-content\/uploads\/2019\/06\/received_441836639646218.jpeg\" alt=\"\" class=\"wp-image-1359\" srcset=\"https:\/\/universiteactu.com\/wp-content\/uploads\/2019\/06\/received_441836639646218.jpeg 960w, https:\/\/universiteactu.com\/wp-content\/uploads\/2019\/06\/received_441836639646218-300x169.jpeg 300w, https:\/\/universiteactu.com\/wp-content\/uploads\/2019\/06\/received_441836639646218-768x432.jpeg 768w, https:\/\/universiteactu.com\/wp-content\/uploads\/2019\/06\/received_441836639646218-747x420.jpeg 747w, https:\/\/universiteactu.com\/wp-content\/uploads\/2019\/06\/received_441836639646218-640x360.jpeg 640w, https:\/\/universiteactu.com\/wp-content\/uploads\/2019\/06\/received_441836639646218-681x383.jpeg 681w\" sizes=\"(max-width: 960px) 100vw, 960px\" \/><\/figure>\n\n\n\n<p><br>Rendez-vous le mercredi prochain, au TPI de Dixinn.<\/p>\n\n\n\n<p><br>Nous y reviendrons<\/p>\n\n\n\n<p><br><strong>SOW\u00a0 Telico<\/strong><br><\/p>\n","protected":false},"excerpt":{"rendered":"<p>Madame\u00a0 Kadiatou Bah, a finalement repris la citation directe adress\u00e9e au\u00a0 \u00a0secr\u00e9taire g\u00e9n\u00e9ral du SLECG, Aboubacar Soumah et \u00e0 son charg\u00e9 de communication Mohamed Bangoura\u00a0 \u00ab\u00a0Rom\u00e9o\u00a0\u00bb, qu\u2019elle poursuit pour diffamation et injures publiques. La date pour l\u2019ouverture de ce proc\u00e8s, a \u00e9t\u00e9 fix\u00e9e au mercredi 31 juillet prochain, devant le tribunal de premi\u00e8re instance de [&hellip;]<\/p>\n","protected":false},"author":4,"featured_media":1722,"comment_status":"open","ping_status":"open","sticky":false,"template":"","format":"standard","meta":[],"categories":[20,23,17,19,2,24,21,22],"tags":[],"_links":{"self":[{"href":"https:\/\/universiteactu.com\/index.php?rest_route=\/wp\/v2\/posts\/1775"}],"collection":[{"href":"https:\/\/universiteactu.com\/index.php?rest_route=\/wp\/v2\/posts"}],"about":[{"href":"https:\/\/universiteactu.com\/index.php?rest_route=\/wp\/v2\/types\/post"}],"author":[{"embeddable":true,"href":"https:\/\/universiteactu.com\/index.php?rest_route=\/wp\/v2\/users\/4"}],"replies":[{"embeddable":true,"href":"https:\/\/universiteactu.com\/index.php?rest_route=%2Fwp%2Fv2%2Fcomments&post=1775"}],"version-history":[{"count":1,"href":"https:\/\/universiteactu.com\/index.php?rest_route=\/wp\/v2\/posts\/1775\/revisions"}],"predecessor-version":[{"id":1776,"href":"https:\/\/universiteactu.com\/index.php?rest_route=\/wp\/v2\/posts\/1775\/revisions\/1776"}],"wp:featuredmedia":[{"embeddable":true,"href":"https:\/\/universiteactu.com\/index.php?rest_route=\/wp\/v2\/media\/1722"}],"wp:attachment":[{"href":"https:\/\/universiteactu.com\/index.php?rest_route=%2Fwp%2Fv2%2Fmedia&parent=1775"}],"wp:term":[{"taxonomy":"category","embeddable":true,"href":"https:\/\/universiteactu.com\/index.php?rest_route=%2Fwp%2Fv2%2Fcategories&post=1775"},{"taxonomy":"post_tag","embeddable":true,"href":"https:\/\/universiteactu.com\/index.php?rest_route=%2Fwp%2Fv2%2Ftags&post=1775"}],"curies":[{"name":"wp","href":"https:\/\/api.w.org\/{rel}","templated":true}]}}