{"id":17447,"date":"2022-10-29T00:18:50","date_gmt":"2022-10-28T22:18:50","guid":{"rendered":"https:\/\/universiteactu.com\/?p=17447"},"modified":"2022-10-29T00:18:52","modified_gmt":"2022-10-28T22:18:52","slug":"matam-formation-pedagogique-les-maitres-de-cp1-renforcent-leur-capacite","status":"publish","type":"post","link":"https:\/\/universiteactu.com\/?p=17447","title":{"rendered":"Matam\/Formation P\u00e9dagogique: Les ma\u00eetres de CP1 renforcent leur capacit\u00e9"},"content":{"rendered":"\n<p>La direction communale de l&rsquo;\u00e9ducation de Matam en collaboration avec la direction nationale de la formation continue a lanc\u00e9 la formation de 40 Enseignants ma\u00eetre du CP1 ce vendredi. Objectif, mieux outill\u00e9s ces ma\u00eetres de CP1 en formation p\u00e9dagogique  pour une ann\u00e9e scolaire r\u00e9ussie.<\/p>\n\n\n\n<figure class=\"wp-block-image size-large\"><img decoding=\"async\" loading=\"lazy\" width=\"1024\" height=\"592\" src=\"http:\/\/universiteactu.com\/wp-content\/uploads\/2022\/10\/20221028_212730-1024x592.jpg\" alt=\"\" class=\"wp-image-17453\" srcset=\"https:\/\/universiteactu.com\/wp-content\/uploads\/2022\/10\/20221028_212730-1024x592.jpg 1024w, https:\/\/universiteactu.com\/wp-content\/uploads\/2022\/10\/20221028_212730-300x174.jpg 300w, https:\/\/universiteactu.com\/wp-content\/uploads\/2022\/10\/20221028_212730-768x444.jpg 768w, https:\/\/universiteactu.com\/wp-content\/uploads\/2022\/10\/20221028_212730-1536x888.jpg 1536w, https:\/\/universiteactu.com\/wp-content\/uploads\/2022\/10\/20221028_212730-2048x1185.jpg 2048w, https:\/\/universiteactu.com\/wp-content\/uploads\/2022\/10\/20221028_212730-726x420.jpg 726w, https:\/\/universiteactu.com\/wp-content\/uploads\/2022\/10\/20221028_212730-640x370.jpg 640w, https:\/\/universiteactu.com\/wp-content\/uploads\/2022\/10\/20221028_212730-681x394.jpg 681w\" sizes=\"(max-width: 1024px) 100vw, 1024px\" \/><\/figure>\n\n\n\n<p>La s\u00e9quelle des \u00e9checs des Examens nationaux session 2022 reste toujours dans la m\u00e9moire des acteurs<br>du syst\u00e8me \u00e9ducatifs guin\u00e9en. Plusieurs raisons ont \u00e9t\u00e9 \u00e9voqu\u00e9s \u00e0 cet effet qui ont d&rsquo;ailleurs contribu\u00e9 \u00e0<br>l&rsquo;\u00e9chec des enfants. Pour \u00e9viter ces erreurs du pass\u00e9 le minist\u00e8re de l&rsquo;\u00e9ducation a engag\u00e9 plusieurs<br>r\u00e9formes notamment la formation des formateurs. C&rsquo;est dans cette dynamique que la direction<br>communale de l&rsquo;\u00e9ducation de Matam a lanc\u00e9 ce vendredi la formation de plusieurs Enseignants ma\u00eetres<br>du primaire.<\/p>\n\n\n\n<figure class=\"wp-block-image size-large\"><img decoding=\"async\" loading=\"lazy\" width=\"1024\" height=\"781\" src=\"http:\/\/universiteactu.com\/wp-content\/uploads\/2022\/10\/20221028_213443-1024x781.jpg\" alt=\"\" class=\"wp-image-17452\" srcset=\"https:\/\/universiteactu.com\/wp-content\/uploads\/2022\/10\/20221028_213443-1024x781.jpg 1024w, https:\/\/universiteactu.com\/wp-content\/uploads\/2022\/10\/20221028_213443-300x229.jpg 300w, https:\/\/universiteactu.com\/wp-content\/uploads\/2022\/10\/20221028_213443-768x586.jpg 768w, https:\/\/universiteactu.com\/wp-content\/uploads\/2022\/10\/20221028_213443-1536x1171.jpg 1536w, https:\/\/universiteactu.com\/wp-content\/uploads\/2022\/10\/20221028_213443-2048x1562.jpg 2048w, https:\/\/universiteactu.com\/wp-content\/uploads\/2022\/10\/20221028_213443-551x420.jpg 551w, https:\/\/universiteactu.com\/wp-content\/uploads\/2022\/10\/20221028_213443-80x60.jpg 80w, https:\/\/universiteactu.com\/wp-content\/uploads\/2022\/10\/20221028_213443-100x75.jpg 100w, https:\/\/universiteactu.com\/wp-content\/uploads\/2022\/10\/20221028_213443-640x488.jpg 640w, https:\/\/universiteactu.com\/wp-content\/uploads\/2022\/10\/20221028_213443-681x519.jpg 681w\" sizes=\"(max-width: 1024px) 100vw, 1024px\" \/><\/figure>\n\n\n\n<p><strong><em>\u00ab Objectif , c&rsquo;est d&rsquo;am\u00e9liorer la qualit\u00e9 de l&rsquo;enseignement d&rsquo;apprentissage dans nos \u00e9coles.<br>Comme vous le savez avec les r\u00e9sultats des examens, nous nous sommes rendus compte qu&rsquo;il a<br>beaucoup de faiblesse, au niveau du fran\u00e7ais, et de math\u00e9matiques quand nous avons observ\u00e9 les<br>copies. D&rsquo;o\u00f9 la n\u00e9cessit\u00e9 de cette remise \u00e0 niveau\u00bb, <\/em><\/strong>affirme Balla Fassou COND\u00c9 directeur national de la formation continue. <\/p>\n\n\n\n<figure class=\"wp-block-image size-large\"><img decoding=\"async\" loading=\"lazy\" width=\"1024\" height=\"686\" src=\"http:\/\/universiteactu.com\/wp-content\/uploads\/2022\/10\/20221028_212906-1-1024x686.jpg\" alt=\"\" class=\"wp-image-17446\" srcset=\"https:\/\/universiteactu.com\/wp-content\/uploads\/2022\/10\/20221028_212906-1-1024x686.jpg 1024w, https:\/\/universiteactu.com\/wp-content\/uploads\/2022\/10\/20221028_212906-1-300x201.jpg 300w, https:\/\/universiteactu.com\/wp-content\/uploads\/2022\/10\/20221028_212906-1-768x515.jpg 768w, https:\/\/universiteactu.com\/wp-content\/uploads\/2022\/10\/20221028_212906-1-1536x1029.jpg 1536w, https:\/\/universiteactu.com\/wp-content\/uploads\/2022\/10\/20221028_212906-1-2048x1372.jpg 2048w, https:\/\/universiteactu.com\/wp-content\/uploads\/2022\/10\/20221028_212906-1-627x420.jpg 627w, https:\/\/universiteactu.com\/wp-content\/uploads\/2022\/10\/20221028_212906-1-537x360.jpg 537w, https:\/\/universiteactu.com\/wp-content\/uploads\/2022\/10\/20221028_212906-1-640x429.jpg 640w, https:\/\/universiteactu.com\/wp-content\/uploads\/2022\/10\/20221028_212906-1-681x456.jpg 681w\" sizes=\"(max-width: 1024px) 100vw, 1024px\" \/><\/figure>\n\n\n\n<p><br>Apr\u00e8s les r\u00e9sultats de la session pr\u00e9c\u00e9dente jug\u00e9e apocalyptique par les observateurs, les autorit\u00e9s<br>\u00e9ducatives veulent mettre une bouch\u00e9e double afin d&rsquo;\u00e9viter les erreurs du pass\u00e9 pour une ann\u00e9e<br>scolaire r\u00e9ussie. <\/p>\n\n\n\n<figure class=\"wp-block-image size-large\"><img decoding=\"async\" loading=\"lazy\" width=\"1024\" height=\"813\" src=\"http:\/\/universiteactu.com\/wp-content\/uploads\/2022\/10\/20221028_213129-1-1024x813.jpg\" alt=\"\" class=\"wp-image-17449\" srcset=\"https:\/\/universiteactu.com\/wp-content\/uploads\/2022\/10\/20221028_213129-1-1024x813.jpg 1024w, https:\/\/universiteactu.com\/wp-content\/uploads\/2022\/10\/20221028_213129-1-300x238.jpg 300w, https:\/\/universiteactu.com\/wp-content\/uploads\/2022\/10\/20221028_213129-1-768x609.jpg 768w, https:\/\/universiteactu.com\/wp-content\/uploads\/2022\/10\/20221028_213129-1-1536x1219.jpg 1536w, https:\/\/universiteactu.com\/wp-content\/uploads\/2022\/10\/20221028_213129-1-2048x1625.jpg 2048w, https:\/\/universiteactu.com\/wp-content\/uploads\/2022\/10\/20221028_213129-1-529x420.jpg 529w, https:\/\/universiteactu.com\/wp-content\/uploads\/2022\/10\/20221028_213129-1-640x508.jpg 640w, https:\/\/universiteactu.com\/wp-content\/uploads\/2022\/10\/20221028_213129-1-681x540.jpg 681w\" sizes=\"(max-width: 1024px) 100vw, 1024px\" \/><\/figure>\n\n\n\n<p><strong><em>\u00ab Ce n&rsquo;est pas seulement au niveau des salles des examens qu&rsquo;il faut am\u00e9liorer la qualit\u00e9<br>de l&rsquo;enseignement apprentissage, il faut pr\u00e9parer plut\u00f4t un candidat admissible que de pr\u00e9parer un<br>candidat dans une classe d&rsquo;examen. C&rsquo;est pourquoi la formation l\u00e0 elle est continue. Le diagnostic fait<br>d\u00e9j\u00e0 au niveau des examens qui pousse n&rsquo;est ce pas les autorit\u00e9s a avoir une s\u00e9rie de formation \u00bb, <\/em><\/strong>martel Ibrahima 2 BARRY, Directeur Communal de l&rsquo;Education de Matam.<\/p>\n\n\n\n<figure class=\"wp-block-image size-large\"><img decoding=\"async\" loading=\"lazy\" width=\"1024\" height=\"696\" src=\"http:\/\/universiteactu.com\/wp-content\/uploads\/2022\/10\/20221028_213418-1-1024x696.jpg\" alt=\"\" class=\"wp-image-17448\" srcset=\"https:\/\/universiteactu.com\/wp-content\/uploads\/2022\/10\/20221028_213418-1-1024x696.jpg 1024w, https:\/\/universiteactu.com\/wp-content\/uploads\/2022\/10\/20221028_213418-1-300x204.jpg 300w, https:\/\/universiteactu.com\/wp-content\/uploads\/2022\/10\/20221028_213418-1-768x522.jpg 768w, https:\/\/universiteactu.com\/wp-content\/uploads\/2022\/10\/20221028_213418-1-1536x1043.jpg 1536w, https:\/\/universiteactu.com\/wp-content\/uploads\/2022\/10\/20221028_213418-1-2048x1391.jpg 2048w, https:\/\/universiteactu.com\/wp-content\/uploads\/2022\/10\/20221028_213418-1-618x420.jpg 618w, https:\/\/universiteactu.com\/wp-content\/uploads\/2022\/10\/20221028_213418-1-640x435.jpg 640w, https:\/\/universiteactu.com\/wp-content\/uploads\/2022\/10\/20221028_213418-1-681x463.jpg 681w\" sizes=\"(max-width: 1024px) 100vw, 1024px\" \/><\/figure>\n\n\n\n<p>Pendant dix jours, ces enseignants ma\u00eetre vont apprendre la p\u00e9dagogique active , la planification des<br>activit\u00e9s d&rsquo;encadrements, et du suivi rapproch\u00e9 des enfants en situation de classe. <\/p>\n\n\n\n<figure class=\"wp-block-image size-large\"><img decoding=\"async\" loading=\"lazy\" width=\"844\" height=\"1024\" src=\"http:\/\/universiteactu.com\/wp-content\/uploads\/2022\/10\/20221028_212823-1-844x1024.jpg\" alt=\"\" class=\"wp-image-17443\" srcset=\"https:\/\/universiteactu.com\/wp-content\/uploads\/2022\/10\/20221028_212823-1-844x1024.jpg 844w, https:\/\/universiteactu.com\/wp-content\/uploads\/2022\/10\/20221028_212823-1-247x300.jpg 247w, https:\/\/universiteactu.com\/wp-content\/uploads\/2022\/10\/20221028_212823-1-768x931.jpg 768w, https:\/\/universiteactu.com\/wp-content\/uploads\/2022\/10\/20221028_212823-1-1266x1536.jpg 1266w, https:\/\/universiteactu.com\/wp-content\/uploads\/2022\/10\/20221028_212823-1-346x420.jpg 346w, https:\/\/universiteactu.com\/wp-content\/uploads\/2022\/10\/20221028_212823-1-640x776.jpg 640w, https:\/\/universiteactu.com\/wp-content\/uploads\/2022\/10\/20221028_212823-1-681x826.jpg 681w, https:\/\/universiteactu.com\/wp-content\/uploads\/2022\/10\/20221028_212823-1.jpg 1579w\" sizes=\"(max-width: 844px) 100vw, 844px\" \/><\/figure>\n\n\n\n<p><strong><em>\u00ab Je suis tr\u00e8s heureuse. Parce que un enseignant, \u00e0 droit \u00e0 une formation \u00e0 chaque fois. Certainement avant mon arriv\u00e9e ici j&rsquo;ai beaucoup de lacunes peut-\u00eatre apr\u00e8s la formation, j&rsquo;esp\u00e8re relev\u00e9 le d\u00e9fi \u00bb, <\/em><\/strong>enthousiaste Salematou Ibrahima CAMARA, Enseignante \u00e0 l&rsquo;\u00c9cole \u00e9l\u00e9mentaire Alexandre BOURE.<\/p>\n\n\n\n<figure class=\"wp-block-image size-large\"><img decoding=\"async\" loading=\"lazy\" width=\"1024\" height=\"576\" src=\"http:\/\/universiteactu.com\/wp-content\/uploads\/2022\/10\/20221028_091004-1-1024x576.jpg\" alt=\"\" class=\"wp-image-17451\" srcset=\"https:\/\/universiteactu.com\/wp-content\/uploads\/2022\/10\/20221028_091004-1-1024x576.jpg 1024w, https:\/\/universiteactu.com\/wp-content\/uploads\/2022\/10\/20221028_091004-1-300x169.jpg 300w, https:\/\/universiteactu.com\/wp-content\/uploads\/2022\/10\/20221028_091004-1-768x432.jpg 768w, https:\/\/universiteactu.com\/wp-content\/uploads\/2022\/10\/20221028_091004-1-1536x864.jpg 1536w, https:\/\/universiteactu.com\/wp-content\/uploads\/2022\/10\/20221028_091004-1-2048x1152.jpg 2048w, https:\/\/universiteactu.com\/wp-content\/uploads\/2022\/10\/20221028_091004-1-747x420.jpg 747w, https:\/\/universiteactu.com\/wp-content\/uploads\/2022\/10\/20221028_091004-1-640x360.jpg 640w, https:\/\/universiteactu.com\/wp-content\/uploads\/2022\/10\/20221028_091004-1-681x383.jpg 681w\" sizes=\"(max-width: 1024px) 100vw, 1024px\" \/><\/figure>\n\n\n\n<p>Ils sont au total 40 enseignants ma\u00eetres venus de tous les quartiers de la Commune de Matam \u00e0 prendre<br>part \u00e0 cette formation remise \u00e0 niveau.<\/p>\n","protected":false},"excerpt":{"rendered":"<p>La direction communale de l&rsquo;\u00e9ducation de Matam en collaboration avec la direction nationale de la formation continue a lanc\u00e9 la formation de 40 Enseignants ma\u00eetre du CP1 ce vendredi. Objectif, mieux outill\u00e9s ces ma\u00eetres de CP1 en formation p\u00e9dagogique pour une ann\u00e9e scolaire r\u00e9ussie. La s\u00e9quelle des \u00e9checs des Examens nationaux session 2022 reste toujours [&hellip;]<\/p>\n","protected":false},"author":4,"featured_media":17454,"comment_status":"open","ping_status":"open","sticky":false,"template":"","format":"standard","meta":[],"categories":[23,2,24,21,22],"tags":[],"_links":{"self":[{"href":"https:\/\/universiteactu.com\/index.php?rest_route=\/wp\/v2\/posts\/17447"}],"collection":[{"href":"https:\/\/universiteactu.com\/index.php?rest_route=\/wp\/v2\/posts"}],"about":[{"href":"https:\/\/universiteactu.com\/index.php?rest_route=\/wp\/v2\/types\/post"}],"author":[{"embeddable":true,"href":"https:\/\/universiteactu.com\/index.php?rest_route=\/wp\/v2\/users\/4"}],"replies":[{"embeddable":true,"href":"https:\/\/universiteactu.com\/index.php?rest_route=%2Fwp%2Fv2%2Fcomments&post=17447"}],"version-history":[{"count":1,"href":"https:\/\/universiteactu.com\/index.php?rest_route=\/wp\/v2\/posts\/17447\/revisions"}],"predecessor-version":[{"id":17455,"href":"https:\/\/universiteactu.com\/index.php?rest_route=\/wp\/v2\/posts\/17447\/revisions\/17455"}],"wp:featuredmedia":[{"embeddable":true,"href":"https:\/\/universiteactu.com\/index.php?rest_route=\/wp\/v2\/media\/17454"}],"wp:attachment":[{"href":"https:\/\/universiteactu.com\/index.php?rest_route=%2Fwp%2Fv2%2Fmedia&parent=17447"}],"wp:term":[{"taxonomy":"category","embeddable":true,"href":"https:\/\/universiteactu.com\/index.php?rest_route=%2Fwp%2Fv2%2Fcategories&post=17447"},{"taxonomy":"post_tag","embeddable":true,"href":"https:\/\/universiteactu.com\/index.php?rest_route=%2Fwp%2Fv2%2Ftags&post=17447"}],"curies":[{"name":"wp","href":"https:\/\/api.w.org\/{rel}","templated":true}]}}