{"id":16741,"date":"2022-09-07T17:09:12","date_gmt":"2022-09-07T15:09:12","guid":{"rendered":"http:\/\/universiteactu.com\/?p=16741"},"modified":"2022-09-07T17:09:15","modified_gmt":"2022-09-07T15:09:15","slug":"maison-des-jeunes-de-coleah-le-dce-de-matam-recoit-les-cadres-de-sa-juridiction","status":"publish","type":"post","link":"https:\/\/universiteactu.com\/?p=16741","title":{"rendered":"Maison des jeunes de Col\u00e8ah : Le DCE de Matam re\u00e7oit les cadres de sa juridiction"},"content":{"rendered":"\n<p class=\"has-drop-cap\">Dans la journ\u00e9e de ce mardi 6 septembre, le Directeur Communal de l&rsquo;\u00c9ducation de Matam a re\u00e7u \u00e0 la maison des jeunes de Col\u00e8ah, les cadres de sa Direction, les DSE mais aussi les Directeurs d&rsquo;\u00c9coles et chef d&rsquo;\u00c9tablissements de cette commune.<\/p>\n\n\n\n<figure class=\"wp-block-image size-full is-resized\"><img decoding=\"async\" loading=\"lazy\" src=\"http:\/\/universiteactu.com\/wp-content\/uploads\/2022\/09\/20220907_142205.jpg\" alt=\"\" class=\"wp-image-16743\" width=\"837\" height=\"912\" srcset=\"https:\/\/universiteactu.com\/wp-content\/uploads\/2022\/09\/20220907_142205.jpg 750w, https:\/\/universiteactu.com\/wp-content\/uploads\/2022\/09\/20220907_142205-275x300.jpg 275w, https:\/\/universiteactu.com\/wp-content\/uploads\/2022\/09\/20220907_142205-386x420.jpg 386w, https:\/\/universiteactu.com\/wp-content\/uploads\/2022\/09\/20220907_142205-640x697.jpg 640w, https:\/\/universiteactu.com\/wp-content\/uploads\/2022\/09\/20220907_142205-681x742.jpg 681w\" sizes=\"(max-width: 837px) 100vw, 837px\" \/><\/figure>\n\n\n\n<p>Le Directeur Communal de Matam a mis cette occasion \u00e0 profit pour donner de larges informations sur le d\u00e9ploiement, les effectifs pr\u00e9visionnels, les groupes p\u00e9dagogiques, les classes interm\u00e9diaires et d&rsquo;Examen.<\/p>\n\n\n\n<figure class=\"wp-block-image size-full is-resized\"><img decoding=\"async\" loading=\"lazy\" src=\"http:\/\/universiteactu.com\/wp-content\/uploads\/2022\/09\/20220907_142214.jpg\" alt=\"\" class=\"wp-image-16744\" width=\"827\" height=\"841\" srcset=\"https:\/\/universiteactu.com\/wp-content\/uploads\/2022\/09\/20220907_142214.jpg 750w, https:\/\/universiteactu.com\/wp-content\/uploads\/2022\/09\/20220907_142214-295x300.jpg 295w, https:\/\/universiteactu.com\/wp-content\/uploads\/2022\/09\/20220907_142214-413x420.jpg 413w, https:\/\/universiteactu.com\/wp-content\/uploads\/2022\/09\/20220907_142214-640x651.jpg 640w, https:\/\/universiteactu.com\/wp-content\/uploads\/2022\/09\/20220907_142214-681x693.jpg 681w\" sizes=\"(max-width: 827px) 100vw, 827px\" \/><\/figure>\n\n\n\n<p>Il est \u00e9galement revenu, en long et en large sur la vision de refondation du syst\u00e8me \u00c9ducatif guin\u00e9en pr\u00f4n\u00e9e par le Pr\u00e9sident de la R\u00e9publique et mise en \u0153uvre par le ministre Guillaume HAWING.<\/p>\n\n\n\n<figure class=\"wp-block-image size-full is-resized\"><img decoding=\"async\" loading=\"lazy\" src=\"http:\/\/universiteactu.com\/wp-content\/uploads\/2022\/09\/20220907_142155.jpg\" alt=\"\" class=\"wp-image-16745\" width=\"831\" height=\"982\" srcset=\"https:\/\/universiteactu.com\/wp-content\/uploads\/2022\/09\/20220907_142155.jpg 750w, https:\/\/universiteactu.com\/wp-content\/uploads\/2022\/09\/20220907_142155-254x300.jpg 254w, https:\/\/universiteactu.com\/wp-content\/uploads\/2022\/09\/20220907_142155-356x420.jpg 356w, https:\/\/universiteactu.com\/wp-content\/uploads\/2022\/09\/20220907_142155-640x756.jpg 640w, https:\/\/universiteactu.com\/wp-content\/uploads\/2022\/09\/20220907_142155-681x804.jpg 681w\" sizes=\"(max-width: 831px) 100vw, 831px\" \/><\/figure>\n\n\n\n<p>La rencontre qui s&rsquo;est achev\u00e9e sur de meilleures notes de part et d&rsquo;autre, a aussi connu l&rsquo;adoption d&rsquo;une journ\u00e9e communale d\u00e9sormais consacr\u00e9e au nettoyage de toutes les concessions Scolaires de la commune. Le jour retenu est le jeudi prochain, de 9h \u00e0 13h.<\/p>\n","protected":false},"excerpt":{"rendered":"<p>Dans la journ\u00e9e de ce mardi 6 septembre, le Directeur Communal de l&rsquo;\u00c9ducation de Matam a re\u00e7u \u00e0 la maison des jeunes de Col\u00e8ah, les cadres de sa Direction, les DSE mais aussi les Directeurs d&rsquo;\u00c9coles et chef d&rsquo;\u00c9tablissements de cette commune. Le Directeur Communal de Matam a mis cette occasion \u00e0 profit pour donner [&hellip;]<\/p>\n","protected":false},"author":4,"featured_media":16746,"comment_status":"open","ping_status":"open","sticky":false,"template":"","format":"standard","meta":[],"categories":[1],"tags":[],"_links":{"self":[{"href":"https:\/\/universiteactu.com\/index.php?rest_route=\/wp\/v2\/posts\/16741"}],"collection":[{"href":"https:\/\/universiteactu.com\/index.php?rest_route=\/wp\/v2\/posts"}],"about":[{"href":"https:\/\/universiteactu.com\/index.php?rest_route=\/wp\/v2\/types\/post"}],"author":[{"embeddable":true,"href":"https:\/\/universiteactu.com\/index.php?rest_route=\/wp\/v2\/users\/4"}],"replies":[{"embeddable":true,"href":"https:\/\/universiteactu.com\/index.php?rest_route=%2Fwp%2Fv2%2Fcomments&post=16741"}],"version-history":[{"count":1,"href":"https:\/\/universiteactu.com\/index.php?rest_route=\/wp\/v2\/posts\/16741\/revisions"}],"predecessor-version":[{"id":16748,"href":"https:\/\/universiteactu.com\/index.php?rest_route=\/wp\/v2\/posts\/16741\/revisions\/16748"}],"wp:featuredmedia":[{"embeddable":true,"href":"https:\/\/universiteactu.com\/index.php?rest_route=\/wp\/v2\/media\/16746"}],"wp:attachment":[{"href":"https:\/\/universiteactu.com\/index.php?rest_route=%2Fwp%2Fv2%2Fmedia&parent=16741"}],"wp:term":[{"taxonomy":"category","embeddable":true,"href":"https:\/\/universiteactu.com\/index.php?rest_route=%2Fwp%2Fv2%2Fcategories&post=16741"},{"taxonomy":"post_tag","embeddable":true,"href":"https:\/\/universiteactu.com\/index.php?rest_route=%2Fwp%2Fv2%2Ftags&post=16741"}],"curies":[{"name":"wp","href":"https:\/\/api.w.org\/{rel}","templated":true}]}}