{"id":15481,"date":"2022-06-29T16:09:35","date_gmt":"2022-06-29T14:09:35","guid":{"rendered":"http:\/\/universiteactu.com\/?p=15481"},"modified":"2022-06-29T16:09:37","modified_gmt":"2022-06-29T14:09:37","slug":"le-president-de-la-transition-le-colonel-doumbouya-pose-la-premiere-pierre-pour-la-construction-de-lecole-des-chemins-de-fer","status":"publish","type":"post","link":"https:\/\/universiteactu.com\/?p=15481","title":{"rendered":"Le Pr\u00e9sident de la transition le Colonel DOUMBOUYA pose la premi\u00e8re pierre pour la construction de l\u2019\u00c9cole des chemins de fer"},"content":{"rendered":"\n<p>Le Pr\u00e9sident de la transition, le Colonel Mamadi DOUMBOUYA a proc\u00e9d\u00e9 ce mardi 28 juin 2022, \u00e0 la pose de la premi\u00e8re pierre pour la construction d\u2019une nouvelle \u00e9cole des chemins de fer \u00e0 Matoto CBK, dans la commune de Matoto.<\/p>\n\n\n\n<figure class=\"wp-block-image size-full\"><img decoding=\"async\" loading=\"lazy\" width=\"720\" height=\"480\" src=\"http:\/\/universiteactu.com\/wp-content\/uploads\/2022\/06\/FB_IMG_1656442900593.jpg\" alt=\"\" class=\"wp-image-15470\" srcset=\"https:\/\/universiteactu.com\/wp-content\/uploads\/2022\/06\/FB_IMG_1656442900593.jpg 720w, https:\/\/universiteactu.com\/wp-content\/uploads\/2022\/06\/FB_IMG_1656442900593-300x200.jpg 300w, https:\/\/universiteactu.com\/wp-content\/uploads\/2022\/06\/FB_IMG_1656442900593-630x420.jpg 630w, https:\/\/universiteactu.com\/wp-content\/uploads\/2022\/06\/FB_IMG_1656442900593-640x427.jpg 640w, https:\/\/universiteactu.com\/wp-content\/uploads\/2022\/06\/FB_IMG_1656442900593-681x454.jpg 681w\" sizes=\"(max-width: 720px) 100vw, 720px\" \/><\/figure>\n\n\n\n<p>Initi\u00e9e par le minist\u00e8re de l\u2019Enseignement Technique et de la Formation Professionnelle, cette pose de la premi\u00e8re pierre de cette nouvelle \u00e9cole des chemins de fer dans la banlieue de Conakry, intervient un mois apr\u00e8s la signature d\u2019un accord de financement relatif \u00e0 la construction de ladite \u00e9cole de formation professionnelle avec Conakry Terminal, filiale de Bollor\u00e9 Ports et op\u00e9rateur du terminal \u00e0 conteneurs du Port Autonome de Conakry.&nbsp;<\/p>\n\n\n\n<figure class=\"wp-block-image size-full\"><img decoding=\"async\" loading=\"lazy\" width=\"720\" height=\"480\" src=\"http:\/\/universiteactu.com\/wp-content\/uploads\/2022\/06\/FB_IMG_1656442905577.jpg\" alt=\"\" class=\"wp-image-15471\" srcset=\"https:\/\/universiteactu.com\/wp-content\/uploads\/2022\/06\/FB_IMG_1656442905577.jpg 720w, https:\/\/universiteactu.com\/wp-content\/uploads\/2022\/06\/FB_IMG_1656442905577-300x200.jpg 300w, https:\/\/universiteactu.com\/wp-content\/uploads\/2022\/06\/FB_IMG_1656442905577-630x420.jpg 630w, https:\/\/universiteactu.com\/wp-content\/uploads\/2022\/06\/FB_IMG_1656442905577-640x427.jpg 640w, https:\/\/universiteactu.com\/wp-content\/uploads\/2022\/06\/FB_IMG_1656442905577-681x454.jpg 681w\" sizes=\"(max-width: 720px) 100vw, 720px\" \/><\/figure>\n\n\n\n<p>Le financement de Conakry Terminal porte sur un montant total de 1. 900. 000. 000 FG (un milliards neuf cents millions de francs guin\u00e9ens) qui permettra la construction de huit (8) salles de cours, 2 ateliers pratiques, 5 bureaux administratifs avec une toilette interne, une salle des professeurs, un magasin, une salle polyvalente, des toilettes externes et une cl\u00f4ture grillag\u00e9e.<\/p>\n\n\n\n<p>Le d\u00e9lai d\u2019ex\u00e9cution des travaux de cette \u00e9cole est de quatre (4) mois. Et l\u2019entreprise \u2018\u2019EJICO\u2019\u2019 en charge des travaux promet de rendre les cl\u00e9s d\u00e8s le mois de septembre prochain.<\/p>\n\n\n\n<p>SCRP\/METFP<\/p>\n","protected":false},"excerpt":{"rendered":"<p>Le Pr\u00e9sident de la transition, le Colonel Mamadi DOUMBOUYA a proc\u00e9d\u00e9 ce mardi 28 juin 2022, \u00e0 la pose de la premi\u00e8re pierre pour la construction d\u2019une nouvelle \u00e9cole des chemins de fer \u00e0 Matoto CBK, dans la commune de Matoto. Initi\u00e9e par le minist\u00e8re de l\u2019Enseignement Technique et de la Formation Professionnelle, cette pose [&hellip;]<\/p>\n","protected":false},"author":4,"featured_media":15467,"comment_status":"open","ping_status":"open","sticky":false,"template":"","format":"standard","meta":[],"categories":[12,2,15,14,16],"tags":[],"_links":{"self":[{"href":"https:\/\/universiteactu.com\/index.php?rest_route=\/wp\/v2\/posts\/15481"}],"collection":[{"href":"https:\/\/universiteactu.com\/index.php?rest_route=\/wp\/v2\/posts"}],"about":[{"href":"https:\/\/universiteactu.com\/index.php?rest_route=\/wp\/v2\/types\/post"}],"author":[{"embeddable":true,"href":"https:\/\/universiteactu.com\/index.php?rest_route=\/wp\/v2\/users\/4"}],"replies":[{"embeddable":true,"href":"https:\/\/universiteactu.com\/index.php?rest_route=%2Fwp%2Fv2%2Fcomments&post=15481"}],"version-history":[{"count":1,"href":"https:\/\/universiteactu.com\/index.php?rest_route=\/wp\/v2\/posts\/15481\/revisions"}],"predecessor-version":[{"id":15482,"href":"https:\/\/universiteactu.com\/index.php?rest_route=\/wp\/v2\/posts\/15481\/revisions\/15482"}],"wp:featuredmedia":[{"embeddable":true,"href":"https:\/\/universiteactu.com\/index.php?rest_route=\/wp\/v2\/media\/15467"}],"wp:attachment":[{"href":"https:\/\/universiteactu.com\/index.php?rest_route=%2Fwp%2Fv2%2Fmedia&parent=15481"}],"wp:term":[{"taxonomy":"category","embeddable":true,"href":"https:\/\/universiteactu.com\/index.php?rest_route=%2Fwp%2Fv2%2Fcategories&post=15481"},{"taxonomy":"post_tag","embeddable":true,"href":"https:\/\/universiteactu.com\/index.php?rest_route=%2Fwp%2Fv2%2Ftags&post=15481"}],"curies":[{"name":"wp","href":"https:\/\/api.w.org\/{rel}","templated":true}]}}