{"id":15151,"date":"2022-06-10T16:36:29","date_gmt":"2022-06-10T14:36:29","guid":{"rendered":"http:\/\/universiteactu.com\/?p=15151"},"modified":"2022-06-10T17:23:50","modified_gmt":"2022-06-10T15:23:50","slug":"bepc-a-matam-lancement-des-epreuves-dans-un-contexte-de-satisfaction","status":"publish","type":"post","link":"https:\/\/universiteactu.com\/?p=15151","title":{"rendered":"BEPC \u00e0 Matam: Lancement des \u00c9preuves dans un contexte de satisfaction"},"content":{"rendered":"\n<p class=\"has-drop-cap\">Apr\u00e8s le Certificat d\u2019\u00c9tude \u00c9l\u00e9mentaire, les premi\u00e8res \u00c9preuves du BEPC ont \u00e9t\u00e9 lanc\u00e9es, ce vendredi 10 juin 2022. Dans la commune de Matam, ils sont au total <strong>5 566<\/strong> Candidats, dont <strong>2 085<\/strong> filles, \u00e0 affronter l\u2019Examen.<\/p>\n\n\n\n<figure class=\"wp-block-image size-large\"><img decoding=\"async\" loading=\"lazy\" width=\"1024\" height=\"457\" src=\"http:\/\/universiteactu.com\/wp-content\/uploads\/2022\/06\/20220610_074022307-1024x457.jpg\" alt=\"\" class=\"wp-image-15141\" srcset=\"https:\/\/universiteactu.com\/wp-content\/uploads\/2022\/06\/20220610_074022307-1024x457.jpg 1024w, https:\/\/universiteactu.com\/wp-content\/uploads\/2022\/06\/20220610_074022307-300x134.jpg 300w, https:\/\/universiteactu.com\/wp-content\/uploads\/2022\/06\/20220610_074022307-768x343.jpg 768w, https:\/\/universiteactu.com\/wp-content\/uploads\/2022\/06\/20220610_074022307-1536x685.jpg 1536w, https:\/\/universiteactu.com\/wp-content\/uploads\/2022\/06\/20220610_074022307-2048x914.jpg 2048w, https:\/\/universiteactu.com\/wp-content\/uploads\/2022\/06\/20220610_074022307-941x420.jpg 941w, https:\/\/universiteactu.com\/wp-content\/uploads\/2022\/06\/20220610_074022307-640x286.jpg 640w, https:\/\/universiteactu.com\/wp-content\/uploads\/2022\/06\/20220610_074022307-681x304.jpg 681w\" sizes=\"(max-width: 1024px) 100vw, 1024px\" \/><\/figure>\n\n\n\n<p><br>C\u2019est <strong>\u00abun sentiment de fiert\u00e9 et de succ\u00e8s\u00bb<\/strong> qui anime \u00e0 Matam, \u00e0 en croire son DCE. Galvanis\u00e9s par la fa\u00e7on dont le Certificat d\u2019\u00c9tude \u00c9l\u00e9mentaire a \u00e9t\u00e9 organis\u00e9, les autorit\u00e9s de l\u2019\u00c9ducation ont mis tout en \u0153uvre pour que le BEPC qui est r\u00e9gional, r\u00e9ussisse mieux que l\u2019Examen d\u2019entr\u00e9e en 7\u00e8me ann\u00e9e. <\/p>\n\n\n\n<figure class=\"wp-block-image size-large\"><img decoding=\"async\" loading=\"lazy\" width=\"1024\" height=\"457\" src=\"http:\/\/universiteactu.com\/wp-content\/uploads\/2022\/06\/20220610_073942971-1024x457.jpg\" alt=\"\" class=\"wp-image-15140\" srcset=\"https:\/\/universiteactu.com\/wp-content\/uploads\/2022\/06\/20220610_073942971-1024x457.jpg 1024w, https:\/\/universiteactu.com\/wp-content\/uploads\/2022\/06\/20220610_073942971-300x134.jpg 300w, https:\/\/universiteactu.com\/wp-content\/uploads\/2022\/06\/20220610_073942971-768x343.jpg 768w, https:\/\/universiteactu.com\/wp-content\/uploads\/2022\/06\/20220610_073942971-1536x685.jpg 1536w, https:\/\/universiteactu.com\/wp-content\/uploads\/2022\/06\/20220610_073942971-2048x914.jpg 2048w, https:\/\/universiteactu.com\/wp-content\/uploads\/2022\/06\/20220610_073942971-941x420.jpg 941w, https:\/\/universiteactu.com\/wp-content\/uploads\/2022\/06\/20220610_073942971-640x286.jpg 640w, https:\/\/universiteactu.com\/wp-content\/uploads\/2022\/06\/20220610_073942971-681x304.jpg 681w\" sizes=\"(max-width: 1024px) 100vw, 1024px\" \/><\/figure>\n\n\n\n<figure class=\"wp-block-image size-large is-resized\"><img decoding=\"async\" loading=\"lazy\" src=\"http:\/\/universiteactu.com\/wp-content\/uploads\/2022\/06\/IMG-20220610-WA0012.jpg\" alt=\"\" class=\"wp-image-15137\" width=\"578\" height=\"549\" srcset=\"https:\/\/universiteactu.com\/wp-content\/uploads\/2022\/06\/IMG-20220610-WA0012.jpg 498w, https:\/\/universiteactu.com\/wp-content\/uploads\/2022\/06\/IMG-20220610-WA0012-300x285.jpg 300w, https:\/\/universiteactu.com\/wp-content\/uploads\/2022\/06\/IMG-20220610-WA0012-442x420.jpg 442w\" sizes=\"(max-width: 578px) 100vw, 578px\" \/><\/figure>\n\n\n\n<p><strong><em>\u00abC\u2019est pourquoi vous constaterez qu\u2019au niveau de notre commune, il y a 14 centres d\u2019examen : 13 pour l\u2019enseignement g\u00e9n\u00e9ral et 1 pour le franco-arabe. Au niveau de l\u2019enseignement g\u00e9n\u00e9ral, vous avez 5 454 candidats, dont 2 550 filles. Au niveau du franco-arabe, vous avez 112 candidats, dont 35 filles. Ce qui nous donne un total de candidats pour le BEPC \u00e0 Matam, de 5 566, dont 2 085 filles. Dans chaque salle, il y a deux surveillants\u00bb,<\/em><\/strong> indique Ibrahima 2 BARRY, tout en soulignant que <strong><em>\u00abnous avons sensibilis\u00e9 tout le monde et nous pensons r\u00e9ussir cet examen, pour cultiver la culture du m\u00e9rite. Le slogan du ministre de l\u2019Enseignement Pr\u00e9 universitaire M. Guillaume Hawing, c\u2019est r\u00e9compenser le m\u00e9rite. Le m\u00e9rite seulement qui sera r\u00e9compens\u00e9. C\u2019est pourquoi donc, nous ferons de sorte que les meilleurs passent en classe sup\u00e9rieur\u00bb.<\/em><\/strong><\/p>\n\n\n\n<figure class=\"wp-block-image size-large\"><img decoding=\"async\" loading=\"lazy\" width=\"1024\" height=\"575\" src=\"http:\/\/universiteactu.com\/wp-content\/uploads\/2022\/06\/20220610_074338290-1024x575.jpg\" alt=\"\" class=\"wp-image-15144\" srcset=\"https:\/\/universiteactu.com\/wp-content\/uploads\/2022\/06\/20220610_074338290-1024x575.jpg 1024w, https:\/\/universiteactu.com\/wp-content\/uploads\/2022\/06\/20220610_074338290-300x169.jpg 300w, https:\/\/universiteactu.com\/wp-content\/uploads\/2022\/06\/20220610_074338290-768x431.jpg 768w, https:\/\/universiteactu.com\/wp-content\/uploads\/2022\/06\/20220610_074338290-1536x863.jpg 1536w, https:\/\/universiteactu.com\/wp-content\/uploads\/2022\/06\/20220610_074338290-2048x1150.jpg 2048w, https:\/\/universiteactu.com\/wp-content\/uploads\/2022\/06\/20220610_074338290-748x420.jpg 748w, https:\/\/universiteactu.com\/wp-content\/uploads\/2022\/06\/20220610_074338290-640x360.jpg 640w, https:\/\/universiteactu.com\/wp-content\/uploads\/2022\/06\/20220610_074338290-681x383.jpg 681w\" sizes=\"(max-width: 1024px) 100vw, 1024px\" \/><\/figure>\n\n\n\n<p>Pour Julien BONGONO, Secr\u00e9taire G\u00e9n\u00e9ral du minist\u00e8re de l\u2019Enseignement Pr\u00e9-Universitaire et de l\u2019Alphab\u00e9tisation (MEPU-A) plusieurs reformes ont \u00e9t\u00e9 engag\u00e9es pour parer \u00e0 la fraude. <\/p>\n\n\n\n<figure class=\"wp-block-image size-large is-resized\"><img decoding=\"async\" loading=\"lazy\" src=\"http:\/\/universiteactu.com\/wp-content\/uploads\/2022\/06\/IMG-20220610-WA0007.jpg\" alt=\"\" class=\"wp-image-15136\" width=\"576\" height=\"519\" srcset=\"https:\/\/universiteactu.com\/wp-content\/uploads\/2022\/06\/IMG-20220610-WA0007.jpg 435w, https:\/\/universiteactu.com\/wp-content\/uploads\/2022\/06\/IMG-20220610-WA0007-300x270.jpg 300w\" sizes=\"(max-width: 576px) 100vw, 576px\" \/><\/figure>\n\n\n\n<p><strong><em>\u00abNous sommes heureux aussi de constater que depuis le d\u00e9but des examens, \u00e0 commencer par l\u2019examen d\u2019entr\u00e9e en 7\u00e8me ann\u00e9e que les choses se passent relativement bien, malgr\u00e9 quelques incidents. Nous esp\u00e9rons que toutes les dispositions vont continuer \u00e0 \u00eatre prises pour que ce brevet, cet examen du BEPC se passe dans de tr\u00e8s bonne condition. Dans un second temps nous avons dit aux candidats de rester serein, calme, concentrer \u00e0 leur travail, d\u2019\u00eatre disciplin\u00e9s jusqu\u2019\u00e0 la fin des<\/em><\/strong> <strong><em>\u00e9preuves. Nous avons pris beaucoup de dispositions pour parer \u00e0 d\u2019\u00e9ventuelle fraude. Ce n\u2019est pas contre les candidats. Nous souhaitons la r\u00e9ussite de tous les candidats. Nous voulons que cette r\u00e9ussite l\u00e0 qu\u2019il le r\u00e9ussisse par la sueur de leur travail, par le<br>m\u00e9rite\u2026 C\u2019est le lieu pour moi de remercier le minist\u00e8re de la<br>S\u00e9curit\u00e9, l\u2019arm\u00e9e. Toute la&nbsp; s\u00e9curit\u00e9 est aujourd\u2019hui est mobilis\u00e9 au<br>c\u00f4t\u00e9 des trois minist\u00e8res sectoriels de l\u2019\u00e9ducation\u00bb, <\/em><\/strong>d\u00e9clare-t-il.<\/p>\n\n\n\n<figure class=\"wp-block-image size-large\"><img decoding=\"async\" loading=\"lazy\" width=\"1024\" height=\"771\" src=\"http:\/\/universiteactu.com\/wp-content\/uploads\/2022\/06\/20220610_074137706-1024x771.jpg\" alt=\"\" class=\"wp-image-15149\" srcset=\"https:\/\/universiteactu.com\/wp-content\/uploads\/2022\/06\/20220610_074137706-1024x771.jpg 1024w, https:\/\/universiteactu.com\/wp-content\/uploads\/2022\/06\/20220610_074137706-300x226.jpg 300w, https:\/\/universiteactu.com\/wp-content\/uploads\/2022\/06\/20220610_074137706-768x578.jpg 768w, https:\/\/universiteactu.com\/wp-content\/uploads\/2022\/06\/20220610_074137706-1536x1157.jpg 1536w, https:\/\/universiteactu.com\/wp-content\/uploads\/2022\/06\/20220610_074137706-2048x1542.jpg 2048w, https:\/\/universiteactu.com\/wp-content\/uploads\/2022\/06\/20220610_074137706-558x420.jpg 558w, https:\/\/universiteactu.com\/wp-content\/uploads\/2022\/06\/20220610_074137706-80x60.jpg 80w, https:\/\/universiteactu.com\/wp-content\/uploads\/2022\/06\/20220610_074137706-100x75.jpg 100w, https:\/\/universiteactu.com\/wp-content\/uploads\/2022\/06\/20220610_074137706-180x135.jpg 180w, https:\/\/universiteactu.com\/wp-content\/uploads\/2022\/06\/20220610_074137706-238x178.jpg 238w, https:\/\/universiteactu.com\/wp-content\/uploads\/2022\/06\/20220610_074137706-640x482.jpg 640w, https:\/\/universiteactu.com\/wp-content\/uploads\/2022\/06\/20220610_074137706-681x513.jpg 681w\" sizes=\"(max-width: 1024px) 100vw, 1024px\" \/><\/figure>\n\n\n\n<p>Pr\u00e9sent \u00e0 ce lancement, le Secr\u00e9taire G\u00e9n\u00e9ral du minist\u00e8re de l\u2019Enseignement Technique et de la Formation Professionnelle a salu\u00e9 le travail abattu par le MEPU-A. Par ailleurs, Dr Youssouf Boundou SYLLA se dit marqu\u00e9 par le nombre \u00e9lev\u00e9 de candidate.<\/p>\n\n\n\n<figure class=\"wp-block-image size-large is-resized\"><img decoding=\"async\" loading=\"lazy\" src=\"http:\/\/universiteactu.com\/wp-content\/uploads\/2022\/06\/IMG-20220610-WA0009.jpg\" alt=\"\" class=\"wp-image-15135\" width=\"580\" height=\"557\" srcset=\"https:\/\/universiteactu.com\/wp-content\/uploads\/2022\/06\/IMG-20220610-WA0009.jpg 424w, https:\/\/universiteactu.com\/wp-content\/uploads\/2022\/06\/IMG-20220610-WA0009-300x288.jpg 300w\" sizes=\"(max-width: 580px) 100vw, 580px\" \/><\/figure>\n\n\n\n<p>&nbsp; <strong><em>\u00abJe commencerai par f\u00e9licit\u00e9 les coll\u00e8gues du MEPU<\/em><\/strong>&#8211;<strong><em>A pour l\u2019organisation de qualit\u00e9 depuis les \u00e9preuves d\u2019entr\u00e9e au coll\u00e8ge. Vous n\u2019\u00eates pas sans savoir qu\u2019il y a une synergie d\u2019action entre les trois secteurs de l\u2019\u00e9ducation, notamment le MEPU-A, l\u2019Enseignement Technique et l\u2019Enseignement Sup\u00e9rieur. Le lancement des premi\u00e8res \u00e9preuves me d\u00e9note avec la motivation que j\u2019ai sentie aux jeunes \u00e9l\u00e8ves que tout devrait se passer. C\u2019est un sentiment \u00e0 la fois de fiert\u00e9 parce que je me<\/em><\/strong> <strong><em>retrouve dans ma commune avec les souvenir d\u2019enfance\u2026 \u00e7a fait chaud au c\u0153ur de voir le sourire des \u00e9l\u00e8ves engag\u00e9s \u00e0 affronter les \u00e9preuves. Ce qui est beaucoup plus marquant, c\u2019est de voir le nombre \u00e9lev\u00e9 de jeunes filles, dans les salles d\u2019examen. \u00c7a m\u2019a marqu\u00e9 \u00e0 plus d\u2019un titre. Je leur ai dit que je suis convaincu qu\u2019il n\u2019y aura pas d\u2019\u00e9chec<\/em><\/strong> <strong><em>dans ce centre. Et qu\u2019\u00e0 l\u2019allure o\u00f9 vont les choses si les enfants<\/em><\/strong> <strong><em>s\u2019investissent il n\u2019y a pas de raison qu\u2019ils ne puissent pas r\u00e9ussir leur examen\u00bb, <\/em><\/strong>a-t-il fait savoir.<\/p>\n\n\n\n<figure class=\"wp-block-image size-large\"><img decoding=\"async\" loading=\"lazy\" width=\"1024\" height=\"547\" src=\"http:\/\/universiteactu.com\/wp-content\/uploads\/2022\/06\/20220610_082631634-1024x547.jpg\" alt=\"\" class=\"wp-image-15143\" srcset=\"https:\/\/universiteactu.com\/wp-content\/uploads\/2022\/06\/20220610_082631634-1024x547.jpg 1024w, https:\/\/universiteactu.com\/wp-content\/uploads\/2022\/06\/20220610_082631634-300x160.jpg 300w, https:\/\/universiteactu.com\/wp-content\/uploads\/2022\/06\/20220610_082631634-768x410.jpg 768w, https:\/\/universiteactu.com\/wp-content\/uploads\/2022\/06\/20220610_082631634-1536x821.jpg 1536w, https:\/\/universiteactu.com\/wp-content\/uploads\/2022\/06\/20220610_082631634-2048x1094.jpg 2048w, https:\/\/universiteactu.com\/wp-content\/uploads\/2022\/06\/20220610_082631634-786x420.jpg 786w, https:\/\/universiteactu.com\/wp-content\/uploads\/2022\/06\/20220610_082631634-640x342.jpg 640w, https:\/\/universiteactu.com\/wp-content\/uploads\/2022\/06\/20220610_082631634-681x364.jpg 681w\" sizes=\"(max-width: 1024px) 100vw, 1024px\" \/><\/figure>\n\n\n\n<p>Il faut noter qu\u2019au centre coll\u00e8ge 2 Bonfi o\u00f9 ce lancement a eu lieu, <strong>621<\/strong> Candidats, dont <strong>253<\/strong> filles repartis dans <strong>21<\/strong> salles de classe, vont affronter le BEPC. Chaque salle a deux surveillants, soit un total de <strong>42<\/strong> surveillants pour ce centre.<\/p>\n\n\n\n<figure class=\"wp-block-image size-large\"><img decoding=\"async\" src=\"http:\/\/universiteactu.com\/wp-content\/uploads\/2022\/06\/20220610_075352603-1-1024x457.jpg\" alt=\"\" class=\"wp-image-15139\" \/><\/figure>\n\n\n\n<p><strong>SOW Telico<\/strong><\/p>\n\n\n\n<p>Tel: <strong>00224 622 98 10 01<\/strong><\/p>\n","protected":false},"excerpt":{"rendered":"<p>Apr\u00e8s le Certificat d\u2019\u00c9tude \u00c9l\u00e9mentaire, les premi\u00e8res \u00c9preuves du BEPC ont \u00e9t\u00e9 lanc\u00e9es, ce vendredi 10 juin 2022. Dans la commune de Matam, ils sont au total 5 566 Candidats, dont 2 085 filles, \u00e0 affronter l\u2019Examen. C\u2019est \u00abun sentiment de fiert\u00e9 et de succ\u00e8s\u00bb qui anime \u00e0 Matam, \u00e0 en croire son DCE. Galvanis\u00e9s [&hellip;]<\/p>\n","protected":false},"author":4,"featured_media":15146,"comment_status":"open","ping_status":"open","sticky":false,"template":"","format":"standard","meta":[],"categories":[23,2,24,21,22],"tags":[],"_links":{"self":[{"href":"https:\/\/universiteactu.com\/index.php?rest_route=\/wp\/v2\/posts\/15151"}],"collection":[{"href":"https:\/\/universiteactu.com\/index.php?rest_route=\/wp\/v2\/posts"}],"about":[{"href":"https:\/\/universiteactu.com\/index.php?rest_route=\/wp\/v2\/types\/post"}],"author":[{"embeddable":true,"href":"https:\/\/universiteactu.com\/index.php?rest_route=\/wp\/v2\/users\/4"}],"replies":[{"embeddable":true,"href":"https:\/\/universiteactu.com\/index.php?rest_route=%2Fwp%2Fv2%2Fcomments&post=15151"}],"version-history":[{"count":3,"href":"https:\/\/universiteactu.com\/index.php?rest_route=\/wp\/v2\/posts\/15151\/revisions"}],"predecessor-version":[{"id":15164,"href":"https:\/\/universiteactu.com\/index.php?rest_route=\/wp\/v2\/posts\/15151\/revisions\/15164"}],"wp:featuredmedia":[{"embeddable":true,"href":"https:\/\/universiteactu.com\/index.php?rest_route=\/wp\/v2\/media\/15146"}],"wp:attachment":[{"href":"https:\/\/universiteactu.com\/index.php?rest_route=%2Fwp%2Fv2%2Fmedia&parent=15151"}],"wp:term":[{"taxonomy":"category","embeddable":true,"href":"https:\/\/universiteactu.com\/index.php?rest_route=%2Fwp%2Fv2%2Fcategories&post=15151"},{"taxonomy":"post_tag","embeddable":true,"href":"https:\/\/universiteactu.com\/index.php?rest_route=%2Fwp%2Fv2%2Ftags&post=15151"}],"curies":[{"name":"wp","href":"https:\/\/api.w.org\/{rel}","templated":true}]}}