{"id":15051,"date":"2022-06-06T17:25:19","date_gmt":"2022-06-06T15:25:19","guid":{"rendered":"http:\/\/universiteactu.com\/?p=15051"},"modified":"2022-06-06T18:03:04","modified_gmt":"2022-06-06T16:03:04","slug":"journee-mondiale-de-lenvironnement-le-reb-mobilise-a-boke","status":"publish","type":"post","link":"https:\/\/universiteactu.com\/?p=15051","title":{"rendered":"Journ\u00e9e mondiale de l\u2019environnement: Le REB mobilise \u00e0 Bok\u00e9\u2026"},"content":{"rendered":"\n<p class=\"has-drop-cap\">A l&rsquo;instar des autres pays du monde, la Guin\u00e9e a c\u00e9l\u00e9br\u00e9 la journ\u00e9e mondiale de l&rsquo;environnement, ce dimanche 5 juin, sous le th\u00e8me <strong>\u00abune<br>seule terre\u00bb.<\/strong><\/p>\n\n\n\n<p> Le R\u00e9seau Environnement Bauxite (REB) compos\u00e9 de la CBG,<br>AMR, SMB, BAM, ZMC et GAC en collaboration avec l&rsquo;inspection de<br>l&rsquo;environnement et du d\u00e9veloppement durable de Bok\u00e9 et celle de l&rsquo;\u00c9ducation a saisi cette opportunit\u00e9 pour sensibiliser \u00c9l\u00e8ves, \u00c9tudiants, autorit\u00e9s administratives, communales ainsi que la population sur l&rsquo;int\u00e9r\u00eat global de concilier activit\u00e9 humaine et conservation de l&rsquo;environnement.<\/p>\n\n\n\n<figure class=\"wp-block-image size-large\"><img decoding=\"async\" loading=\"lazy\" width=\"975\" height=\"478\" src=\"http:\/\/universiteactu.com\/wp-content\/uploads\/2022\/06\/IMG-20220604-WA0007.jpg\" alt=\"\" class=\"wp-image-14936\" srcset=\"https:\/\/universiteactu.com\/wp-content\/uploads\/2022\/06\/IMG-20220604-WA0007.jpg 975w, https:\/\/universiteactu.com\/wp-content\/uploads\/2022\/06\/IMG-20220604-WA0007-300x147.jpg 300w, https:\/\/universiteactu.com\/wp-content\/uploads\/2022\/06\/IMG-20220604-WA0007-768x377.jpg 768w, https:\/\/universiteactu.com\/wp-content\/uploads\/2022\/06\/IMG-20220604-WA0007-857x420.jpg 857w, https:\/\/universiteactu.com\/wp-content\/uploads\/2022\/06\/IMG-20220604-WA0007-640x314.jpg 640w, https:\/\/universiteactu.com\/wp-content\/uploads\/2022\/06\/IMG-20220604-WA0007-681x334.jpg 681w\" sizes=\"(max-width: 975px) 100vw, 975px\" \/><\/figure>\n\n\n\n<p>C\u2019est une premi\u00e8re marche pour l&rsquo;environnement \u00e0 Bok\u00e9. Avec toutes les<br>contraintes li\u00e9es aux pr\u00e9paratifs des Examens de fin d&rsquo;ann\u00e9e l&rsquo;appel<br>du REB a \u00e9t\u00e9 r\u00e9pondu.<\/p>\n\n\n\n<p>Dans ce bilan positif de la sensibilisation, en plus du soutien du gouverneur, du pr\u00e9fet et le maire de Bok\u00e9, il faut noter que l&rsquo;Institut \u00e0 travers sa Direction G\u00e9n\u00e9rale est parmi les contributeurs de la r\u00e9ussite de l&rsquo;\u00e9v\u00e9nement. Une forte mobilisation des encadreurs et \u00c9tudiants de l\u2019ISMGB enregistr\u00e9e.<\/p>\n\n\n\n<figure class=\"wp-block-image size-large is-resized\"><img decoding=\"async\" loading=\"lazy\" src=\"http:\/\/universiteactu.com\/wp-content\/uploads\/2022\/06\/IMG-20220604-WA0018.jpg\" alt=\"\" class=\"wp-image-14946\" width=\"589\" height=\"353\" srcset=\"https:\/\/universiteactu.com\/wp-content\/uploads\/2022\/06\/IMG-20220604-WA0018.jpg 370w, https:\/\/universiteactu.com\/wp-content\/uploads\/2022\/06\/IMG-20220604-WA0018-300x180.jpg 300w\" sizes=\"(max-width: 589px) 100vw, 589px\" \/><\/figure>\n\n\n\n<p> Le REB a salu\u00e9 \u00e9galement la pr\u00e9sence de Dr Oumar Barou KABA DGA qui a repr\u00e9sent\u00e9 la Direction G\u00e9n\u00e9rale de l&rsquo;ISMGB. Ceci \u00e0 d\u00e9montrer l&rsquo;engagement de l\u2019Institution \u00e0 contribuer et \u00e0 collaborer en faveur de la conservation de l&rsquo;environnement.<\/p>\n\n\n\n<p>Il faut rappeler qu\u2019en plus du carnaval, la sensibilisation a marqu\u00e9 \u00e0<br>travers une prestation culturelle sur la protection de l&rsquo;environnement<br>par le club Litt\u00e9raire de Dina Salifou de Bok\u00e9. \u2018<strong><em>\u2019Tous pour une terre<br>vivable\u2019\u2019.<\/em><\/strong><\/p>\n","protected":false},"excerpt":{"rendered":"<p>A l&rsquo;instar des autres pays du monde, la Guin\u00e9e a c\u00e9l\u00e9br\u00e9 la journ\u00e9e mondiale de l&rsquo;environnement, ce dimanche 5 juin, sous le th\u00e8me \u00abuneseule terre\u00bb. Le R\u00e9seau Environnement Bauxite (REB) compos\u00e9 de la CBG,AMR, SMB, BAM, ZMC et GAC en collaboration avec l&rsquo;inspection del&rsquo;environnement et du d\u00e9veloppement durable de Bok\u00e9 et celle de l&rsquo;\u00c9ducation a [&hellip;]<\/p>\n","protected":false},"author":4,"featured_media":14986,"comment_status":"open","ping_status":"open","sticky":false,"template":"","format":"standard","meta":[],"categories":[1],"tags":[],"_links":{"self":[{"href":"https:\/\/universiteactu.com\/index.php?rest_route=\/wp\/v2\/posts\/15051"}],"collection":[{"href":"https:\/\/universiteactu.com\/index.php?rest_route=\/wp\/v2\/posts"}],"about":[{"href":"https:\/\/universiteactu.com\/index.php?rest_route=\/wp\/v2\/types\/post"}],"author":[{"embeddable":true,"href":"https:\/\/universiteactu.com\/index.php?rest_route=\/wp\/v2\/users\/4"}],"replies":[{"embeddable":true,"href":"https:\/\/universiteactu.com\/index.php?rest_route=%2Fwp%2Fv2%2Fcomments&post=15051"}],"version-history":[{"count":3,"href":"https:\/\/universiteactu.com\/index.php?rest_route=\/wp\/v2\/posts\/15051\/revisions"}],"predecessor-version":[{"id":15061,"href":"https:\/\/universiteactu.com\/index.php?rest_route=\/wp\/v2\/posts\/15051\/revisions\/15061"}],"wp:featuredmedia":[{"embeddable":true,"href":"https:\/\/universiteactu.com\/index.php?rest_route=\/wp\/v2\/media\/14986"}],"wp:attachment":[{"href":"https:\/\/universiteactu.com\/index.php?rest_route=%2Fwp%2Fv2%2Fmedia&parent=15051"}],"wp:term":[{"taxonomy":"category","embeddable":true,"href":"https:\/\/universiteactu.com\/index.php?rest_route=%2Fwp%2Fv2%2Fcategories&post=15051"},{"taxonomy":"post_tag","embeddable":true,"href":"https:\/\/universiteactu.com\/index.php?rest_route=%2Fwp%2Fv2%2Ftags&post=15051"}],"curies":[{"name":"wp","href":"https:\/\/api.w.org\/{rel}","templated":true}]}}