{"id":14924,"date":"2022-06-01T14:08:16","date_gmt":"2022-06-01T12:08:16","guid":{"rendered":"http:\/\/universiteactu.com\/?p=14924"},"modified":"2022-06-01T14:08:18","modified_gmt":"2022-06-01T12:08:18","slug":"droit-de-reponse-a-mon-grand-frere-ahmed-kourouma-sur-le-voile-a-lecole","status":"publish","type":"post","link":"https:\/\/universiteactu.com\/?p=14924","title":{"rendered":"Droit de r\u00e9ponse \u00e0 mon grand fr\u00e8re Ahmed KOUROUMA sur le voile \u00e0 l\u2019\u00c9cole"},"content":{"rendered":"\n<p class=\"has-drop-cap\">Cher Grand fr\u00e8re, c&rsquo;est avec un int\u00e9r\u00eat tr\u00e8s particulier et un entonnement ardemment que nous avons suivi votre sortie sur l&rsquo;une des \u00e9missions tr\u00e8s \u00e9cout\u00e9es sur place (Grande Gueule ) le 1 juin 2022, en tenant sur votre argument peu fond\u00e9 \u00e0 l&rsquo;\u00e9gard de candidates voil\u00e9es dans les milieux scolaires et acad\u00e9miques. En effet, la la\u00efcit\u00e9 deviendrait-elle une religion en soi ou un instrument discriminatoire contre des pratiques religieuses notamment : le port du voile en islam ?<\/p>\n\n\n\n<p>En principe, la la\u00efcit\u00e9, comme mode vie, se d\u00e9finit en droit, comme le \u00ab principe de s\u00e9paration dans l&rsquo;\u00c9tat de la soci\u00e9t\u00e9 civile et de la soci\u00e9t\u00e9 religieuse \u00bb et \u00ab d&rsquo;impartialit\u00e9 ou de neutralit\u00e9 de l&rsquo;\u00c9tat \u00e0 l&rsquo;\u00e9gard des confessions religieuses \u00bb. La la\u00efcit\u00e9 s&rsquo;oppose \u00e0 la reconnaissance d&rsquo;une religion d&rsquo;\u00c9tat. Toutefois, le principe de s\u00e9paration entre l&rsquo;\u00c9tat et les religions peut trouver des applications diff\u00e9rentes selon les pays. La r\u00e9gion est enseign\u00e9e en Allemagne, le signe religieux ne sont pas interdits en Grande-Bretagne&nbsp;et dans tant d\u2019autres pays. &nbsp;<strong>Cher grand fr\u00e8re,<\/strong><\/p>\n\n\n\n<p>Au Niger, S\u00e9n\u00e9gal, la C\u00f4te d\u2019ivoire, en turque dont tu \u00e9tais en s\u00e9jour toute la semaine derni\u00e8re, au Burkina Faso, le voile n\u2019est pas diabolis\u00e9 \u00e0 l\u2019\u00e9cole. Il y a une d\u00e9cision qui l\u2019autorise \u00ab<em>&nbsp;L\u2019arr\u00eat\u00e9 minist\u00e9riel n\u00b02014-106\/MES\/SG du 02 avril 2014 autorise le port du voile islamique dans les \u00e9tablissements d\u2019enseignement secondaire \u00bb.&nbsp;Je ne pense qu\u2019il est un pays islamique,<\/em><\/p>\n\n\n\n<p>L\u2019exemple d\u2019interdiction est France,&nbsp;il a fallu une loi sp\u00e9ciale pour interdire le voile dans les \u00e9tablissements d\u2019enseignement. En effet, c\u2019est la loi du 15 mars 2004. Cette<strong>&nbsp;France est-elle un mod\u00e8le!!!.&nbsp;<\/strong><\/p>\n\n\n\n<p>Aujourd&rsquo;hui, dans notre pays la R\u00e9publique de Guin\u00e9e notamment, ce ph\u00e9nom\u00e8ne constitue de se faire sentir tr\u00e8s paradoxalement, une nation \u00e0 plus de 85% de populations musulmanes, les pratiquants de cette religion ont du mal \u00e0 exercer leur libert\u00e9 de religion et d&rsquo;opinion. Dans ses articles 8, 10, 15, 21, 23 la Charte de Transition guin\u00e9enne reconnait des libert\u00e9s et droits fondamentaux aux citoyens notamment : libert\u00e9 d\u2019opinion, de religion et leurs exercices et met en garde pr\u00e9cisant dans son article 8, alin\u00e9a 2 qui stipule qu\u2019\u00ab aucune situation d\u2019exception ou d\u2019urgence ne doit justifier les violations des droits humains\u00bb. Normalement, aucun arr\u00eat\u00e9 ou d\u00e9cision ne doit mettre en cause un droit constitutionnel au nom de l\u2019\u00e9cole, on veut une \u00e9cole dont tout le monde se reconna\u00eet et que cette \u00e9cole serve des uns et d\u2019autres un meilleur milieu d\u2019apprentissage et d\u2019acception dans le paradigme de tol\u00e9rance, de la constance et de brassage cultuel et culturel.<\/p>\n\n\n\n<p>Cher grand fr\u00e8re, nos s\u0153urs sont marginalis\u00e9es, discrimin\u00e9es \u00e0 cause du voile pourtant une prescription religieuse, un devoir \u00e0 accomplir dans l\u2019exercice de leur foi islamique.<\/p>\n\n\n\n<p>Tels que consacr\u00e9s par la d\u00e9claration Universelle des Droits de l\u2019Homme du 26 ao\u00fbt 1978 dans son article 26 qui stipule: \u00ab les parents ont, par priorit\u00e9, le droit de choisir le genre d\u2019\u00e9ducation \u00e0 donner \u00e0 leurs enfants \u00bb et dans son article 10 : \u00ab Nul ne doit \u00eatre inqui\u00e9t\u00e9 pour ses opinions, m\u00eame religieuses, pourvu que leur manifestation ne trouble pas l\u2019ordre public \u00e9tabli par la loi \u00bb, les autorit\u00e9s doivent privil\u00e9gier l\u2019\u00e9ducation qui demeure le socle de tout d\u00e9veloppement d\u2019une mani\u00e8re g\u00e9n\u00e9rale, et particuli\u00e8rement celle des jeunes filles qui sont les m\u00e8res de la soci\u00e9t\u00e9.&nbsp;&nbsp;<\/p>\n\n\n\n<p>Le principe de la la\u00efcit\u00e9 tel que \u00e7a nous a \u00e9t\u00e9 d\u00e9finit ne devrait pas \u00eatre un instrument discriminatoire ou un moyen de traitement s\u00e9lectif de deux poids deux mesures dans la mesure o\u00f9 les pratiques religieuses notamment l\u2019islam pr\u00f4ne pour la paix, la coh\u00e9sion, les comportements et l\u2019\u00e9ducation de la soci\u00e9t\u00e9. Mais \u00e0 voir l\u2019\u00e9volution des choses et aussi les agissements de nos dirigeants, on nous prouve du jour au lendemain des actes purement contradictoires opposant les textes aux r\u00e9alit\u00e9s des faits.<\/p>\n\n\n\n<p>La R\u00e9publique de Guin\u00e9e, un pays majoritairement musulman, paradoxalement a du mal \u00e0 tailler ses propres lois \u00e0 l\u2019image de ses pratiques, ses valeurs et sa propre culture. Sinon quoi, le port du voile est loin d\u2019etre un fait du hasard, il n\u2019est point un simple geste de divertissement mais plut\u00f4t un devoir ou une obligation religieuse et culturelle dont des mesures appropri\u00e9es peuvent etre prises par le Gouvernement qui est diff\u00e8rent d\u2019une discrimination vis-\u00e0-vis des citoyennes qui sont dans l\u2019accomplissement de leur choix de culte reconnus et prot\u00e9g\u00e9e par des r\u00e8gles nationales et internationales.<\/p>\n\n\n\n<p>Nous saurons convaincus que nos autorit\u00e9s de la transition avec leur bonne volont\u00e9 et esprit patriotique de la refondation, mesureront nos inqui\u00e9tudes et engagement pour la construction d\u2019un Etat de droit pour la paix, la solidarit\u00e9 et la qui\u00e9tude gr\u00e2ce au respect des devoirs, droits et libert\u00e9s fondamentales gage d\u2019un d\u00e9veloppement durable.<\/p>\n\n\n\n<p><strong>Cher grand fr\u00e8re<\/strong>, vouloir interdire le voile ou stigmatiser celles qui le portent ne fait qu\u2019isoler ces derni\u00e8res et mettre en cause l&rsquo;\u00e9ducation d\u2019un grand nombre de jeunes, chose qui n\u2019est pas souhaitable, il est pr\u00e9f\u00e9rable de tol\u00e9rer le voile qui est avant tout un signe de bonne \u00e9ducation depuis ses si\u00e8cles d\u00e9j\u00e0 int\u00e9grer dans notre soci\u00e9t\u00e9. Notre \u00e9ducation a suffisamment de d\u00e9fis \u00e0 relever qui vont au-del\u00e0 de l\u2019interdiction de porter un tissu qui ne constitue aucune menace ou danger.<\/p>\n\n\n\n<p>&nbsp;<strong>Mansar\u00e9 Ibrahim<\/strong>,&nbsp;<strong><em>Banquier et Consultant en Finance Islamique<\/em><\/strong>,&nbsp;<strong><em>Porte-parole de l\u2019Union des \u00e9coles franco-arabes de Guin\u00e9e<\/em><\/strong><\/p>\n","protected":false},"excerpt":{"rendered":"<p>Cher Grand fr\u00e8re, c&rsquo;est avec un int\u00e9r\u00eat tr\u00e8s particulier et un entonnement ardemment que nous avons suivi votre sortie sur l&rsquo;une des \u00e9missions tr\u00e8s \u00e9cout\u00e9es sur place (Grande Gueule ) le 1 juin 2022, en tenant sur votre argument peu fond\u00e9 \u00e0 l&rsquo;\u00e9gard de candidates voil\u00e9es dans les milieux scolaires et acad\u00e9miques. En effet, la [&hellip;]<\/p>\n","protected":false},"author":4,"featured_media":12884,"comment_status":"open","ping_status":"open","sticky":false,"template":"","format":"standard","meta":[],"categories":[1],"tags":[],"_links":{"self":[{"href":"https:\/\/universiteactu.com\/index.php?rest_route=\/wp\/v2\/posts\/14924"}],"collection":[{"href":"https:\/\/universiteactu.com\/index.php?rest_route=\/wp\/v2\/posts"}],"about":[{"href":"https:\/\/universiteactu.com\/index.php?rest_route=\/wp\/v2\/types\/post"}],"author":[{"embeddable":true,"href":"https:\/\/universiteactu.com\/index.php?rest_route=\/wp\/v2\/users\/4"}],"replies":[{"embeddable":true,"href":"https:\/\/universiteactu.com\/index.php?rest_route=%2Fwp%2Fv2%2Fcomments&post=14924"}],"version-history":[{"count":1,"href":"https:\/\/universiteactu.com\/index.php?rest_route=\/wp\/v2\/posts\/14924\/revisions"}],"predecessor-version":[{"id":14925,"href":"https:\/\/universiteactu.com\/index.php?rest_route=\/wp\/v2\/posts\/14924\/revisions\/14925"}],"wp:featuredmedia":[{"embeddable":true,"href":"https:\/\/universiteactu.com\/index.php?rest_route=\/wp\/v2\/media\/12884"}],"wp:attachment":[{"href":"https:\/\/universiteactu.com\/index.php?rest_route=%2Fwp%2Fv2%2Fmedia&parent=14924"}],"wp:term":[{"taxonomy":"category","embeddable":true,"href":"https:\/\/universiteactu.com\/index.php?rest_route=%2Fwp%2Fv2%2Fcategories&post=14924"},{"taxonomy":"post_tag","embeddable":true,"href":"https:\/\/universiteactu.com\/index.php?rest_route=%2Fwp%2Fv2%2Ftags&post=14924"}],"curies":[{"name":"wp","href":"https:\/\/api.w.org\/{rel}","templated":true}]}}