{"id":14898,"date":"2022-05-31T12:45:44","date_gmt":"2022-05-31T10:45:44","guid":{"rendered":"http:\/\/universiteactu.com\/?p=14898"},"modified":"2022-05-31T12:45:47","modified_gmt":"2022-05-31T10:45:47","slug":"metfp-les-membres-du-cabinet-echangent-sur-les-preparatifs-des-examens-et-le-prodeg","status":"publish","type":"post","link":"https:\/\/universiteactu.com\/?p=14898","title":{"rendered":"METFP: Les membres du cabinet \u00e9changent sur les pr\u00e9paratifs des Examens et le PRODEG"},"content":{"rendered":"\n<p class=\"has-drop-cap\">Pr\u00e9sid\u00e9 par le secr\u00e9taire g\u00e9n\u00e9ral, M. Youssouf Boundou SYLLA, le Cabinet du METFP s\u2019est r\u00e9uni ce lundi, 30 Mai 2022 autour de deux points inscrits \u00e0 l\u2019ordre du jour : point sur les pr\u00e9paratifs des examens de fin d\u2019ann\u00e9e et pr\u00e9sentation sommaire du PRODEG.<\/p>\n\n\n\n<figure class=\"wp-block-image size-large\"><img decoding=\"async\" loading=\"lazy\" width=\"720\" height=\"480\" src=\"http:\/\/universiteactu.com\/wp-content\/uploads\/2022\/05\/FB_IMG_1653933323190.jpg\" alt=\"\" class=\"wp-image-14894\" srcset=\"https:\/\/universiteactu.com\/wp-content\/uploads\/2022\/05\/FB_IMG_1653933323190.jpg 720w, https:\/\/universiteactu.com\/wp-content\/uploads\/2022\/05\/FB_IMG_1653933323190-300x200.jpg 300w, https:\/\/universiteactu.com\/wp-content\/uploads\/2022\/05\/FB_IMG_1653933323190-630x420.jpg 630w, https:\/\/universiteactu.com\/wp-content\/uploads\/2022\/05\/FB_IMG_1653933323190-640x427.jpg 640w, https:\/\/universiteactu.com\/wp-content\/uploads\/2022\/05\/FB_IMG_1653933323190-681x454.jpg 681w\" sizes=\"(max-width: 720px) 100vw, 720px\" \/><\/figure>\n\n\n\n<p>\u00a0Dans son introduction, le secr\u00e9taire g\u00e9n\u00e9ral, M. Youssouf Boundou SYLLA, a expliqu\u00e9 la n\u00e9cessit\u00e9 pour le d\u00e9partement d\u2019\u00eatre pr\u00eat sur tous les plans avant le d\u00e9marrage des examens pour \u00e9viter toute surprise. Il en a profit\u00e9 pour dire que cette ann\u00e9e, les examens pratiques ne porteront que sur des productions utiles pour les CFP ou les communaut\u00e9s comme par exemple la confection des table-bancs pour l\u2019option menuiserie o\u00f9 un mod\u00e8le standard a d\u00e9j\u00e0 \u00e9t\u00e9 trouv\u00e9.\u00a0<\/p>\n\n\n\n<figure class=\"wp-block-image size-large\"><img decoding=\"async\" loading=\"lazy\" width=\"720\" height=\"480\" src=\"http:\/\/universiteactu.com\/wp-content\/uploads\/2022\/05\/FB_IMG_1653933292434.jpg\" alt=\"\" class=\"wp-image-14890\" srcset=\"https:\/\/universiteactu.com\/wp-content\/uploads\/2022\/05\/FB_IMG_1653933292434.jpg 720w, https:\/\/universiteactu.com\/wp-content\/uploads\/2022\/05\/FB_IMG_1653933292434-300x200.jpg 300w, https:\/\/universiteactu.com\/wp-content\/uploads\/2022\/05\/FB_IMG_1653933292434-630x420.jpg 630w, https:\/\/universiteactu.com\/wp-content\/uploads\/2022\/05\/FB_IMG_1653933292434-640x427.jpg 640w, https:\/\/universiteactu.com\/wp-content\/uploads\/2022\/05\/FB_IMG_1653933292434-681x454.jpg 681w\" sizes=\"(max-width: 720px) 100vw, 720px\" \/><\/figure>\n\n\n\n<p>Sur ce point, le conseiller principal a souhait\u00e9 que les d\u00e9l\u00e9gu\u00e9s des diff\u00e9rents centres suivent de pr\u00e8s les examens pratiques pour s\u2019assurer que cette mesure a \u00e9t\u00e9 suivie \u00e0 la lettre sur le terrain.\u00a0Prenant la parole, le charg\u00e9 des examens a rassur\u00e9 que tout le mat\u00e9riel est d\u00e9j\u00e0 sur place et chaque d\u00e9l\u00e9gu\u00e9 ira avec sa dotation en fournitures.\u00a0<\/p>\n\n\n\n<p>Face \u00e0 l\u2019urgence, la Cheffe de Cabinet a invit\u00e9 tous les responsables impliqu\u00e9s dans la gestion des examens \u00e0 se r\u00e9unir quotidiennement pour \u00e9valuer la situation sur le terrain. Elle s\u2019est \u00e9galement port\u00e9e volontaire pour aller faire un tour dans les locaux du service examen demain, mardi, 31 Mai 2022.\u00a0Pour assurer le transport des diff\u00e9rents d\u00e9l\u00e9gu\u00e9s, le secr\u00e9taire g\u00e9n\u00e9ral a invit\u00e9 le DAF \u00e0 prendre toutes les dispositions pour la mise \u00e0 disposition de v\u00e9hicule avant le jeudi, date de d\u00e9part de tous pour l\u2019int\u00e9rieur du pays avec l\u2019assurance qu\u2019au niveau de chaque service des dispositions sont prises pour assurer la continuit\u00e9 du service.<\/p>\n\n\n\n<figure class=\"wp-block-image size-large\"><img decoding=\"async\" loading=\"lazy\" width=\"720\" height=\"480\" src=\"http:\/\/universiteactu.com\/wp-content\/uploads\/2022\/05\/FB_IMG_1653933318337.jpg\" alt=\"\" class=\"wp-image-14892\" srcset=\"https:\/\/universiteactu.com\/wp-content\/uploads\/2022\/05\/FB_IMG_1653933318337.jpg 720w, https:\/\/universiteactu.com\/wp-content\/uploads\/2022\/05\/FB_IMG_1653933318337-300x200.jpg 300w, https:\/\/universiteactu.com\/wp-content\/uploads\/2022\/05\/FB_IMG_1653933318337-630x420.jpg 630w, https:\/\/universiteactu.com\/wp-content\/uploads\/2022\/05\/FB_IMG_1653933318337-640x427.jpg 640w, https:\/\/universiteactu.com\/wp-content\/uploads\/2022\/05\/FB_IMG_1653933318337-681x454.jpg 681w\" sizes=\"(max-width: 720px) 100vw, 720px\" \/><\/figure>\n\n\n\n<p>\u00a0Concernant le deuxi\u00e8me point \u00e0 l\u2019ordre du jour, notamment le Programme d\u00e9cennal de l\u2019\u00e9ducation en Guin\u00e9e (PRODEG), le conseiller principal, M. Soumah a inform\u00e9 que c\u2019est un programme o\u00f9 un fonds commun a \u00e9t\u00e9 mis en place pour les trois secteurs de l\u2019\u00e9ducation. Et, dans le cadre de l\u2019ETFP, l\u2019aspect le plus important est celui consacr\u00e9 aux r\u00e9formes des programmes de formation qui comprend six sous programmes.\u00a0Dans les d\u00e9tails, le service du BSD est largement revenu sur les six sous programmes, la proc\u00e9dure de validation des projets ainsi que le d\u00e9caissement des fonds.\u00a0Apr\u00e8s ces explications, il a \u00e9t\u00e9 demand\u00e9 au BSD de partager le programme \u00e0 tous les services pour une large information.\u00a0<\/p>\n\n\n\n<p>Dans les divers, la DRH, \u00e0 travers le SG, a d\u00e9plor\u00e9 le taux \u00e9lev\u00e9 d\u2019absent\u00e9isme des cadres depuis la d\u00e9localisation des services du d\u00e9partement. A cet effet, le SG a inform\u00e9 qu\u2019un cahier de contr\u00f4le est d\u00e9sormais ouvert pour noter les heures d\u2019arriv\u00e9e et de d\u00e9part de chaque cadre.\u00a0Enfin, le conseiller charg\u00e9 de l\u2019ETFP, M. BARRY Za\u00efnoul Abidine a fait un bref compte rendu de la mission qui s\u2019est rendue \u00e0 l\u2019int\u00e9rieur du pays du 08 au 24 Mai 2022 dans le cadre du Salon De l\u2019Orientation (SDO) en synergie d\u2019action avec le MESRSI et le MEPU-A. Un travail salu\u00e9 \u00e0 l\u2019unanimit\u00e9 par les membres du Cabinet.<\/p>\n\n\n\n<p>SCRP\/METFP<\/p>\n","protected":false},"excerpt":{"rendered":"<p>Pr\u00e9sid\u00e9 par le secr\u00e9taire g\u00e9n\u00e9ral, M. Youssouf Boundou SYLLA, le Cabinet du METFP s\u2019est r\u00e9uni ce lundi, 30 Mai 2022 autour de deux points inscrits \u00e0 l\u2019ordre du jour : point sur les pr\u00e9paratifs des examens de fin d\u2019ann\u00e9e et pr\u00e9sentation sommaire du PRODEG. \u00a0Dans son introduction, le secr\u00e9taire g\u00e9n\u00e9ral, M. Youssouf Boundou SYLLA, a [&hellip;]<\/p>\n","protected":false},"author":4,"featured_media":14893,"comment_status":"open","ping_status":"open","sticky":false,"template":"","format":"standard","meta":[],"categories":[12,2,15,14,16],"tags":[],"_links":{"self":[{"href":"https:\/\/universiteactu.com\/index.php?rest_route=\/wp\/v2\/posts\/14898"}],"collection":[{"href":"https:\/\/universiteactu.com\/index.php?rest_route=\/wp\/v2\/posts"}],"about":[{"href":"https:\/\/universiteactu.com\/index.php?rest_route=\/wp\/v2\/types\/post"}],"author":[{"embeddable":true,"href":"https:\/\/universiteactu.com\/index.php?rest_route=\/wp\/v2\/users\/4"}],"replies":[{"embeddable":true,"href":"https:\/\/universiteactu.com\/index.php?rest_route=%2Fwp%2Fv2%2Fcomments&post=14898"}],"version-history":[{"count":1,"href":"https:\/\/universiteactu.com\/index.php?rest_route=\/wp\/v2\/posts\/14898\/revisions"}],"predecessor-version":[{"id":14899,"href":"https:\/\/universiteactu.com\/index.php?rest_route=\/wp\/v2\/posts\/14898\/revisions\/14899"}],"wp:featuredmedia":[{"embeddable":true,"href":"https:\/\/universiteactu.com\/index.php?rest_route=\/wp\/v2\/media\/14893"}],"wp:attachment":[{"href":"https:\/\/universiteactu.com\/index.php?rest_route=%2Fwp%2Fv2%2Fmedia&parent=14898"}],"wp:term":[{"taxonomy":"category","embeddable":true,"href":"https:\/\/universiteactu.com\/index.php?rest_route=%2Fwp%2Fv2%2Fcategories&post=14898"},{"taxonomy":"post_tag","embeddable":true,"href":"https:\/\/universiteactu.com\/index.php?rest_route=%2Fwp%2Fv2%2Ftags&post=14898"}],"curies":[{"name":"wp","href":"https:\/\/api.w.org\/{rel}","templated":true}]}}