{"id":14115,"date":"2022-05-09T14:18:19","date_gmt":"2022-05-09T12:18:19","guid":{"rendered":"http:\/\/universiteactu.com\/?p=14115"},"modified":"2022-05-09T14:18:22","modified_gmt":"2022-05-09T12:18:22","slug":"concours-des-etudiants-en-journalisme-idiatou-bah-de-luniversite-kofi-annan-rafle-le-prix-reportage-tele","status":"publish","type":"post","link":"https:\/\/universiteactu.com\/?p=14115","title":{"rendered":"Concours des \u00c9tudiants en journalisme : Idiatou BAH (de l\u2019Universit\u00e9 Kofi Annan) rafle le Prix Reportage T\u00e9l\u00e9"},"content":{"rendered":"\n<p class=\"has-drop-cap\">A l\u2019occasion de la c\u00e9l\u00e9bration de la 14\u00e8me \u00e9dition de la journ\u00e9e mondiale de la libert\u00e9 de la presse, tenue du 4 au 7 mai 2022, l\u2019Universit\u00e9 Kofi Annan de Guin\u00e9e s\u2019est distingu\u00e9e par l\u2019obtention d\u2019un prix. Il s\u2019agit du prix reportage t\u00e9l\u00e9.<\/p>\n\n\n\n<p>C\u2019est un prestigieux prix que la premi\u00e8re universit\u00e9 priv\u00e9e de Guin\u00e9e, Kofi Annan, vient de d\u00e9crocher. Il s\u2019agit du prix reportage t\u00e9l\u00e9 que d\u00e9croche mademoiselle Idiatou BAH, \u00c9tudiante en Licence 3 journalisme.&nbsp;<\/p>\n\n\n\n<p>Selon les responsables de l\u2019Universit\u00e9, mademoiselle BAH a rafl\u00e9 le prix devant plusieurs autres candidats venus d\u2019autres Institutions d\u2019Enseignement Sup\u00e9rieur.<\/p>\n\n\n\n<p>Une occasion pour l\u2019Universit\u00e9 Kofi Annan de Guin\u00e9e (UKAG) de mettre en avant sa facult\u00e9 de lettres et sciences humaines, pr\u00e9cis\u00e9ment son d\u00e9partement de journalisme et communication.&nbsp;<\/p>\n\n\n\n<p>Ce prix a \u00e9t\u00e9 un motif de satisfaction pour les responsables de cette Universit\u00e9 qui ne cessent de d\u00e9ployer les moyens pour renforcer la qualit\u00e9 de l\u2019enseignement dans son institution.<\/p>\n\n\n\n<p>\u00c0 rappeler que cette comp\u00e9tition a \u00e9t\u00e9 organis\u00e9e par le minist\u00e8re de l\u2019Information et de la Communication en marge de la c\u00e9l\u00e9bration de la journ\u00e9e mondiale de la libert\u00e9 de la presse.<\/p>\n\n\n\n<p><strong>Transmis par le service de communication de l\u2019universit\u00e9 Kofi Annan<\/strong><\/p>\n","protected":false},"excerpt":{"rendered":"<p>A l\u2019occasion de la c\u00e9l\u00e9bration de la 14\u00e8me \u00e9dition de la journ\u00e9e mondiale de la libert\u00e9 de la presse, tenue du 4 au 7 mai 2022, l\u2019Universit\u00e9 Kofi Annan de Guin\u00e9e s\u2019est distingu\u00e9e par l\u2019obtention d\u2019un prix. Il s\u2019agit du prix reportage t\u00e9l\u00e9. C\u2019est un prestigieux prix que la premi\u00e8re universit\u00e9 priv\u00e9e de Guin\u00e9e, Kofi [&hellip;]<\/p>\n","protected":false},"author":4,"featured_media":14116,"comment_status":"open","ping_status":"open","sticky":false,"template":"","format":"standard","meta":[],"categories":[9,2,7,6,8],"tags":[],"_links":{"self":[{"href":"https:\/\/universiteactu.com\/index.php?rest_route=\/wp\/v2\/posts\/14115"}],"collection":[{"href":"https:\/\/universiteactu.com\/index.php?rest_route=\/wp\/v2\/posts"}],"about":[{"href":"https:\/\/universiteactu.com\/index.php?rest_route=\/wp\/v2\/types\/post"}],"author":[{"embeddable":true,"href":"https:\/\/universiteactu.com\/index.php?rest_route=\/wp\/v2\/users\/4"}],"replies":[{"embeddable":true,"href":"https:\/\/universiteactu.com\/index.php?rest_route=%2Fwp%2Fv2%2Fcomments&post=14115"}],"version-history":[{"count":1,"href":"https:\/\/universiteactu.com\/index.php?rest_route=\/wp\/v2\/posts\/14115\/revisions"}],"predecessor-version":[{"id":14117,"href":"https:\/\/universiteactu.com\/index.php?rest_route=\/wp\/v2\/posts\/14115\/revisions\/14117"}],"wp:featuredmedia":[{"embeddable":true,"href":"https:\/\/universiteactu.com\/index.php?rest_route=\/wp\/v2\/media\/14116"}],"wp:attachment":[{"href":"https:\/\/universiteactu.com\/index.php?rest_route=%2Fwp%2Fv2%2Fmedia&parent=14115"}],"wp:term":[{"taxonomy":"category","embeddable":true,"href":"https:\/\/universiteactu.com\/index.php?rest_route=%2Fwp%2Fv2%2Fcategories&post=14115"},{"taxonomy":"post_tag","embeddable":true,"href":"https:\/\/universiteactu.com\/index.php?rest_route=%2Fwp%2Fv2%2Ftags&post=14115"}],"curies":[{"name":"wp","href":"https:\/\/api.w.org\/{rel}","templated":true}]}}