{"id":13872,"date":"2022-04-26T11:52:32","date_gmt":"2022-04-26T09:52:32","guid":{"rendered":"http:\/\/universiteactu.com\/?p=13872"},"modified":"2022-04-26T11:53:31","modified_gmt":"2022-04-26T09:53:31","slug":"le-mot-dordre-greve-ignore-a-dixinn-les-enseignants-ont-repondu-a-100-dixit-mamady-konate-dce","status":"publish","type":"post","link":"https:\/\/universiteactu.com\/?p=13872","title":{"rendered":"Le mot d\u2019ordre gr\u00e8ve ignor\u00e9 \u00e0 Dixinn: \u00ab Les enseignants ont r\u00e9pondu \u00e0 100%&#8230;\u00bb, dixit Mamady KONATE, DCE"},"content":{"rendered":"\n<p class=\"has-drop-cap\">Le mot d\u2019ordre de gr\u00e8ve de l\u2019intersyndicale (SNE, FSPE et SLECG) n\u2019a pas \u00e9t\u00e9 suivi dans la commune de Dixinn. C\u2019est du moins ce qui ressort de nos constats fait dans plusieurs \u00e9coles.<\/p>\n\n\n\n<p>A l\u2019\u00c9cole Primaire Amical Cabral de Dixinn 15 sur 17 Enseignants \u00e9taient pr\u00e9sents.<\/p>\n\n\n\n<figure class=\"wp-block-image size-large\"><img decoding=\"async\" loading=\"lazy\" width=\"1024\" height=\"863\" src=\"http:\/\/universiteactu.com\/wp-content\/uploads\/2022\/04\/20220425_095417413-1024x863.jpg\" alt=\"\" class=\"wp-image-13844\" srcset=\"https:\/\/universiteactu.com\/wp-content\/uploads\/2022\/04\/20220425_095417413-1024x863.jpg 1024w, https:\/\/universiteactu.com\/wp-content\/uploads\/2022\/04\/20220425_095417413-300x253.jpg 300w, https:\/\/universiteactu.com\/wp-content\/uploads\/2022\/04\/20220425_095417413-768x647.jpg 768w, https:\/\/universiteactu.com\/wp-content\/uploads\/2022\/04\/20220425_095417413-1536x1294.jpg 1536w, https:\/\/universiteactu.com\/wp-content\/uploads\/2022\/04\/20220425_095417413-2048x1725.jpg 2048w, https:\/\/universiteactu.com\/wp-content\/uploads\/2022\/04\/20220425_095417413-499x420.jpg 499w, https:\/\/universiteactu.com\/wp-content\/uploads\/2022\/04\/20220425_095417413-640x539.jpg 640w, https:\/\/universiteactu.com\/wp-content\/uploads\/2022\/04\/20220425_095417413-681x574.jpg 681w\" sizes=\"(max-width: 1024px) 100vw, 1024px\" \/><\/figure>\n\n\n\n<p> <strong><em>\u00ab A mon niveau, je remercie DIEU tout va bien, parce que les enseignants ont r\u00e9pondu \u00e0 90%. Donc sur 17 groupes p\u00e9dagogiques, nous avons 15 enseignants pr\u00e9sents. Les deux autres il y a une qui est malade et l\u2019autre je ne sais pas la cause \u00bb,<\/em><\/strong> indique le Directeur Sory ZOUMANIGUI, tout en soulignant qu\u2019il a d\u00e9j\u00e0 des rempla\u00e7ants. <strong><em>\u00ab J\u2019ai environ 6 \u00e9l\u00e9ments au niveau de l\u2019encadrement. Chaque fois qu\u2019il y a un absent, je d\u00e9p\u00eache un dans chaque classe pour le suivi des \u00e9l\u00e8ves. C\u2019est l\u2019importance de l\u2019encadrement \u00bb.<\/em><\/strong><\/p>\n\n\n\n<figure class=\"wp-block-image size-large\"><img decoding=\"async\" loading=\"lazy\" width=\"947\" height=\"1024\" src=\"http:\/\/universiteactu.com\/wp-content\/uploads\/2022\/04\/20220425_103119375-947x1024.jpg\" alt=\"\" class=\"wp-image-13847\" srcset=\"https:\/\/universiteactu.com\/wp-content\/uploads\/2022\/04\/20220425_103119375-947x1024.jpg 947w, https:\/\/universiteactu.com\/wp-content\/uploads\/2022\/04\/20220425_103119375-277x300.jpg 277w, https:\/\/universiteactu.com\/wp-content\/uploads\/2022\/04\/20220425_103119375-768x831.jpg 768w, https:\/\/universiteactu.com\/wp-content\/uploads\/2022\/04\/20220425_103119375-1420x1536.jpg 1420w, https:\/\/universiteactu.com\/wp-content\/uploads\/2022\/04\/20220425_103119375-388x420.jpg 388w, https:\/\/universiteactu.com\/wp-content\/uploads\/2022\/04\/20220425_103119375-640x692.jpg 640w, https:\/\/universiteactu.com\/wp-content\/uploads\/2022\/04\/20220425_103119375-681x737.jpg 681w, https:\/\/universiteactu.com\/wp-content\/uploads\/2022\/04\/20220425_103119375.jpg 1716w\" sizes=\"(max-width: 947px) 100vw, 947px\" \/><\/figure>\n\n\n\n<p>Par ailleurs Sory ZOUMANIGUI  livre un message aux gr\u00e9vistes : \u00ab<strong><em> Je m\u2019adresse aux syndicalistes ; vous savez chacun de nous a des enfants et nous devons avoir la conscience professionnelle. Il est normal de r\u00e9clamer son droit, mais il faut penser \u00e0 l\u2019avenir des futurs cadres<br>qui demain doivent nous remplacer. Donc la seule solution \u00e0 ce<br>probl\u00e8me, je pense que c\u2019est la table. Il faut s\u2019assoir en discuter et<br>trouver une solution fiable. Mais dire qu\u2019il faut forcement suivre la<br>gr\u00e8ve \u00e7a va jouer surtout que nous tendons vers la fin de l\u2019ann\u00e9e<br>scolaire. Les syndicalistes doivent mettre un peu de l\u2019eau dans leur<br>vin pour penser \u00e0 l\u2019avenir des enfants avec le temps la solution sera<br>trouv\u00e9 avec le gouvernement \u00bb.<\/em><\/strong><\/p>\n\n\n\n<figure class=\"wp-block-image size-large\"><img decoding=\"async\" loading=\"lazy\" width=\"1024\" height=\"457\" src=\"http:\/\/universiteactu.com\/wp-content\/uploads\/2022\/04\/20220425_110911926-1024x457.jpg\" alt=\"\" class=\"wp-image-13848\" srcset=\"https:\/\/universiteactu.com\/wp-content\/uploads\/2022\/04\/20220425_110911926-1024x457.jpg 1024w, https:\/\/universiteactu.com\/wp-content\/uploads\/2022\/04\/20220425_110911926-300x134.jpg 300w, https:\/\/universiteactu.com\/wp-content\/uploads\/2022\/04\/20220425_110911926-768x343.jpg 768w, https:\/\/universiteactu.com\/wp-content\/uploads\/2022\/04\/20220425_110911926-1536x685.jpg 1536w, https:\/\/universiteactu.com\/wp-content\/uploads\/2022\/04\/20220425_110911926-2048x914.jpg 2048w, https:\/\/universiteactu.com\/wp-content\/uploads\/2022\/04\/20220425_110911926-941x420.jpg 941w, https:\/\/universiteactu.com\/wp-content\/uploads\/2022\/04\/20220425_110911926-640x286.jpg 640w, https:\/\/universiteactu.com\/wp-content\/uploads\/2022\/04\/20220425_110911926-681x304.jpg 681w\" sizes=\"(max-width: 1024px) 100vw, 1024px\" \/><\/figure>\n\n\n\n<p>Pour le Directeur communal de l\u2019\u00e9ducation de Dixinn, aucun probl\u00e8me n\u2019a \u00e9t\u00e9 signal\u00e9 dans sa zone en cette premi\u00e8re journ\u00e9e de gr\u00e8ve.<\/p>\n\n\n\n<figure class=\"wp-block-image size-large\"><img decoding=\"async\" loading=\"lazy\" width=\"1024\" height=\"457\" src=\"http:\/\/universiteactu.com\/wp-content\/uploads\/2022\/04\/20220425_095102283-1024x457.jpg\" alt=\"\" class=\"wp-image-13846\" srcset=\"https:\/\/universiteactu.com\/wp-content\/uploads\/2022\/04\/20220425_095102283-1024x457.jpg 1024w, https:\/\/universiteactu.com\/wp-content\/uploads\/2022\/04\/20220425_095102283-300x134.jpg 300w, https:\/\/universiteactu.com\/wp-content\/uploads\/2022\/04\/20220425_095102283-768x343.jpg 768w, https:\/\/universiteactu.com\/wp-content\/uploads\/2022\/04\/20220425_095102283-1536x685.jpg 1536w, https:\/\/universiteactu.com\/wp-content\/uploads\/2022\/04\/20220425_095102283-2048x914.jpg 2048w, https:\/\/universiteactu.com\/wp-content\/uploads\/2022\/04\/20220425_095102283-941x420.jpg 941w, https:\/\/universiteactu.com\/wp-content\/uploads\/2022\/04\/20220425_095102283-640x286.jpg 640w, https:\/\/universiteactu.com\/wp-content\/uploads\/2022\/04\/20220425_095102283-681x304.jpg 681w\" sizes=\"(max-width: 1024px) 100vw, 1024px\" \/><\/figure>\n\n\n\n<figure class=\"wp-block-image size-large\"><img decoding=\"async\" loading=\"lazy\" width=\"1024\" height=\"643\" src=\"http:\/\/universiteactu.com\/wp-content\/uploads\/2022\/04\/20220425_094809707-1024x643.jpg\" alt=\"\" class=\"wp-image-13843\" srcset=\"https:\/\/universiteactu.com\/wp-content\/uploads\/2022\/04\/20220425_094809707-1024x643.jpg 1024w, https:\/\/universiteactu.com\/wp-content\/uploads\/2022\/04\/20220425_094809707-300x188.jpg 300w, https:\/\/universiteactu.com\/wp-content\/uploads\/2022\/04\/20220425_094809707-768x482.jpg 768w, https:\/\/universiteactu.com\/wp-content\/uploads\/2022\/04\/20220425_094809707-1536x964.jpg 1536w, https:\/\/universiteactu.com\/wp-content\/uploads\/2022\/04\/20220425_094809707-2048x1286.jpg 2048w, https:\/\/universiteactu.com\/wp-content\/uploads\/2022\/04\/20220425_094809707-669x420.jpg 669w, https:\/\/universiteactu.com\/wp-content\/uploads\/2022\/04\/20220425_094809707-640x402.jpg 640w, https:\/\/universiteactu.com\/wp-content\/uploads\/2022\/04\/20220425_094809707-681x428.jpg 681w\" sizes=\"(max-width: 1024px) 100vw, 1024px\" \/><\/figure>\n\n\n\n<p> <strong><em>\u00ab On a visit\u00e9 les \u00e9coles comme pr\u00e9vu. On a vu que la mobilisation est grande. Les enseignants ont r\u00e9pondu \u00e0 100%, les \u00e9l\u00e8ves aussi \u00e0 100%. Vraiment dans les \u00e9coles visit\u00e9es il n\u2019y a pas de probl\u00e8me\u2026 Avec les<\/em><\/strong> <strong><em>collaborateurs de service et avec les enseignants on a pass\u00e9 l\u2019information, on a sensibilis\u00e9 la main dans la main. C\u2019est quelque<\/em><\/strong> <strong><em>chose qu\u2019on a conjugu\u00e9 ensemble et voil\u00e0 le r\u00e9sultat ce matin. Les<br>enseignants sont venus massivement. On les a sensibilis\u00e9. Il faut<br>qu\u2019ils pensent \u00e0 l\u2019avenir des enfants surtout que nous sommes \u00e0 l\u2019or\u00e9e<br>des examens \u00bb, <\/em><\/strong>mart\u00e8le Mamady KONATE, avant de lancer un appel aux<br>parents d\u2019\u00c9l\u00e8ves : <strong><em>\u00ab Nous appelons les parents d\u2019\u00e9l\u00e8ves de laisser les<br>enfants venir massivement parce que bient\u00f4t les examens. Notre<br>objectif maintenant l\u00e0 ce sont les examens et il faut se pr\u00e9parer<br>l\u2019absence ne sert rien. Nous on les rassure que dans nos concessions<br>scolaires il y aura cours, il n\u2019y aura pas de probl\u00e8me \u00bb.<\/em><\/strong><\/p>\n\n\n\n<figure class=\"wp-block-image size-large\"><img decoding=\"async\" loading=\"lazy\" width=\"720\" height=\"405\" src=\"http:\/\/universiteactu.com\/wp-content\/uploads\/2022\/04\/IMG-20220426-WA0013.jpg\" alt=\"\" class=\"wp-image-13868\" srcset=\"https:\/\/universiteactu.com\/wp-content\/uploads\/2022\/04\/IMG-20220426-WA0013.jpg 720w, https:\/\/universiteactu.com\/wp-content\/uploads\/2022\/04\/IMG-20220426-WA0013-300x169.jpg 300w, https:\/\/universiteactu.com\/wp-content\/uploads\/2022\/04\/IMG-20220426-WA0013-640x360.jpg 640w, https:\/\/universiteactu.com\/wp-content\/uploads\/2022\/04\/IMG-20220426-WA0013-681x383.jpg 681w\" sizes=\"(max-width: 720px) 100vw, 720px\" \/><\/figure>\n\n\n\n<figure class=\"wp-block-image size-large\"><img decoding=\"async\" loading=\"lazy\" width=\"1024\" height=\"457\" src=\"http:\/\/universiteactu.com\/wp-content\/uploads\/2022\/04\/20220425_113239883-1024x457.jpg\" alt=\"\" class=\"wp-image-13840\" srcset=\"https:\/\/universiteactu.com\/wp-content\/uploads\/2022\/04\/20220425_113239883-1024x457.jpg 1024w, https:\/\/universiteactu.com\/wp-content\/uploads\/2022\/04\/20220425_113239883-300x134.jpg 300w, https:\/\/universiteactu.com\/wp-content\/uploads\/2022\/04\/20220425_113239883-768x343.jpg 768w, https:\/\/universiteactu.com\/wp-content\/uploads\/2022\/04\/20220425_113239883-1536x685.jpg 1536w, https:\/\/universiteactu.com\/wp-content\/uploads\/2022\/04\/20220425_113239883-2048x914.jpg 2048w, https:\/\/universiteactu.com\/wp-content\/uploads\/2022\/04\/20220425_113239883-941x420.jpg 941w, https:\/\/universiteactu.com\/wp-content\/uploads\/2022\/04\/20220425_113239883-640x286.jpg 640w, https:\/\/universiteactu.com\/wp-content\/uploads\/2022\/04\/20220425_113239883-681x304.jpg 681w\" sizes=\"(max-width: 1024px) 100vw, 1024px\" \/><\/figure>\n\n\n\n<p id=\"block-7b08c76f-f4be-4356-b35d-e719ff028a31\"><strong><em>\u00ab Nous appelons les parents d\u2019\u00e9l\u00e8ves de laisser les enfants venir massivement parce que bient\u00f4t les examens. Notre objectif maintenant l\u00e0 ce sont les examens et il faut se pr\u00e9parer l\u2019absence ne sert rien. Nous on les rassure que dans nos concessions scolaires il y aura cours, il n\u2019y aura pas de probl\u00e8me \u00bb.<\/em><\/strong><\/p>\n","protected":false},"excerpt":{"rendered":"<p>Le mot d\u2019ordre de gr\u00e8ve de l\u2019intersyndicale (SNE, FSPE et SLECG) n\u2019a pas \u00e9t\u00e9 suivi dans la commune de Dixinn. C\u2019est du moins ce qui ressort de nos constats fait dans plusieurs \u00e9coles. A l\u2019\u00c9cole Primaire Amical Cabral de Dixinn 15 sur 17 Enseignants \u00e9taient pr\u00e9sents. \u00ab A mon niveau, je remercie DIEU tout va [&hellip;]<\/p>\n","protected":false},"author":4,"featured_media":13839,"comment_status":"open","ping_status":"open","sticky":false,"template":"","format":"standard","meta":[],"categories":[23,2,24,21,22],"tags":[],"_links":{"self":[{"href":"https:\/\/universiteactu.com\/index.php?rest_route=\/wp\/v2\/posts\/13872"}],"collection":[{"href":"https:\/\/universiteactu.com\/index.php?rest_route=\/wp\/v2\/posts"}],"about":[{"href":"https:\/\/universiteactu.com\/index.php?rest_route=\/wp\/v2\/types\/post"}],"author":[{"embeddable":true,"href":"https:\/\/universiteactu.com\/index.php?rest_route=\/wp\/v2\/users\/4"}],"replies":[{"embeddable":true,"href":"https:\/\/universiteactu.com\/index.php?rest_route=%2Fwp%2Fv2%2Fcomments&post=13872"}],"version-history":[{"count":1,"href":"https:\/\/universiteactu.com\/index.php?rest_route=\/wp\/v2\/posts\/13872\/revisions"}],"predecessor-version":[{"id":13873,"href":"https:\/\/universiteactu.com\/index.php?rest_route=\/wp\/v2\/posts\/13872\/revisions\/13873"}],"wp:featuredmedia":[{"embeddable":true,"href":"https:\/\/universiteactu.com\/index.php?rest_route=\/wp\/v2\/media\/13839"}],"wp:attachment":[{"href":"https:\/\/universiteactu.com\/index.php?rest_route=%2Fwp%2Fv2%2Fmedia&parent=13872"}],"wp:term":[{"taxonomy":"category","embeddable":true,"href":"https:\/\/universiteactu.com\/index.php?rest_route=%2Fwp%2Fv2%2Fcategories&post=13872"},{"taxonomy":"post_tag","embeddable":true,"href":"https:\/\/universiteactu.com\/index.php?rest_route=%2Fwp%2Fv2%2Ftags&post=13872"}],"curies":[{"name":"wp","href":"https:\/\/api.w.org\/{rel}","templated":true}]}}