{"id":13631,"date":"2022-04-15T17:30:44","date_gmt":"2022-04-15T15:30:44","guid":{"rendered":"http:\/\/universiteactu.com\/?p=13631"},"modified":"2022-04-15T17:35:24","modified_gmt":"2022-04-15T15:35:24","slug":"education-le-mepu-a-prend-la-tete-de-comite-interministeriel-de-pilotage-et-de-coordination","status":"publish","type":"post","link":"https:\/\/universiteactu.com\/?p=13631","title":{"rendered":"\u00c9ducation\/MEPU-A: Le ministre Guillaume HAWING prend la t\u00eate de comit\u00e9 interminist\u00e9riel de pilotage et de coordination"},"content":{"rendered":"\n<p class=\"has-drop-cap\">Le Ministre de l&rsquo;Enseignement Pr\u00e9-Universitaire et de l&rsquo;Alphab\u00e9tisation est le nouveau pr\u00e9sident du Comit\u00e9 Interminist\u00e9riel de Pilotage et de Coordination CIPC. Guillaume HAWING remplace dans cette&nbsp; fonction sa coll\u00e8gue de l&rsquo;Enseignement Sup\u00e9rieur Pr\u00e9sidente sortante. La passation de service a eu ce vendredi 15 avril 2022 \u00e0 Conakry.&nbsp;<\/p>\n\n\n\n<p>Ci-dessous, le discours du nouveau pr\u00e9sident du CIPC.<\/p>\n\n\n\n<p>Je voudrais avant tout f\u00e9liciter Madame la Ministre de l&rsquo;Enseignement sup\u00e9rieur, de la Recherche scientifique et de l&rsquo;Innovation, Docteur Diaka SIDIB\u00c9, pour avoir assur\u00e9 avec diligence, professionnalisme et convivialit\u00e9, la Pr\u00e9sidence du comit\u00e9 interminist\u00e9riel de pilotage et de coordination (CIPC).<\/p>\n\n\n\n<figure class=\"wp-block-image size-large\"><img decoding=\"async\" loading=\"lazy\" width=\"720\" height=\"383\" src=\"http:\/\/universiteactu.com\/wp-content\/uploads\/2022\/04\/FB_IMG_1650035784807.jpg\" alt=\"\" class=\"wp-image-13630\" srcset=\"https:\/\/universiteactu.com\/wp-content\/uploads\/2022\/04\/FB_IMG_1650035784807.jpg 720w, https:\/\/universiteactu.com\/wp-content\/uploads\/2022\/04\/FB_IMG_1650035784807-300x160.jpg 300w, https:\/\/universiteactu.com\/wp-content\/uploads\/2022\/04\/FB_IMG_1650035784807-640x340.jpg 640w, https:\/\/universiteactu.com\/wp-content\/uploads\/2022\/04\/FB_IMG_1650035784807-681x362.jpg 681w\" sizes=\"(max-width: 720px) 100vw, 720px\" \/><\/figure>\n\n\n\n<p>Ainsi, ma dynamique est de m&rsquo;inscrire dans une logique de continuit\u00e9 et de disponibilit\u00e9 afin de mettre en corr\u00e9lation, les interventions des cadres du syst\u00e8me, des partenaires techniques et financiers, des partenaires sociaux, bi ou multilat\u00e9raux, pour conjuguer nos efforts dans le but d&rsquo;atteindre les r\u00e9sultats du ProDEG. Ce dynamisme se manifeste \u00e9galement par l&rsquo;int\u00e9r\u00eat que Monsieur le Pr\u00e9sident de la transition, le Colonel Mamadi DOUMBOUYA, Pr\u00e9sident de la R\u00e9publique, Chef supr\u00eame des arm\u00e9es, accorde au Secteur de l&rsquo;Education et de la Formation. <\/p>\n\n\n\n<figure class=\"wp-block-image size-large\"><img decoding=\"async\" loading=\"lazy\" width=\"720\" height=\"383\" src=\"http:\/\/universiteactu.com\/wp-content\/uploads\/2022\/04\/FB_IMG_1650035784807.jpg\" alt=\"\" class=\"wp-image-13630\" srcset=\"https:\/\/universiteactu.com\/wp-content\/uploads\/2022\/04\/FB_IMG_1650035784807.jpg 720w, https:\/\/universiteactu.com\/wp-content\/uploads\/2022\/04\/FB_IMG_1650035784807-300x160.jpg 300w, https:\/\/universiteactu.com\/wp-content\/uploads\/2022\/04\/FB_IMG_1650035784807-640x340.jpg 640w, https:\/\/universiteactu.com\/wp-content\/uploads\/2022\/04\/FB_IMG_1650035784807-681x362.jpg 681w\" sizes=\"(max-width: 720px) 100vw, 720px\" \/><\/figure>\n\n\n\n<p>Le parcours est tr\u00e8s long et plein d&rsquo;obstacles pour atteindre les r\u00e9sultats escompt\u00e9s.&nbsp;Le concours de chacun des acteurs du syst\u00e8me devra permettre de surmonter l&rsquo;ensemble des maux qui affectent notre syst\u00e8me \u00e9ducatif.<\/p>\n\n\n\n<p>Vive le Pr\u00e9sident de la Transition !Vive l&rsquo;\u00e9cole guin\u00e9enne !Vive la coop\u00e9ration internationale !<\/p>\n\n\n\n<p>SCRP\/MEPUA<\/p>\n","protected":false},"excerpt":{"rendered":"<p>Le Ministre de l&rsquo;Enseignement Pr\u00e9-Universitaire et de l&rsquo;Alphab\u00e9tisation est le nouveau pr\u00e9sident du Comit\u00e9 Interminist\u00e9riel de Pilotage et de Coordination CIPC. Guillaume HAWING remplace dans cette&nbsp; fonction sa coll\u00e8gue de l&rsquo;Enseignement Sup\u00e9rieur Pr\u00e9sidente sortante. La passation de service a eu ce vendredi 15 avril 2022 \u00e0 Conakry.&nbsp; Ci-dessous, le discours du nouveau pr\u00e9sident du CIPC. [&hellip;]<\/p>\n","protected":false},"author":4,"featured_media":13628,"comment_status":"open","ping_status":"open","sticky":false,"template":"","format":"standard","meta":[],"categories":[12,2,21,6],"tags":[],"_links":{"self":[{"href":"https:\/\/universiteactu.com\/index.php?rest_route=\/wp\/v2\/posts\/13631"}],"collection":[{"href":"https:\/\/universiteactu.com\/index.php?rest_route=\/wp\/v2\/posts"}],"about":[{"href":"https:\/\/universiteactu.com\/index.php?rest_route=\/wp\/v2\/types\/post"}],"author":[{"embeddable":true,"href":"https:\/\/universiteactu.com\/index.php?rest_route=\/wp\/v2\/users\/4"}],"replies":[{"embeddable":true,"href":"https:\/\/universiteactu.com\/index.php?rest_route=%2Fwp%2Fv2%2Fcomments&post=13631"}],"version-history":[{"count":3,"href":"https:\/\/universiteactu.com\/index.php?rest_route=\/wp\/v2\/posts\/13631\/revisions"}],"predecessor-version":[{"id":13634,"href":"https:\/\/universiteactu.com\/index.php?rest_route=\/wp\/v2\/posts\/13631\/revisions\/13634"}],"wp:featuredmedia":[{"embeddable":true,"href":"https:\/\/universiteactu.com\/index.php?rest_route=\/wp\/v2\/media\/13628"}],"wp:attachment":[{"href":"https:\/\/universiteactu.com\/index.php?rest_route=%2Fwp%2Fv2%2Fmedia&parent=13631"}],"wp:term":[{"taxonomy":"category","embeddable":true,"href":"https:\/\/universiteactu.com\/index.php?rest_route=%2Fwp%2Fv2%2Fcategories&post=13631"},{"taxonomy":"post_tag","embeddable":true,"href":"https:\/\/universiteactu.com\/index.php?rest_route=%2Fwp%2Fv2%2Ftags&post=13631"}],"curies":[{"name":"wp","href":"https:\/\/api.w.org\/{rel}","templated":true}]}}